{"id":1167457,"date":"2026-09-04T19:17:18","date_gmt":"2026-09-04T19:17:18","guid":{"rendered":"https:\/\/www.europesays.com\/fr\/1167457\/"},"modified":"2026-09-04T19:17:18","modified_gmt":"2026-09-04T19:17:18","slug":"quinte-du-samedi-5-septembre-2026-a-vincennes-les-pronostics","status":"publish","type":"post","link":"https:\/\/www.europesays.com\/fr\/1167457\/","title":{"rendered":"Quint\u00e9 du samedi 5 septembre 2026 \u00e0 Vincennes : les pronostics"},"content":{"rendered":"<p class=\"article-p mdl\">Retrouvez les pronostics de Dominique Cordier pour le Quint\u00e9 samedi 5 septembre 2026 \u00e0 Vincennes, le Prix du Mont-Saint-Michel. <strong>D\u00e9part \u00e0 15h15. 14 partants. Trot attel\u00e9. <\/strong>2.700 m\u00e8tres. Grande piste. Trotteurs de 7 \u00e0 11 ans.<\/p>\n<p class=\"article-p mdl\">Sept chevaux dans la s\u00e9lection est beaucoup de regrets&#8230; Mais la vie est une question de choix, souhaitons-nous d\u2019avoir fait les bons.<\/p>\n<p class=\"article-p mdl\">Le<strong> 7 Jolivert du Gers <\/strong>a \u00e9videmment la pointure d\u2019une course de ce genre, ce qui est \u00e9galement le cas, au plafond des gains, du <strong>14 Jacomo Bello<\/strong>. Le <strong>9 Jour de F\u00eate<\/strong> valant mieux que ce qu\u2019il montre ces derniers temps, il sera rachet\u00e9 des deux mains.<\/p>\n<p class=\"article-p mdl\">Quant \u00e0 la candidature du <strong>11 Jojo Toonos<\/strong>, elle vaut surtout pour la drive de Benjamin Rochard. Car ses comportements r\u00e9cents ne tirent pas l\u2019argent de la poche, c\u2019est peu dire.<\/p>\n<p class=\"article-p mdl\">L\u2019outsider de RTL, le<strong> 8 I Still Loving You<\/strong>, est en retard de gains, du fait d\u2019une interruption de carri\u00e8re volontaire de huit mois l\u2019an pass\u00e9. En fait, ce fils de Prince G\u00e9d\u00e9 ne voulait plus se livrer, \u00e9tant annonc\u00e9 perdu pour la comp\u00e9tition. Ce break lui ayant redonn\u00e9 l\u2019envie, il rattrape le temps perdu au fil de ses courses. On le v\u00e9rifiera encore ici&#8230;<\/p>\n<p>            Les pronostics<\/p>\n<p class=\"article-p mdl\">7. Jolivert du Gers<br \/>14. Jacomo Bello<br \/>9. Jour de F\u00eate<br \/>11. Jojo Toons<br \/>8. I Still Loving You<br \/>3. Jipet de Cr\u00e9pin<br \/>10. Jizou d\u2019Etang<\/p>\n<p>            L&rsquo;Outsider de RTL<\/p>\n<p class=\"article-p mdl\">8. I Still Loving You<\/p>\n<p>            R\u00e9sultats du jeudi 3 septembre 2026 \u00e0 Longchamp<\/p>\n<p class=\"article-p mdl\">Le favori de RTL est un 4e tr\u00e8s d\u00e9cevant, l\u2019outsider de RTL termine 7e.<\/p>\n<p>    La r\u00e9daction vous recommande<\/p>\n<p class=\"s-newsletter__title\">\n                L\u2019actualit\u00e9 par la r\u00e9daction de RTL dans votre bo\u00eete mail.\n            <\/p>\n<p class=\"s-newsletter__subtitle\">\n                Gr\u00e2ce \u00e0 votre compte RTL abonnez-vous \u00e0 la newsletter RTL info pour suivre toute l&rsquo;actualit\u00e9 au quotidien\n            <\/p>\n<p>\n                                    Lire la suite\n                                <\/p>\n<p class=\"article-google-preferred__title\">Ne laissez pas Google d\u00e9cider de vos sources.<\/p>\n<p>    <a href=\"https:\/\/www.google.com\/preferences\/source?q=https:\/\/www.rtl.fr\" target=\"_blank\" rel=\"noopener noreferrer nofollow\" class=\"article-google-preferred__btn at-class\" data-at-event=\"action\" data-at-category=\"actualite\" data-at-chapter1=\"pied_article\" data-at-chapter2=\"sport_autres_sports\" data-at-click=\"favori_google\">Ajouter RTL comme source pr\u00e9f\u00e9r\u00e9e<\/a><\/p>\n","protected":false},"excerpt":{"rendered":"Retrouvez les pronostics de Dominique Cordier pour le Quint\u00e9 samedi 5 septembre 2026 \u00e0 Vincennes, le Prix du&hellip;\n","protected":false},"author":2,"featured_media":1143913,"comment_status":"","ping_status":"","sticky":false,"template":"","format":"standard","meta":{"footnotes":"","_share_on_mastodon":"0"},"categories":[1888],"tags":[11,898,2622,1777,674,107,2619,1011,27,12,626,2623,25],"class_list":["post-1167457","post","type-post","status-publish","format-standard","has-post-thumbnail","category-paris","tag-actualites","tag-alerte","tag-courses","tag-eu","tag-europe","tag-fil-info","tag-fil-sport","tag-fr","tag-france","tag-news","tag-paris","tag-quinte","tag-republique-francaise"],"share_on_mastodon":{"url":"https:\/\/pubeurope.com\/@fr\/117214383007579222","error":""},"_links":{"self":[{"href":"https:\/\/www.europesays.com\/fr\/wp-json\/wp\/v2\/posts\/1167457","targetHints":{"allow":["GET"]}}],"collection":[{"href":"https:\/\/www.europesays.com\/fr\/wp-json\/wp\/v2\/posts"}],"about":[{"href":"https:\/\/www.europesays.com\/fr\/wp-json\/wp\/v2\/types\/post"}],"author":[{"embeddable":true,"href":"https:\/\/www.europesays.com\/fr\/wp-json\/wp\/v2\/users\/2"}],"replies":[{"embeddable":true,"href":"https:\/\/www.europesays.com\/fr\/wp-json\/wp\/v2\/comments?post=1167457"}],"version-history":[{"count":0,"href":"https:\/\/www.europesays.com\/fr\/wp-json\/wp\/v2\/posts\/1167457\/revisions"}],"wp:featuredmedia":[{"embeddable":true,"href":"https:\/\/www.europesays.com\/fr\/wp-json\/wp\/v2\/media\/1143913"}],"wp:attachment":[{"href":"https:\/\/www.europesays.com\/fr\/wp-json\/wp\/v2\/media?parent=1167457"}],"wp:term":[{"taxonomy":"category","embeddable":true,"href":"https:\/\/www.europesays.com\/fr\/wp-json\/wp\/v2\/categories?post=1167457"},{"taxonomy":"post_tag","embeddable":true,"href":"https:\/\/www.europesays.com\/fr\/wp-json\/wp\/v2\/tags?post=1167457"}],"curies":[{"name":"wp","href":"https:\/\/api.w.org\/{rel}","templated":true}]}}