{"id":1167462,"date":"2026-09-04T19:20:19","date_gmt":"2026-09-04T19:20:19","guid":{"rendered":"https:\/\/www.europesays.com\/fr\/1167462\/"},"modified":"2026-09-04T19:20:19","modified_gmt":"2026-09-04T19:20:19","slug":"ukraine-moscou-frappe-les-services-de-securite-allemagne-lafd-aux-portes-du-pouvoir-en-saxe-anhalt-france-1-milliard-deuros-pour-lagriculture-journal-en-francais-facile-francais-facil","status":"publish","type":"post","link":"https:\/\/www.europesays.com\/fr\/1167462\/","title":{"rendered":"Ukraine: Moscou frappe les services de s\u00e9curit\u00e9 \/ Allemagne: l&rsquo;AFD aux portes du pouvoir en Saxe-Anhalt \/ France: 1 milliard d&rsquo;euros pour l&rsquo;agriculture&#8230; &#8211; Journal en fran\u00e7ais facile &#8211; Fran\u00e7ais Facile"},"content":{"rendered":"<p>\n                        Merci  d&rsquo;\u00e9couter  RFI.  Il  est  18  heures \u00e0  Paris,  une heure de  plus  \u00e0  Kiev,  16  heures en  temps  universel.                      <\/p>\n<p>\n                        Le  Journal en  fran\u00e7ais  facile.                      <\/p>\n<p>\n                        Diane Berger.                      <\/p>\n<p>\n                        La  Russie  a, de  nouveau, attaqu\u00e9  Kiev,  la  capitale  ukrainienne,  cet  apr\u00e8s-midi. Et, cette  fois-ci, sa  cible  n&rsquo;est  pas  n&rsquo;importe  quel  b\u00e2timent : un drone  a  touch\u00e9  le  bureau  du  chef  des  services  de  s\u00e9curit\u00e9  ukrainiens.                     <\/p>\n<p>\n                        J-2 avant  des  \u00e9lections surveill\u00e9es de  pr\u00e8s  en  Allemagne,  dans  la  r\u00e9gion  de  Saxe-Anhalt. Le  parti  d&rsquo;extr\u00eame droite AFD  pourrait  y  gagner  le  pouvoir  et  les  habitants  d&rsquo;origine  \u00e9trang\u00e8re  y  sont  inquiets.  Reportage  dans  quelques  instants.                     <\/p>\n<p>\n                        Et des champs  jaunes, ravag\u00e9s  par  la  s\u00e9cheresse, des  animaux  d&rsquo;\u00e9levage  qui  ont  souffert  de  la  chaleur : l&rsquo;\u00e9t\u00e9 a  \u00e9t\u00e9  rude  pour  de  tr\u00e8s  nombreux  agriculteurs  fran\u00e7ais.  Le  gouvernement  lance  un  grand  plan  d&rsquo;aide  de 1 milliard  d&rsquo;euros.                      <\/p>\n<p>\n                        On  commence, donc, ce  Journal en  fran\u00e7ais  facile  avec  cette  attaque  russe en Ukraine. Un drone  a  touch\u00e9  le  QG  du  service  de  s\u00e9curit\u00e9  ukrainien  \u00e0  Kiev, cet apr\u00e8s-midi. Bonjour, M\u00e9lissa  Barra.                     <\/p>\n<p>\n                        Bonjour.                     <\/p>\n<p>\n                        M\u00eame  apr\u00e8s  plus  de  quatre  ans  de  guerre  \u00e0  grande  \u00e9chelle  de  la  Russie  contre  l&rsquo;Ukraine,  l&rsquo;arm\u00e9e  russe  touche  rarement  un  b\u00e2timent  gouvernemental.  Et  celui  qui  a  \u00e9t\u00e9  cibl\u00e9  aujourd&rsquo;hui,  c&rsquo;est  le  centre  des  op\u00e9rations  sp\u00e9ciales  que  Kiev  m\u00e8ne  contre  Moscou.                      <\/p>\n<p>\n                        Le  chef  du  service  de  s\u00e9curit\u00e9  ukrainien,  Oleksandr Poklad, \u00e9tait  vis\u00e9  par  un  drone  russe.  C&rsquo;est  ce  qu&rsquo;a  affirm\u00e9  sur  le  r\u00e9seau  Telegram  le  pr\u00e9sident, Volodymyr  Zelensky.  Selon  les  m\u00e9dias  ukrainiens, Oleksandr Poklad ne  se  trouvait  pas  \u00e0  son  bureau  au  moment  de  l&rsquo;attaque, survenue en  plein apr\u00e8s-midi. On  ne  sait  pas, \u00e0  ce  stade,  si, parmi  les  sept  bless\u00e9s, se  trouvent  d&rsquo;autres  membres  du  SBU \u2013 la centrale  de  contre-intelligence \u2013, situ\u00e9e  dans  le  centre  de  Kiev. Depuis deux  de  ses  fen\u00eatres, en  tout  cas, s&rsquo;\u00e9chappait de  la  fum\u00e9e  noire  \u00e9paisse.  On  consid\u00e8re  que  cette  agence  est  au  c\u0153ur  des  diff\u00e9rentes  op\u00e9rations  que  l&rsquo;Ukraine  a  men\u00e9es contre  la  Russie \u2013 des attaques,  par  exemple,  contre  des  infrastructures  d&rsquo;\u00e9nergie  ou  des  assassinats  contre  [de] hauts  responsables  militaires.  Volodymyr  Zelensky  dit  avoir  ordonn\u00e9  \u00e0  ce  m\u00eame  Oleksandr Poklad d&rsquo;engager  une  r\u00e9ponse,  je  cite, \u00ab d\u00e8s que  possible  et  en  miroir \u00bb avec  celle  subie  par  le  SBU. Pour l&rsquo;Ukraine, ce bombardement  refl\u00e8te  un  rejet  de  la  diplomatie  de  la  part  des  Russes.  [Il] intervient  deux  jours  avant  la  toute  premi\u00e8re  visite  \u00e0  Kiev  de  l&rsquo;envoy\u00e9  sp\u00e9cial  des  \u00c9tats-Unis,  Steve  Witkoff,  et  de  Jared  Kushner,  le  gendre  du  pr\u00e9sident  Donald  Trump.                      <\/p>\n<p>\n                        M\u00e9lissa Barra, du  service  international  de  RFI.                      <\/p>\n<p>\n                        L&rsquo;extr\u00eame droite pourrait-elle gagner  le  pouvoir, dimanche, dans  l&rsquo;une  des  r\u00e9gions  d&rsquo;Allemagne ? \u00c7a  n&rsquo;a  pas  eu  lieu  depuis  la  Seconde Guerre mondiale.  Les  \u00e9lecteurs  votent  dans  deux  jours  dans  le  land  de  Saxe-Anhalt. Et, le  parti  favori,  c&rsquo;est  l&rsquo;AFD,  le  parti  prorusse et  contre  l&rsquo;immigration.  Les  sondages  pr\u00e9occupent  les  habitants  d&rsquo;origine  \u00e9trang\u00e8re  rencontr\u00e9s  par  notre  correspondant,  Pascal  Thibaut,  dans  la  ville  de  Halle.                      <\/p>\n<p>\n                        \u00ab On fait  des  conf\u00e9rences  avec  les  \u00e9l\u00e8ves, qui  m&rsquo;ont  toujours  pos\u00e9  la  question : est-ce que  vous  pensez  que  nous  pouvons  rester  encore  dans  ce  pays ? \u00bb                     <\/p>\n<p>\n                        Karamba Diaby vit  \u00e0  Halle, en  Saxe-Anhalt, depuis  environ  40  ans.  Ce  S\u00e9n\u00e9galais  d&rsquo;origine  a  \u00e9t\u00e9  d\u00e9put\u00e9  social-d\u00e9mocrate  au  Bundestag  durant  douze  ans.  Sa  permanence  de  d\u00e9put\u00e9  a,  dans  le  pass\u00e9,  \u00e9t\u00e9  attaqu\u00e9e  et, lui  aussi, a  \u00e9t\u00e9  la  cible  de  l&rsquo;extr\u00eame  droite.  Le  Camerounais  Hermann,  lui,  n&rsquo;a  jamais  \u00e9t\u00e9  attaqu\u00e9, mais  s&rsquo;inqui\u00e8te  malgr\u00e9  tout.                      <\/p>\n<p>\n                        \u00ab On a  souvent  observ\u00e9  que  ceux  qui  appartiennent  \u00e0  ce  parti  politique  ont, g\u00e9n\u00e9ralement, des  tendances  un  peu  plus  violentes  envers  des  \u00e9trangers. \u00bb                     <\/p>\n<p>\n                        La  communaut\u00e9  \u00e9trang\u00e8re  s&rsquo;interroge, comme l&rsquo;explique  [Undra] Dressler, elle-m\u00eame d&rsquo;origine  mongole. Elle dirige  l&rsquo;ONG  Lamsa, qui  f\u00e9d\u00e8re  les  organisations  de  migrants  dans  la  r\u00e9gion.                      <\/p>\n<p>\n                        \u00ab Je d\u00e9ciderai  apr\u00e8s  l&rsquo;\u00e9lection  si  je  reste  ou  non.  Je  d\u00e9ciderai  si  je  cherche  ou  non  un  nouvel  emploi.  Je  verrai, apr\u00e8s  le  6  septembre, si  j&rsquo;ai  un  avenir  dans  la  r\u00e9gion.  Je  d\u00e9ciderai  ou  non  de  fonder  une  famille. \u00bb                     <\/p>\n<p>\n                        Pour  Karamba  Diaby,  pas  question  de  partir.                      <\/p>\n<p>\n                        \u00ab Moi, je  pense  qu&rsquo;il  faut  rester  ici  et  ne  pas  donner  l&rsquo;impression  qu&rsquo;il  y  a  des  personnes  qui  vont  quitter  ce  pays.  Ce  serait  un  cadeau  pour  l&rsquo;extr\u00eame droite. \u00bb                     <\/p>\n<p>\n                        La  population  \u00e9trang\u00e8re  est, pourtant, essentielle  pour  le  march\u00e9  du  travail, dans  une  r\u00e9gion  vieillissante.  Le  secteur  de  la  sant\u00e9  en  est  un  exemple.  Cette  tendance  va  aller  en  s&rsquo;accroissant.  Pascal Thibaut, Halle, RFI.                     <\/p>\n<p>\n                        RFI o\u00f9 on  consacrera  deux  \u00e9ditions  sp\u00e9ciales  \u00e0  ces  \u00e9lections, dimanche  soir  et  lundi, dans  notre  matinale.                      <\/p>\n<p>\n                        Plus au  sud  de  l&rsquo;Europe,  les obs\u00e8ques  de  Ratko  Mladic,  le  boucher  des  Balkans,  vont  avoir  lieu  lundi  matin, \u00e0  Belgrade \u2013 la  capitale  serbe. C&rsquo;est son  fils  qui  vient  de  l&rsquo;annoncer. Des fun\u00e9railles  nationales  pour  le  criminel  de  guerre, mort  en  prison, \u00e0  La  Haye.  Les  honneurs  qui  lui  sont  faits  provoquent  la  col\u00e8re  de  Bruxelles.  La  commissaire  en  charge  de  l&rsquo;\u00e9largissement  de  l&rsquo;Union  europ\u00e9enne  a  annul\u00e9  son  voyage  pr\u00e9vu  la  semaine  prochaine  en  Serbie.  On  le  rappelle,  Ratko  Mladic  \u00e9tait  en  prison,  notamment pour  g\u00e9nocide  et  crimes contre  l&rsquo;humanit\u00e9, commis  pendant  la  guerre  de  Bosnie, entre  1992  et  1995.                      <\/p>\n<p>\n                        \u00ab Crime contre  l&rsquo;humanit\u00e9 \u00bb : c&rsquo;est aussi  le  mot  employ\u00e9, aujourd&rsquo;hui, par  le  Haut-Commissariat  de  l&rsquo;ONU  aux  droits  de  l&rsquo;homme.  Il  d\u00e9nonce  un  possible  \u00ab nettoyage ethnique \u00bb en  Cisjordanie  occup\u00e9e, lors  du  d\u00e9placement  forc\u00e9  de  plus  de  33 000 personnes  qui  vivaient  dans  trois  camps  du  territoire  palestinien, \u00e0  J\u00e9nine,  Tulkarem  et  Nour Shams. C&rsquo;\u00e9tait  au  d\u00e9but  de  l&rsquo;ann\u00e9e  2025,  dans  le  cadre  de  l&rsquo;op\u00e9ration  Mur de  fer, 48  heures apr\u00e8s  l&rsquo;entr\u00e9e  en  vigueur  d&rsquo;un  cessez-le-feu \u00e0  Gaza.                     <\/p>\n<p>\n                        Il y  a, d\u00e9sormais, au  moins  120  morts  au  Y\u00e9men,  o\u00f9  les  Houthis \u2013 le  groupe  alli\u00e9  de  l&rsquo;Iran \u2013 ont  lanc\u00e9, hier, une  attaque  contre  les  forces  gouvernementales.  D&rsquo;apr\u00e8s  les  troupes  du  gouvernement,  les  Houthis  veulent  prendre  le  contr\u00f4le  des  zones  qui  entourent  le  d\u00e9troit  de  Bab el-Mandeb. S&rsquo;ils  y  arrivent,  ce  serait  une  tr\u00e8s  mauvaise  nouvelle  pour  le  commerce  mondial,  car  c&rsquo;est  l&rsquo;un  des  points  de  passage  strat\u00e9giques  pour  relier  l&rsquo;Asie,  l&rsquo;Afrique  et  l&rsquo;Europe.                      <\/p>\n<p>\n                        Le  Journal en  fran\u00e7ais  facile.                        <\/p>\n<p>\n                        Il  n&rsquo;a  jamais  fait  aussi  chaud  \u00e0  cette  p\u00e9riode  de  l&rsquo;ann\u00e9e en Espagne. Un nouveau  record  de  temp\u00e9rature  a  \u00e9t\u00e9  battu : 45,7  \u00b0C, hier, \u00e0  El  Granado, dans  le  sud-ouest du  pays.  L&rsquo;agence m\u00e9t\u00e9orologique  espagnole  l&rsquo;a  annonc\u00e9  il  y  a  quelques  heures.  Du  jamais-vu pour  le  mois  de  septembre. Nouveau signe  du  changement  climatique  et  de  ses  effets, nombreux, cette  ann\u00e9e, dans  le  sud  de  l&rsquo;Europe. Canicules,  s\u00e9cheresses,  incendies : la  France  a, \u00e9galement, souffert  et  les  cons\u00e9quences  sont  lourdes  pour  les  agriculteurs.  Des  dizaines  de  milliers  de  fermes  sont  menac\u00e9es. Et, pour  les  soutenir,  le  gouvernement  fran\u00e7ais  d\u00e9voile  un  grand  plan  d&rsquo;urgence  de  plus  de 1 milliard  d&rsquo;euros.  Pierre Olivier.                     <\/p>\n<p>\n                        \u00c0 \u00e9t\u00e9  exceptionnel, plan d&rsquo;urgence  exceptionnel. 1 100 millions d&rsquo;euros d\u00e9bloqu\u00e9s,  principalement  en  faisant  de  nouvelles  \u00e9conomies  dans  d&rsquo;autres  secteurs.  Annie  Genevard,  ministre  de  l&rsquo;Agriculture.                      <\/p>\n<p>\n                        \u00ab Plus de 1 milliard  d&rsquo;argent  public.  C&rsquo;est  un  effort  tr\u00e8s  cons\u00e9quent.  C&rsquo;est  un  effort  que  consent  chaque  Fran\u00e7ais  pour  son  agriculture.  C&rsquo;est  \u00e7a, l&rsquo;enjeu, aussi,  c&rsquo;est  la  souverainet\u00e9  alimentaire.  Il  faut  produire  de  l&rsquo;alimentation. \u00bb                     <\/p>\n<p>\n                        Une  exploitation  agricole  sur  dix  est  menac\u00e9e  de  disparition  en  France.  Alors,  en  plus  du  milliard  mis  sur  la  table  par  l&rsquo;\u00c9tat, le  gouvernement  appelle  toute  la  nation  \u00e0  \u00eatre  solidaire  avec  les  agriculteurs.                      <\/p>\n<p>\n                        \u00ab C&rsquo;est le  consommateur, quand  il  ach\u00e8te  des  produits  fran\u00e7ais  et  qui  accepte  d&rsquo;acheter  des  l\u00e9gumes  et  des  fruits  qui  sont  pas  tout  \u00e0  fait  calibr\u00e9s  comme  il  en  a  l&rsquo;habitude. C&rsquo;est la  distribution, qui  accepte  de  contenir  l&rsquo;augmentation  des  prix.  C&rsquo;est  le  syst\u00e8me  bancaire, qui  doit, \u00e9videmment, faire  des  efforts  en  la  mati\u00e8re. C&rsquo;est le  syst\u00e8me  assurantiel, \u00e9galement.  Donc,  c&rsquo;est  un  effort  consid\u00e9rable  de  l&rsquo;ensemble  de  la  soci\u00e9t\u00e9  fran\u00e7aise  pour  le  soutien  \u00e0  nos  agriculteurs. \u00bb                     <\/p>\n<p>\n                        Les  agriculteurs  estiment  que  cette  mesure  va  dans  le  bon  sens.  Mais  le  principal  syndicat  de  la  profession,  la  FNSEA,  chiffre  le  co\u00fbt  des  al\u00e9as  climatiques  de  l&rsquo;\u00e9t\u00e9  pour  l&rsquo;agriculture  \u00e0  5  milliards d&rsquo;euros.                     <\/p>\n<p>\n                        Les  agriculteurs  re\u00e7oivent, donc, un  coup  de  pouce  face  au  changement  climatique. Au m\u00eame  moment, les \u00e9coles,  elles, vont  avoir  moins  d&rsquo;argent  que  pr\u00e9vu  pour  r\u00e9nover  leurs  locaux  et  mieux  isoler  les  classes  face  aux  temp\u00e9ratures  extr\u00eames.  On  l&rsquo;a  appris  aujourd&rsquo;hui. Le grand  plan  annonc\u00e9  fin  juin  par  le  gouvernement  devait  \u00eatre  de  136  millions d&rsquo;euros : il a  \u00e9t\u00e9  amput\u00e9 \u2013 c&rsquo;est-\u00e0-dire r\u00e9duit \u2013 de  40  millions.                      <\/p>\n<p>\n                        Enfin,  la  tapisserie  de  Bayeux  a  \u00e9t\u00e9  tr\u00e8s  l\u00e9g\u00e8rement  endommag\u00e9e  lors  de  son  voyage  \u00e0  travers  la  Manche.  La  ministre  fran\u00e7aise  de  la  Culture  \u00e9voque  la  rupture  de  deux  fils  sur  cette  grande  broderie  du  XI\u1d49  si\u00e8cle,  longue  de  70  m\u00e8tres.  Mais  il  n&rsquo;y  a  pas  plus  de  d\u00e9g\u00e2ts, selon elle. La tapisserie  va  \u00eatre  expos\u00e9e  au  public  \u00e0  partir  de  jeudi  prochain  au  British  Museum  de  Londres,  dans  le  cadre  d&rsquo;un  pr\u00eat  exceptionnel.                      <\/p>\n<p>\n                        C&rsquo;est  la  fin  de  ce  Journal en  fran\u00e7ais  facile.                      <\/p>\n<p>\n                        Si  vous  voulez  le  r\u00e9\u00e9couter  pour  vous  entra\u00eener,  rendez-vous sur  notre  site  d\u00e9di\u00e9 : francaisfacile.rfi.fr.                     <\/p>\n","protected":false},"excerpt":{"rendered":"Merci d&rsquo;\u00e9couter RFI. Il est 18 heures \u00e0 Paris, une heure de plus \u00e0 Kiev, 16 heures en&hellip;\n","protected":false},"author":2,"featured_media":1167463,"comment_status":"","ping_status":"","sticky":false,"template":"","format":"standard","meta":{"footnotes":"","_share_on_mastodon":"0"},"categories":[1590],"tags":[47,11,10343,1129,251,33,1777,674,3535,10342,12,220],"class_list":["post-1167462","post","type-post","status-publish","format-standard","has-post-thumbnail","category-ukraine","tag-actualite","tag-actualites","tag-all","tag-climat","tag-culture","tag-economie","tag-eu","tag-europe","tag-geopolitique","tag-journal-en-francais-facile","tag-news","tag-ukraine"],"share_on_mastodon":{"url":"https:\/\/pubeurope.com\/@fr\/117214394845601703","error":""},"_links":{"self":[{"href":"https:\/\/www.europesays.com\/fr\/wp-json\/wp\/v2\/posts\/1167462","targetHints":{"allow":["GET"]}}],"collection":[{"href":"https:\/\/www.europesays.com\/fr\/wp-json\/wp\/v2\/posts"}],"about":[{"href":"https:\/\/www.europesays.com\/fr\/wp-json\/wp\/v2\/types\/post"}],"author":[{"embeddable":true,"href":"https:\/\/www.europesays.com\/fr\/wp-json\/wp\/v2\/users\/2"}],"replies":[{"embeddable":true,"href":"https:\/\/www.europesays.com\/fr\/wp-json\/wp\/v2\/comments?post=1167462"}],"version-history":[{"count":0,"href":"https:\/\/www.europesays.com\/fr\/wp-json\/wp\/v2\/posts\/1167462\/revisions"}],"wp:featuredmedia":[{"embeddable":true,"href":"https:\/\/www.europesays.com\/fr\/wp-json\/wp\/v2\/media\/1167463"}],"wp:attachment":[{"href":"https:\/\/www.europesays.com\/fr\/wp-json\/wp\/v2\/media?parent=1167462"}],"wp:term":[{"taxonomy":"category","embeddable":true,"href":"https:\/\/www.europesays.com\/fr\/wp-json\/wp\/v2\/categories?post=1167462"},{"taxonomy":"post_tag","embeddable":true,"href":"https:\/\/www.europesays.com\/fr\/wp-json\/wp\/v2\/tags?post=1167462"}],"curies":[{"name":"wp","href":"https:\/\/api.w.org\/{rel}","templated":true}]}}