{"id":1167476,"date":"2026-09-04T19:27:18","date_gmt":"2026-09-04T19:27:18","guid":{"rendered":"https:\/\/www.europesays.com\/fr\/1167476\/"},"modified":"2026-09-04T19:27:18","modified_gmt":"2026-09-04T19:27:18","slug":"louverture-du-score-de-lol-contre-auxerre-signee-bacher-en-video-lequipe","status":"publish","type":"post","link":"https:\/\/www.europesays.com\/fr\/1167476\/","title":{"rendered":"L&#039;ouverture du score de l&#039;OL contre Auxerre, sign\u00e9e Bacher, en vid\u00e9o &#8211; L&#039;\u00c9quipe"},"content":{"rendered":"<ol>\n<li><a href=\"https:\/\/news.google.com\/rss\/articles\/CBMiuAFBVV95cUxNcWNWanpUM0ZpcEZlM1dNTF95S1lfYmg1WjJpN2RyZzRXTXdNZ1VZQm9wdlZ2eWxtajdRNk9tMUFtTW5kaDVtN0tzbzR6Qk13Tk9Xc0p0Z25PeGZ2bURFbXVlUW40TG12SEVJU0hFUjRBd1VtOTB3cnhmenhLc1lOdVQ1cmtOLWppRENmQ29YZGdIci1nVHlpdHdVTnRZU2VEMHZyRUo2OU9tTFV2ZkRWUHF6eGEzelVL?oc=5\" target=\"_blank\" rel=\"nofollow noopener\">L&rsquo;ouverture du score de l&rsquo;OL contre Auxerre, sign\u00e9e Bacher, en vid\u00e9o<\/a>&nbsp;&nbsp;L&rsquo;\u00c9quipe<\/li>\n<li><a href=\"https:\/\/news.google.com\/rss\/articles\/CBMi0AFBVV95cUxNUW5oSjJVRHk0ZmxKWW9RY3p6QVdrQjNDdDVlSVNJQkRtY1VGNHAwVjdFTUdMLUpKLUFPb0NIU3BycUEtRUFlUS1LSUNEUG5TczRUSDVLa3ZjLUVFMzRTUmFXdUM1Z1l6Tkhhb0NKSkdsMGhyN0ZyVXhKZHZ6M1VxSlhBRy1pdjh0NzQ0MlBKaU5IcVRKWjdpeGxnakZjU1lDM2I5SWdic1FIemxoYlk4UnhOQXNYQncySWxtejgxcXg4aEtSQS1WblZtSkxKbFRB?oc=5\" target=\"_blank\" rel=\"nofollow noopener\">Port\u00e9 par ses recrues, l&rsquo;OL bat Auxerre et prend provisoirement la t\u00eate de la Ligue 1<\/a>&nbsp;&nbsp;L&rsquo;\u00c9quipe<\/li>\n<li><a href=\"https:\/\/news.google.com\/rss\/articles\/CBMivAFBVV95cUxNbEpaR3N6OV8tM2Y2X3dQdkZWeVZtY1NmSmNuR2hHbEZKQkF3SnFzUC1YRHJZazZ1emJiWmFkWk9QdDFNME0wWlBjVkFYbl9JV09TR1Q0NnJ2RWtVWHNlOU1wa2h0REo3bzZiOEhxSHdvN1k1cTBVMWpnamd3UlNWVzJDWFJUb19YckwzcjU3WXRiNnBySHpNZWxkcVVCYkxUd2RUMEtmV0JCejM0MVp3TGFCV3VqSnczazlNaA?oc=5\" target=\"_blank\" rel=\"nofollow noopener\">Football &#8211; Ligue 1 : Suivez la rencontre Lyon-Auxerre EN DIRECT<\/a>&nbsp;&nbsp;Eurosport<\/li>\n<li><a href=\"https:\/\/news.google.com\/rss\/articles\/CBMimwFBVV95cUxQQkUycXpraUtTRnFfUDY1TXdmN2NCeDV3WTNjUWxBYnJEbkp6bnd5ZzFKc0hlZHdKNloxcGdsZVFRcFc5OGxkeHlNMmtVUUJCSEw4RTVzUk54clZ4X2RVLUp6ZzlsSklQUHQ3QnF2WVBQSmdJLXdEY1ZFX1ZzUFhBUjcwZ1dLNUR3QXVXeWFpNHZPcDVzSmdxX1U3Yw?oc=5\" target=\"_blank\" rel=\"nofollow noopener\">Ligue 1 : l\u2019OL repart de l\u2019avant face \u00e0 l\u2019AJ Auxerre<\/a>&nbsp;&nbsp;Foot Mercato<\/li>\n<li><a href=\"https:\/\/news.google.com\/rss\/articles\/CBMimAFBVV95cUxNVmJkX3BEZHVXMndtQUV0bWZ1UlNiaDJsTXRaWnpJNU9HMEZDX0FLUE5menN2TVlDbUhBQXBJWVBuTU1TWDFsZkxFaGtHLXQ3OVdidFVfY2RTMHh1R0FMaXF2V3hLOF9wbnJGODJ1di03N3FMMjRsRkhab0dZa0VheHAyeGpscy05M2lSZUN5RmZVUVJnb0NlOQ?oc=5\" target=\"_blank\" rel=\"nofollow noopener\">En direct Ligue 1. Suivez OL-Auxerre : l&rsquo;OL devant \u00e0 la pause, VAR \u00e0 gogo<\/a>&nbsp;&nbsp;Le Progr\u00e8s<\/li>\n<\/ol>\n","protected":false},"excerpt":{"rendered":"L&rsquo;ouverture du score de l&rsquo;OL contre Auxerre, sign\u00e9e Bacher, en vid\u00e9o&nbsp;&nbsp;L&rsquo;\u00c9quipe Port\u00e9 par ses recrues, l&rsquo;OL bat Auxerre&hellip;\n","protected":false},"author":2,"featured_media":1167477,"comment_status":"","ping_status":"","sticky":false,"template":"","format":"standard","meta":{"footnotes":"","_share_on_mastodon":"0"},"categories":[2],"tags":[11,86760,113753,4245,63,1011,27,66,2428,95701,12,25,88358,105443,133],"class_list":["post-1167476","post","type-post","status-publish","format-standard","has-post-thumbnail","category-actualites","tag-actualites","tag-actus-et-infos","tag-aller-3e-journe","tag-auxerre","tag-football","tag-fr","tag-france","tag-ligue-1","tag-lyon","tag-lyon-auxerre","tag-news","tag-republique-francaise","tag-romain-lafont","tag-saison-2026-2027","tag-video"],"share_on_mastodon":{"url":"https:\/\/pubeurope.com\/@fr\/117214422246333299","error":""},"_links":{"self":[{"href":"https:\/\/www.europesays.com\/fr\/wp-json\/wp\/v2\/posts\/1167476","targetHints":{"allow":["GET"]}}],"collection":[{"href":"https:\/\/www.europesays.com\/fr\/wp-json\/wp\/v2\/posts"}],"about":[{"href":"https:\/\/www.europesays.com\/fr\/wp-json\/wp\/v2\/types\/post"}],"author":[{"embeddable":true,"href":"https:\/\/www.europesays.com\/fr\/wp-json\/wp\/v2\/users\/2"}],"replies":[{"embeddable":true,"href":"https:\/\/www.europesays.com\/fr\/wp-json\/wp\/v2\/comments?post=1167476"}],"version-history":[{"count":0,"href":"https:\/\/www.europesays.com\/fr\/wp-json\/wp\/v2\/posts\/1167476\/revisions"}],"wp:featuredmedia":[{"embeddable":true,"href":"https:\/\/www.europesays.com\/fr\/wp-json\/wp\/v2\/media\/1167477"}],"wp:attachment":[{"href":"https:\/\/www.europesays.com\/fr\/wp-json\/wp\/v2\/media?parent=1167476"}],"wp:term":[{"taxonomy":"category","embeddable":true,"href":"https:\/\/www.europesays.com\/fr\/wp-json\/wp\/v2\/categories?post=1167476"},{"taxonomy":"post_tag","embeddable":true,"href":"https:\/\/www.europesays.com\/fr\/wp-json\/wp\/v2\/tags?post=1167476"}],"curies":[{"name":"wp","href":"https:\/\/api.w.org\/{rel}","templated":true}]}}