{"id":1167478,"date":"2026-09-04T19:28:33","date_gmt":"2026-09-04T19:28:33","guid":{"rendered":"https:\/\/www.europesays.com\/fr\/1167478\/"},"modified":"2026-09-04T19:28:33","modified_gmt":"2026-09-04T19:28:33","slug":"onet-le-chateau-handisport-et-apf-france-handicap-renouvellent-leur-partenariat","status":"publish","type":"post","link":"https:\/\/www.europesays.com\/fr\/1167478\/","title":{"rendered":"Onet-le-Ch\u00e2teau. Handisport et APF France handicap renouvellent leur partenariat"},"content":{"rendered":"<p>\n                                                                Apr\u00e8s le succ\u00e8s de la 1re \u00e9dition, APF France handicap Aveyron et le Comit\u00e9 d\u00e9partemental handisport de l\u2019Aveyron renouvellent leur partenariat autour du programme Handisport Sant\u00e9.\n                            <\/p>\n<p>Une nouvelle session d\u00e9butera les 22 et 24 septembre. Cette ann\u00e9e, les s\u00e9ances prennent place au Co\u2019Living Rodez : dispositif d\u2019habitat inclusif d\u2019APF France handicap, situ\u00e9 2, rue Raoul-Cabrol. Le programme propose 12 s\u00e9ances d\u2019activit\u00e9 physique adapt\u00e9e, \u00e0 raison d\u2019une s\u00e9ance par semaine. Accessible aux personnes en situation de handicap, aux personnes concern\u00e9es par une maladie chronique ou une affection de longue dur\u00e9e, ainsi qu\u2019aux seniors, il permet \u00e0 chacun de pratiquer une activit\u00e9 adapt\u00e9e \u00e0 ses capacit\u00e9s, dans un cadre convivial. La forte demande enregistr\u00e9e \u00e0 la suite de la premi\u00e8re \u00e9dition permet cette ann\u00e9e de proposer deux groupes : le mardi de 13 h 30 \u00e0 14 h 30, \u00e0 partir du 22 septembre et le jeudi de 14 h \u00e0 15 h 30, \u00e0 partir du 24 septembre.<\/p>\n<p>\u00ab\u00a0Le succ\u00e8s de la premi\u00e8re \u00e9dition confirme qu\u2019il existe une v\u00e9ritable attente autour d\u2019activit\u00e9s physiques accessibles et adapt\u00e9es. Le renouvellement de ce partenariat nous permet de proposer une r\u00e9ponse concr\u00e8te qui agit \u00e0 la fois sur la sant\u00e9, l\u2019autonomie et le lien social\u00a0\u00bb, soulignent Camille Roussel, agent de d\u00e9veloppement du Comit\u00e9 d\u00e9partemental handisport de l\u2019Aveyron, et Lionel Garric Salomon, charg\u00e9 de d\u00e9veloppement des actions associatives \u00e0 APF France handicap Aveyron.<\/p>\n<p>Cette nouvelle \u00e9dition traduit ainsi la volont\u00e9 commune des deux partenaires de faciliter l\u2019acc\u00e8s \u00e0 l\u2019activit\u00e9 physique et de lutter contre l\u2019isolement, en proposant une pratique adapt\u00e9e au rythme et aux possibilit\u00e9s de chacun. La participation est fix\u00e9e \u00e0 33 \u20ac pour l\u2019ensemble des 12 s\u00e9ances. Le programme b\u00e9n\u00e9ficie du soutien financier du Conseil d\u00e9partemental de l\u2019Aveyron et de la F\u00e9d\u00e9ration Fran\u00e7aise Handisport.<\/p>\n<p>Informations pratiques : tarif : 33 \u20ac les 12 s\u00e9ances (nombre de places limit\u00e9). Renseignements et inscriptions : 06 32 05 34 80.<\/p>\n","protected":false},"excerpt":{"rendered":"Apr\u00e8s le succ\u00e8s de la 1re \u00e9dition, APF France handicap Aveyron et le Comit\u00e9 d\u00e9partemental handisport de l\u2019Aveyron&hellip;\n","protected":false},"author":2,"featured_media":1167479,"comment_status":"","ping_status":"","sticky":false,"template":"","format":"standard","meta":{"footnotes":"","_share_on_mastodon":"0"},"categories":[4],"tags":[11,18483,1011,27,12,69698,25,71],"class_list":["post-1167478","post","type-post","status-publish","format-standard","has-post-thumbnail","category-france","tag-actualites","tag-aveyron","tag-fr","tag-france","tag-news","tag-onetlechateau","tag-republique-francaise","tag-sante"],"share_on_mastodon":{"url":"https:\/\/pubeurope.com\/@fr\/117214426394864644","error":""},"_links":{"self":[{"href":"https:\/\/www.europesays.com\/fr\/wp-json\/wp\/v2\/posts\/1167478","targetHints":{"allow":["GET"]}}],"collection":[{"href":"https:\/\/www.europesays.com\/fr\/wp-json\/wp\/v2\/posts"}],"about":[{"href":"https:\/\/www.europesays.com\/fr\/wp-json\/wp\/v2\/types\/post"}],"author":[{"embeddable":true,"href":"https:\/\/www.europesays.com\/fr\/wp-json\/wp\/v2\/users\/2"}],"replies":[{"embeddable":true,"href":"https:\/\/www.europesays.com\/fr\/wp-json\/wp\/v2\/comments?post=1167478"}],"version-history":[{"count":0,"href":"https:\/\/www.europesays.com\/fr\/wp-json\/wp\/v2\/posts\/1167478\/revisions"}],"wp:featuredmedia":[{"embeddable":true,"href":"https:\/\/www.europesays.com\/fr\/wp-json\/wp\/v2\/media\/1167479"}],"wp:attachment":[{"href":"https:\/\/www.europesays.com\/fr\/wp-json\/wp\/v2\/media?parent=1167478"}],"wp:term":[{"taxonomy":"category","embeddable":true,"href":"https:\/\/www.europesays.com\/fr\/wp-json\/wp\/v2\/categories?post=1167478"},{"taxonomy":"post_tag","embeddable":true,"href":"https:\/\/www.europesays.com\/fr\/wp-json\/wp\/v2\/tags?post=1167478"}],"curies":[{"name":"wp","href":"https:\/\/api.w.org\/{rel}","templated":true}]}}