{"id":1167509,"date":"2026-09-04T19:53:33","date_gmt":"2026-09-04T19:53:33","guid":{"rendered":"https:\/\/www.europesays.com\/fr\/1167509\/"},"modified":"2026-09-04T19:53:33","modified_gmt":"2026-09-04T19:53:33","slug":"les-villes-ne-seront-finalement-pas-obligees-de-mettre-en-place-ce-projet-de-macron","status":"publish","type":"post","link":"https:\/\/www.europesays.com\/fr\/1167509\/","title":{"rendered":"Les villes ne seront finalement pas oblig\u00e9es de mettre en place ce projet de Macron"},"content":{"rendered":"<p>        <img decoding=\"async\" loading=\"lazy\" src=\"https:\/\/www.europesays.com\/fr\/wp-content\/uploads\/2026\/09\/9386e9f_upload-1-y9qypxgujoug-gettyimages-2292497622.jpg\"  width=\"728\" height=\"409\" alt=\"La consigne pour le recyclage des bouteilles en plastique ne sera finalement pas impos\u00e9e en France. Photo d\u2019illustration.\"\/>  <\/p>\n<p>Mike Kemp \/ In Pictures via Getty Images<\/p>\n<p>La consigne pour le recyclage des bouteilles en plastique ne sera finalement pas impos\u00e9e en France. Photo d\u2019illustration.<\/p>\n<p class=\"asset asset-text\">Les \u00e9lus locaux ont fait reculer l\u2019ex\u00e9cutif\u00a0: le gouvernement a d\u00e9cid\u00e9 vendredi 4\u00a0setpembre de ne pas leur imposer la consigne pour le <a href=\"https:\/\/www.huffingtonpost.fr\/environnement\/article\/les-bouchons-fixes-a-la-bouteille-deviennent-obligatoires-dans-l-union-europeenne-a-partir-du-mercredi-3-juillet_236185.html\" rel=\"nofollow noopener\" target=\"_blank\">recyclage des bouteilles<\/a> en plastique, que certains qualifiaient \u00ab\u00a0d\u2019absurdit\u00e9\u00a0\u00bb, leur proposant une \u00ab\u00a0consigne volontaire et territorialis\u00e9e\u00a0\u00bb.<\/p>\n<p class=\"asset asset-text\">\u00ab\u00a0Aucun dispositif de consigne obligatoire ne sera mis en place, dans le respect des comp\u00e9tences d\u00e9centralis\u00e9es\u00a0\u00bb, indique le gouvernement dans un communiqu\u00e9. C\u2019est un coup d\u2019arr\u00eat \u00e0 un projet tr\u00e8s controvers\u00e9, relanc\u00e9 en mai par le chef de l\u2019\u00c9tat <a href=\"https:\/\/www.huffingtonpost.fr\/politique\/article\/pour-la-derniere-rentree-de-son-mandat-la-popularite-d-emmanuel-macron-ne-repart-pas-a-la-hausse_318188.html\" rel=\"nofollow noopener\" target=\"_blank\">Emmanuel Macron.<\/a><\/p>\n<p class=\"asset asset-text\">Le pr\u00e9sident de la R\u00e9publique avait mis en avant cette g\u00e9n\u00e9ralisation de la consigne comme un levier pour am\u00e9liorer la collecte des bouteilles et leur recyclage, le principe consistant \u00e0 installer des bacs dans<a href=\"https:\/\/www.huffingtonpost.fr\/life\/article\/en-france-difficile-de-faire-ses-courses-dans-une-enseigne-engagee-pour-le-climat_259630.html\" rel=\"nofollow noopener\" target=\"_blank\"> les supermarch\u00e9s<\/a> pour r\u00e9cup\u00e9rer les bouteilles usag\u00e9es, moyennant quelques centimes pour les consommateurs. Mais les \u00e9lus de collectivit\u00e9s de tous bords politiques sont vent debout.<\/p>\n<p class=\"asset asset-text\">Fin juin, ils avaient claqu\u00e9 la porte d\u2019une r\u00e9union sur le sujet organis\u00e9e par le minist\u00e8re de la Transition \u00e9cologique, afin de protester contre ce qu\u2019ils qualifiaient d\u2019\u00ab\u00a0absurdit\u00e9\u00a0\u00bb et accusaient d\u2019\u00eatre une mesure de<a href=\"https:\/\/www.huffingtonpost.fr\/environnement\/article\/total-energies-a-bien-fait-du-greenwashing-tranche-la-justice-et-c-est-une-premiere_256338.html\" rel=\"nofollow noopener\" target=\"_blank\"> \u00ab\u00a0greenwashing\u00a0\u00bb.<\/a><\/p>\n<p class=\"asset asset-text\">Plusieurs repr\u00e9sentants de syndicats franciliens de gestion des d\u00e9chets avaient agit\u00e9 la menace de \u00ab\u00a0suspendre le paiement de la TGAP\u00a0\u00bb, la taxe g\u00e9n\u00e9rale sur les activit\u00e9s polluantes, si le gouvernement pers\u00e9v\u00e9rait.<\/p>\n<p>    \u00ab\u00a0Ineptie \u00e9cologique et financi\u00e8re\u00a0\u00bb    <\/p>\n<p class=\"asset asset-text\">\u00ab\u00a0C\u2019est la victoire du bon sens, du pouvoir d\u2019achat, du service public et de l\u2019environnement\u00a0\u00bb, a r\u00e9agi aupr\u00e8s de l\u2019AFP Nicolas Garnier, d\u00e9l\u00e9gu\u00e9 g\u00e9n\u00e9ral d\u2019Amorce\u00a0: le r\u00e9seau de collectivit\u00e9s envisageait d\u2019organiser une manifestation mardi \u00e0 Paris, projet suspendu apr\u00e8s la d\u00e9cision du gouvernement.<\/p>\n<p class=\"asset asset-text\"><a href=\"https:\/\/www.huffingtonpost.fr\/france\/article\/la-justice-donne-tort-a-la-mairie-de-deauville-apres-le-retrait-de-cette-photo-d-un-match-de-football-a-gaza_315516.html\" rel=\"nofollow noopener\" target=\"_blank\">L\u2019association des maires de France<\/a> (AMF), Intercommunalit\u00e9s de France, France Urbaine et le Cercle national du recyclage ont fait part de leur \u00ab\u00a0soulagement\u00a0\u00bb face \u00e0 cette d\u00e9cision de \u00ab\u00a0renoncer \u00e0 cette ineptie \u00e9cologique et financi\u00e8re\u00a0\u00bb.<\/p>\n<p class=\"asset asset-text\">Sur le fond, les \u00e9lus contestent l\u2019efficacit\u00e9 de cette mesure\u00a0: \u00ab\u00a0lorsque je m\u2019int\u00e9resse \u00e0 l\u2019exemple allemand, les champions de la consigne\u00a0\u00bb de la bouteille en plastique pour recyclage, \u00ab\u00a0on voit bien que \u00e7a a accompagn\u00e9 l\u2019augmentation de la production plastique\u00a0\u00bb dans le pays, a d\u00e9clar\u00e9 Corentin Duprey, pr\u00e9sident du Syctom, syndicat francilien de gestion des d\u00e9chets.<\/p>\n<p class=\"asset asset-text\">En outre, a-t-il rappel\u00e9, les collectivit\u00e9s, qui ont investi dans leurs centres de tri ces derni\u00e8res ann\u00e9es, voyaient d\u2019un mauvais \u0153il le retrait des d\u00e9chets les plus valorisables de leurs installations et le risque de devoir augmenter la taxe d\u2019enl\u00e8vement des ordures m\u00e9nag\u00e8res pay\u00e9e par les m\u00e9nages.<\/p>\n<p>    Enjeu de recyclage des d\u00e9chets    <\/p>\n<p class=\"asset asset-text\">\u00ab\u00a0Le gouvernement fait le choix d\u2019une approche territorialis\u00e9e\u00a0\u00bb, a d\u00e9clar\u00e9 le ministre d\u00e9l\u00e9gu\u00e9 \u00e0 la Transition \u00e9cologique, Mathieu Lef\u00e8vre, cit\u00e9 dans le communiqu\u00e9, ne souhaitant pas \u00ab\u00a0p\u00e9naliser les collectivit\u00e9s qui ont d\u00e9j\u00e0 obtenu de tr\u00e8s bons r\u00e9sultats\u00a0\u00bb.<\/p>\n<p class=\"asset asset-text\">\u00ab\u00a0L\u2019augmentation du recyclage des plastiques reste une priorit\u00e9\u00a0\u00bb, a soulign\u00e9 le gouvernement vendredi, rappelant que la France \u00e9tait aujourd\u2019hui tr\u00e8s loin des objectifs fix\u00e9s par Bruxelles. Le minist\u00e8re de la Transition \u00e9cologique a soulign\u00e9 que la consigne des bouteilles est \u00ab\u00a0un des 12\u00a0leviers identifi\u00e9s dans le cadre du plan plastique pr\u00e9sent\u00e9 en mai dernier\u00a0\u00bb.<\/p>\n<p class=\"asset asset-text\">\u00ab\u00a0La concertation engag\u00e9e depuis maintenant trois mois a vocation \u00e0 se poursuivre sur la base de l\u2019ensemble de ces leviers, dont la consigne volontaire et territorialis\u00e9e\u00a0\u00bb, a-t-on ajout\u00e9 de m\u00eame source, indiquant que le cahier des charges de la fili\u00e8re pollueur-payeur des emballages m\u00e9nagers \u00ab\u00a0fait l\u2019objet d\u2019une consultation du public jusqu\u2019au 11\u00a0septembre\u00a0\u00bb.<\/p>\n<p class=\"asset asset-text\">Jean Hornain, directeur g\u00e9n\u00e9ral de l\u2019\u00e9co-organisme des emballages m\u00e9nagers Citeo, s\u2019est dit vendredi \u00ab\u00a0inquiet\u00a0\u00bb de ce nouveau cahier des charges \u00e0 ce stade, regrettant, quelques heures avant l\u2019annonce du gouvernement, que ce projet \u00ab\u00a0abandonne\u00a0\u00bb un des \u00ab\u00a0leviers majeurs\u00a0\u00bb de soutien au recyclage \u00ab\u00a0qui avait \u00e9t\u00e9 voulu par le pr\u00e9sident de la R\u00e9publique\u00a0\u00bb.<\/p>\n<p class=\"asset asset-text\">Les producteurs de boissons sans alcool et d\u2019eaux min\u00e9rales ont d\u00e9plor\u00e9 \u00ab\u00a0un recul incompr\u00e9hensible du gouvernement\u00a0\u00bb, soulignant que la France s\u2019acquitte chaque ann\u00e9e d\u2019une contribution de 1,5\u00a0milliard d\u2019euros au budget de l\u2019Union europ\u00e9enne en raison de ses mauvaises performances en mati\u00e8re de recyclage des d\u00e9chets.<\/p>\n<p class=\"asset asset-text\">\u00ab\u00a0\u00c0 quelques semaines d\u2019\u00e9lections s\u00e9natoriales, se mettre \u00e0 dos l\u2019ensemble du champ politique, (&#8230;) et \u00e0 quelques mois d\u2019une \u00e9lection pr\u00e9sidentielle, allumer des feux dont on n\u2019a pas besoin et qui font l\u2019unanimit\u00e9 contre eux, \u00e7a me para\u00eet tr\u00e8s hasardeux\u00a0\u00bb, avait d\u00e9clar\u00e9 Corentin Duprey, quelques heures avant l\u2019annonce de la d\u00e9cision.<\/p>\n","protected":false},"excerpt":{"rendered":"Mike Kemp \/ In Pictures via Getty Images La consigne pour le recyclage des bouteilles en plastique ne&hellip;\n","protected":false},"author":2,"featured_media":1167510,"comment_status":"","ping_status":"","sticky":false,"template":"","format":"standard","meta":{"footnotes":"","_share_on_mastodon":"0"},"categories":[4],"tags":[11,1073,436,1011,27,12,6579,316,25],"class_list":["post-1167509","post","type-post","status-publish","format-standard","has-post-thumbnail","category-france","tag-actualites","tag-emmanuel-macron","tag-environnement","tag-fr","tag-france","tag-news","tag-plastique","tag-politique","tag-republique-francaise"],"share_on_mastodon":{"url":"https:\/\/pubeurope.com\/@fr\/117214526156548820","error":""},"_links":{"self":[{"href":"https:\/\/www.europesays.com\/fr\/wp-json\/wp\/v2\/posts\/1167509","targetHints":{"allow":["GET"]}}],"collection":[{"href":"https:\/\/www.europesays.com\/fr\/wp-json\/wp\/v2\/posts"}],"about":[{"href":"https:\/\/www.europesays.com\/fr\/wp-json\/wp\/v2\/types\/post"}],"author":[{"embeddable":true,"href":"https:\/\/www.europesays.com\/fr\/wp-json\/wp\/v2\/users\/2"}],"replies":[{"embeddable":true,"href":"https:\/\/www.europesays.com\/fr\/wp-json\/wp\/v2\/comments?post=1167509"}],"version-history":[{"count":0,"href":"https:\/\/www.europesays.com\/fr\/wp-json\/wp\/v2\/posts\/1167509\/revisions"}],"wp:featuredmedia":[{"embeddable":true,"href":"https:\/\/www.europesays.com\/fr\/wp-json\/wp\/v2\/media\/1167510"}],"wp:attachment":[{"href":"https:\/\/www.europesays.com\/fr\/wp-json\/wp\/v2\/media?parent=1167509"}],"wp:term":[{"taxonomy":"category","embeddable":true,"href":"https:\/\/www.europesays.com\/fr\/wp-json\/wp\/v2\/categories?post=1167509"},{"taxonomy":"post_tag","embeddable":true,"href":"https:\/\/www.europesays.com\/fr\/wp-json\/wp\/v2\/tags?post=1167509"}],"curies":[{"name":"wp","href":"https:\/\/api.w.org\/{rel}","templated":true}]}}