{"id":1167511,"date":"2026-09-04T19:55:20","date_gmt":"2026-09-04T19:55:20","guid":{"rendered":"https:\/\/www.europesays.com\/fr\/1167511\/"},"modified":"2026-09-04T19:55:20","modified_gmt":"2026-09-04T19:55:20","slug":"les-fans-de-montpellier-interdits-de-deplacement-le-jour-du-match-face-a-saint-etienne-en-ligue-2-lequipe","status":"publish","type":"post","link":"https:\/\/www.europesays.com\/fr\/1167511\/","title":{"rendered":"Les fans de Montpellier interdits de d\u00e9placement le jour du match face \u00e0 Saint-\u00c9tienne en Ligue 2 &#8211; L&#039;\u00c9quipe"},"content":{"rendered":"<ol>\n<li><a href=\"https:\/\/news.google.com\/rss\/articles\/CBMiiAJBVV95cUxNb2VRWGNNTXkzVXhJYktGQXotUkhjTXN2QUtDSmpXbzcyUGZfTjVPQV9FWmdMcVh5OVRUWG1MMlpOQTRwclNacEVuOE9vMVlXTE9Wbm13dzRLMXJDV3hEd3F6TzVtMFJwSkVjQ0hjYzNoOEJRVUplRWpTaG84UXFxUEVHRjVvVFRyZXJKc2poWEVHSHE5V1pqYkJtWG53eXUtcWd0MmtHa3BEM0JVNWdhOU1UUUdhMUlkOEp3S2FxYlFJRzVSdjZRYUNjeXhjRkwtRnQxdEFmMzJWWnhwSThRSU9aUlpka0k5cnNId0JkVHQzYXEycDN3NE9VLU51MnBOMlZXYW85MGY?oc=5\" target=\"_blank\" rel=\"nofollow noopener\">Les fans de Montpellier interdits de d\u00e9placement le jour du match face \u00e0 Saint-\u00c9tienne en Ligue 2<\/a>&nbsp;&nbsp;L&rsquo;\u00c9quipe<\/li>\n<li><a href=\"https:\/\/news.google.com\/rss\/articles\/CBMizgFBVV95cUxNa0pvODFMdm1wa3l3bDhfTTJnZ012Q3lsWWxfOFcyUEdHM0VGMW9td1p3Q25oSVRTbmIwVWFzTmVzdzJadDdCTVc3bmtwWW1EVVByOHdlcnBYaGc5YkFxTmRKdjZLZVA2LVFiSHFHMm5ZbXJxODZhUXdwblN4NXU3ejUwM004ZGZJV3FHenEzVWNMTzA1MkNMOTUzNGd5WEg2ZUc5WGFLQVNoLWs0cFNXWWcxMlJ4SWV6c19CZ25ieWNROHJOTEg3a1dmSkp2UdIBzAFBVV95cUxOc3dyX21oUG15YloxVlRtSmRubDc5bHRVNEtONkRfdVZZVlpKX2dqRnZEYlkzQ2pnbTBHYnhYM1JNN0hZQkd2dlNmUVhCNlE2WkZ4eDlxbk9PV0RzYnRDU0d0cVNKbE9PVk9pVTloZFlqeWI2bTdYSFVtSUdrMVlwbHZPcFQwOWhEM3Fad0VkUmVHcFYxZnVHS01jTDV0TmpQUkNvdVl0RXlIZ3VyM1FkRHFVajYwTjBwczlFZjVPRmRzZi1nZ1VveWFXdHo?oc=5\" target=\"_blank\" rel=\"nofollow noopener\">Saint-Etienne : Geoffroy-Guichard en feu face \u00e0 Montpellier ? : Sports &#8211; Orange<\/a>&nbsp;&nbsp;Sports &#8211; Orange<\/li>\n<li><a href=\"https:\/\/news.google.com\/rss\/articles\/CBMikwFBVV95cUxNTlE0V3pYT0RFaVE0TkpxSXYtRzlROE9HV3NvMzVUa0QzWDBaS2QtWHo0a29pV0VYR0hWYzFFeEJJZnRVNFA4dFZxSXBkY1VkR0U0aHpKVEwxamtpamJfWElMcmludFp2U2FGYmRKYjZQZzRESlhUejZJQy1uMGxhbzNaN2NtbkpkOGZJUGdoZ3RXdDA?oc=5\" target=\"_blank\" rel=\"nofollow noopener\">Avant le vrai GG, les verts d\u00e9couvrent le mus\u00e9e ! \ud83c\udf9e\ufe0f<\/a>&nbsp;&nbsp;ASSE<\/li>\n<li><a href=\"https:\/\/news.google.com\/rss\/articles\/CBMi7AFBVV95cUxOdElGNGhfT3RTMjBDbVRSUEg1TXV4Q2tzSXBydEFhTG9xS1ROVWozZkdUNGVrMFVKTEdlSzdBTTZLZFdFd25fMVJlYXF3ZG5ENUtSYWlVLVY0NzdIZlZ1V2VhNGRVSlRLU1BONndhX3dfR2dVbE1SN3otVllUWHA4RzdGN2ltaUh6T25RQXdhclNNWWZZVGdSSFZacjNfS2dSYUc4MTRWZXdyQjFoVUd5MTZiOV9NVXlSNlpTNldPN2xnTTJsVjR6enRLejQ1Y1RQUTNSWU8zRXM2Tmc0WHF0SlM3SXZLMlhNX203aw?oc=5\" target=\"_blank\" rel=\"nofollow noopener\">Saint-\u00c9tienne \u2013 MHSC : Montpellier pr\u00e9sentera une vraie ligne de d\u00e9fense pour tenir le choc \u00e0 Geoffroy-Guichard<\/a>&nbsp;&nbsp;Midi Libre<\/li>\n<li><a href=\"https:\/\/news.google.com\/rss\/articles\/CBMinwFBVV95cUxON2g1X2JVTy1tM3IyZjFSWFM3cHdxYnExVXE4bjBZRVlVUjZlTjJaUEJkRXNKcUdFYjZIcUtTd2hyZXJOTlo2c2Izc1BGTUJMOTY1cy1Vb2NrUE5XczFka1ozS1JQVk1Zc2M0Rm1EblQxMGh4WXRnc3N4NE5BQWZmdHlvMTROaHhUOU5LekxKM2o4YnlfYktmNnV4VHlleHM?oc=5\" target=\"_blank\" rel=\"nofollow noopener\">ASSE. Parti \u00e0 Montpellier, Florian Tardieu a \u00ab des souvenirs grav\u00e9s \u00bb \u00e0 Saint\u00e9<\/a>&nbsp;&nbsp;leprogres.fr<\/li>\n<\/ol>\n","protected":false},"excerpt":{"rendered":"Les fans de Montpellier interdits de d\u00e9placement le jour du match face \u00e0 Saint-\u00c9tienne en Ligue 2&nbsp;&nbsp;L&rsquo;\u00c9quipe Saint-Etienne&hellip;\n","protected":false},"author":2,"featured_media":1167512,"comment_status":"","ping_status":"","sticky":false,"template":"","format":"standard","meta":{"footnotes":"","_share_on_mastodon":"0"},"categories":[2],"tags":[11,86760,120588,63,1011,27,446,2208,12,120589,4001,105443,88692],"class_list":["post-1167511","post","type-post","status-publish","format-standard","has-post-thumbnail","category-actualites","tag-actualites","tag-actus-et-infos","tag-aller-5e-journe","tag-football","tag-fr","tag-france","tag-ligue-2","tag-montpellier","tag-news","tag-saint-tienne-montpellier","tag-saint-etienne","tag-saison-2026-2027","tag-timothee-thomas-collignon"],"share_on_mastodon":{"url":"https:\/\/pubeurope.com\/@fr\/117214532518007958","error":""},"_links":{"self":[{"href":"https:\/\/www.europesays.com\/fr\/wp-json\/wp\/v2\/posts\/1167511","targetHints":{"allow":["GET"]}}],"collection":[{"href":"https:\/\/www.europesays.com\/fr\/wp-json\/wp\/v2\/posts"}],"about":[{"href":"https:\/\/www.europesays.com\/fr\/wp-json\/wp\/v2\/types\/post"}],"author":[{"embeddable":true,"href":"https:\/\/www.europesays.com\/fr\/wp-json\/wp\/v2\/users\/2"}],"replies":[{"embeddable":true,"href":"https:\/\/www.europesays.com\/fr\/wp-json\/wp\/v2\/comments?post=1167511"}],"version-history":[{"count":0,"href":"https:\/\/www.europesays.com\/fr\/wp-json\/wp\/v2\/posts\/1167511\/revisions"}],"wp:featuredmedia":[{"embeddable":true,"href":"https:\/\/www.europesays.com\/fr\/wp-json\/wp\/v2\/media\/1167512"}],"wp:attachment":[{"href":"https:\/\/www.europesays.com\/fr\/wp-json\/wp\/v2\/media?parent=1167511"}],"wp:term":[{"taxonomy":"category","embeddable":true,"href":"https:\/\/www.europesays.com\/fr\/wp-json\/wp\/v2\/categories?post=1167511"},{"taxonomy":"post_tag","embeddable":true,"href":"https:\/\/www.europesays.com\/fr\/wp-json\/wp\/v2\/tags?post=1167511"}],"curies":[{"name":"wp","href":"https:\/\/api.w.org\/{rel}","templated":true}]}}