{"id":1167523,"date":"2026-09-04T20:06:18","date_gmt":"2026-09-04T20:06:18","guid":{"rendered":"https:\/\/www.europesays.com\/fr\/1167523\/"},"modified":"2026-09-04T20:06:18","modified_gmt":"2026-09-04T20:06:18","slug":"que-faire-pres-de-montpellier-ce-week-end-voici-5-idees-de-sorties-pour-ces-5-et-6-septembre","status":"publish","type":"post","link":"https:\/\/www.europesays.com\/fr\/1167523\/","title":{"rendered":"Que faire pr\u00e8s de Montpellier ce week-end ? Voici 5 id\u00e9es de sorties pour ces 5 et 6 septembre"},"content":{"rendered":"<p>                    Par<br \/>\n        <strong><br \/>\n            <a href=\"https:\/\/actu.fr\/auteur\/lea-pippinato\" title=\"Consulter tous les articles de L\u00e9a Pippinato\" rel=\"nofollow noopener\" target=\"_blank\">L\u00e9a Pippinato<\/a><br \/>\n                    <\/strong><\/p>\n<p>        Publi\u00e9 le<\/p>\n<p>            4 sept. 2026 \u00e0 21h01        <\/p>\n<p>Les cartables sont \u00e0 peine ressortis que l\u2019agenda du week-end se remplit d\u00e9j\u00e0 autour de Montpellier. <strong>Ces samedi 5 et dimanche 6 septembre<\/strong>, la rentr\u00e9e se joue aussi dehors, avec des milliers d\u2019associations \u00e0 rencontrer, des producteurs r\u00e9unis autour de la tomate, des chevaliers install\u00e9s aux Beaux-Arts ou encore de la musique \u00e0 Restanque. De quoi reprendre le rythme sans pour autant tirer un trait sur les sorties de l\u2019\u00e9t\u00e9.<\/p>\n<p>Je dis M lance la rentr\u00e9e en musique \u00e0 Restanque<\/p>\n<p class=\" wall-content\"><strong>Quoi ?<\/strong> Une soir\u00e9e musicale en plein air<\/p>\n<p class=\" wall-content\"><strong>Quand ?<\/strong> Samedi 5 septembre 2026, de 17h \u00e0 minuit<\/p>\n<p class=\" wall-content\"><strong>O\u00f9 ?<\/strong> Restanque, 3 rue du Lantissargues, \u00e0 Montpellier<\/p>\n<p class=\" wall-content\">Pourquoi y aller ? Parce que l\u2019\u00e9t\u00e9 n\u2019a pas encore totalement quitt\u00e9 Montpellier et que le collectif Je dis M compte bien prolonger son ambiance le temps d\u2019une soir\u00e9e. L\u2019\u00e9v\u00e9nement mise sur une programmation 100 % locale, <strong>avec trois DJ montpelli\u00e9rains aux univers compl\u00e9mentaires<\/strong>, mais aussi un espace consacr\u00e9 aux associations, aux cr\u00e9ateurs et \u00e0 la restauration.<\/p>\n<p class=\" wall-content\"><strong>Beta P ouvrira le bal<\/strong> avec un set marqu\u00e9 par la Chicago House et des sonorit\u00e9s groovy, avant de laisser la place \u00e0 Kbira, cofondatrice des soir\u00e9es MEKTOUB, qui navigue entre AfroBass, funk br\u00e9silienne, jersey, amapiano et gqom. Four by Four, aussi connu sous le nom de 4\/4, compl\u00e9tera l\u2019affiche avec un m\u00e9lange de hip-hop, R&amp;B, afro et musique \u00e9lectronique.<\/p>\n<p>Vid\u00e9os : en ce moment sur Actu<\/p>\n<p class=\" wall-content\"><a href=\"https:\/\/www.instagram.com\/p\/DcqKsAli3L8\/embed\" title=\"Ouvrir le lien sur Instagram\" rel=\"nofollow noopener\" target=\"_blank\">Visualiser le contenu sur Instagram<\/a><\/p>\n<p class=\" wall-content\">La soir\u00e9e ne se limitera pas \u00e0 la musique puisque le Caf\u00e9 Restanque assurera le service au bar, tandis que <strong>le foodtruck Oh Bon Moment!<\/strong> proposera de quoi manger sur place. Un village de cr\u00e9ateurs et d\u2019associations locales permettra \u00e9galement de d\u00e9couvrir plusieurs initiatives du territoire dans une atmosph\u00e8re plus conviviale qu\u2019un simple encha\u00eenement de DJ sets.<\/p>\n<p><strong>&gt;<\/strong> Samedi 5 septembre 2026, de 17h \u00e0 minuit, \u00e0 Restanque, 3 rue du Lantissargues \u00e0 Montpellier. Le site est accessible par la ligne 4 du tramway. <a href=\"https:\/\/shotgun.live\/fr\/events\/open-air-je-dis-m-x-restanque?utm_source=chatgpt.com\" rel=\"nofollow noopener\" target=\"_blank\">Le billet d\u2019entr\u00e9e est fix\u00e9 \u00e0 8 euros<\/a>Montpellier replonge au d\u00e9but du XIIIe si\u00e8cle aux Beaux-Arts<\/p>\n<p class=\" wall-content\"><strong>Quoi ?<\/strong> Une f\u00eate m\u00e9di\u00e9vale et un camp historique<\/p>\n<p class=\" wall-content\"><strong>Quand ?<\/strong> Samedi 5 septembre 2026, de 10h30 \u00e0 18h<\/p>\n<p class=\" wall-content\"><strong>O\u00f9 ?<\/strong> Esplanade de la Musique, quartier des Beaux-Arts, \u00e0 Montpellier<\/p>\n<p class=\" wall-content\"><strong>Pourquoi y aller ?<\/strong> Parce qu\u2019il suffira de quelques pas depuis le march\u00e9 des Beaux-Arts pour remonter pr\u00e8s de huit si\u00e8cles en arri\u00e8re. Pour sa neuvi\u00e8me \u00e9dition, Montpellier M\u00e9di\u00e9vale quitte les grands d\u00e9cors habituels et choisit <strong>un format plus proche des habitants<\/strong>, avec un camp install\u00e9 au c\u0153ur du quartier et une vingtaine de passionn\u00e9s mobilis\u00e9s tout au long de la journ\u00e9e.<\/p>\n<p class=\" wall-content\"><strong>Les Chevaliers de l\u2019Ordre des 4 Vents<\/strong> reconstitueront plusieurs aspects de la vie au d\u00e9but du XIIIe si\u00e8cle avec des chevaliers, des troubadours, des dames, des moines et des bourgeois. Le public pourra observer des armes, essayer certains \u00e9quipements, d\u00e9couvrir les v\u00eatements de l\u2019\u00e9poque et \u00e9changer directement avec les membres de la troupe.<\/p>\n<p>    <a href=\"https:\/\/www.facebook.com\/plugins\/post.php?href=https%3A%2F%2Fwww.facebook.com%2FChevaliers4Vents%2Fposts%2Fpfbid0CmQnviUML9RucoAGeajJYNQo5VR5zvpfAWcWdkkEFQST8FVKPgVFhLgxFT3CUrDhl&amp;show_text=true&amp;width=350\" title=\"Ouvrie le lien\" rel=\"nofollow noopener\" target=\"_blank\">Cliquez ici pour visualiser le contenu<\/a><\/p>\n<p class=\" wall-content\">L\u2019objectif est aussi <strong>de corriger quelques id\u00e9es re\u00e7ues sur le Moyen \u00c2ge<\/strong>. Le d\u00e9but du XIIIe si\u00e8cle correspond certes \u00e0 une p\u00e9riode troubl\u00e9e dans le Midi, notamment avec la croisade albigeoise, mais il conna\u00eet \u00e9galement un essor culturel important, marqu\u00e9 par l\u2019architecture gothique et l\u2019amour courtois chant\u00e9 par les troubadours.<strong> Deux sayn\u00e8tes m\u00e9di\u00e9vales<\/strong> ponctueront la journ\u00e9e \u00e0 12h et \u00e0 16h, tandis que le campement et les d\u00e9monstrations resteront accessibles en continu.<\/p>\n<p><strong>&gt;<\/strong> Samedi 5 septembre 2026, de 10h30 \u00e0 18h, sur l\u2019Esplanade de la Musique, dans le quartier des Beaux-Arts \u00e0 Montpellier, \u00e0 proximit\u00e9 imm\u00e9diate du march\u00e9. L\u2019entr\u00e9e est gratuite, libre et sans r\u00e9servation. Les sayn\u00e8tes sont pr\u00e9vues \u00e0 12h et 16h<\/p>\n<p>\u00c0 Clapiers, la tomate r\u00e9unit pr\u00e8s de 80 exposants<\/p>\n<p class=\" wall-content\"><strong>Quoi ?<\/strong> Le Festival de la Tomate<\/p>\n<p class=\" wall-content\"><strong>Quand ?<\/strong> Dimanche 6 septembre 2026, de 9h \u00e0 19h<\/p>\n<p class=\" wall-content\"><strong>O\u00f9 ?<\/strong> Parc Claude Leenhardt, \u00e0 Clapiers<\/p>\n<p class=\" wall-content\"><strong>Pourquoi y aller ?<\/strong> Parce que derri\u00e8re la tomate se cache ici toute une r\u00e9flexion sur l\u2019agriculture, les circuits courts, la biodiversit\u00e9 et l\u2019alimentation de demain. <strong>Depuis pr\u00e8s de vingt ans<\/strong>, le Festival de la Tomate rassemble producteurs, artisans, associations et acteurs de l\u2019agro\u00e9cologie dans une ambiance familiale qui m\u00e9lange march\u00e9 paysan, animations et d\u00e9bats.<\/p>\n<p class=\" wall-content\"><strong>Pr\u00e8s de 80 exposants<\/strong> sont attendus cette ann\u00e9e, dont une quarantaine de producteurs qui proposeront fruits, l\u00e9gumes, fromages, p\u00e2tisseries, glaces, spiruline et boissons. Une exposition de tomates anciennes permettra aussi de d\u00e9couvrir la diversit\u00e9 des vari\u00e9t\u00e9s et les enjeux de cette culture en Occitanie.<\/p>\n<p>    <a href=\"https:\/\/www.facebook.com\/plugins\/post.php?href=https%3A%2F%2Fwww.facebook.com%2Fvilledemontpellier%2Fposts%2Fpfbid02sqeSJc1Y3z9BhbeCGeKNf3mqPCKX65cuMEk8fDSFpo6CYGHDT6fMdmj2aTUv18Rl&amp;show_text=true&amp;width=350\" title=\"Ouvrie le lien\" rel=\"nofollow noopener\" target=\"_blank\">Cliquez ici pour visualiser le contenu<\/a><\/p>\n<p class=\" wall-content\"><strong>La journ\u00e9e commencera \u00e0 9h<\/strong> avec une d\u00e9monstration des Bergers de l\u2019Hortus, avant une d\u00e9gustation propos\u00e9e \u00e0 10h par les enfants des accueils de loisirs de Clapiers et une fresque musicale au son de la kora. L\u2019inauguration officielle est pr\u00e9vue \u00e0 10h30, puis les chants occitans de Lo Cocut r\u00e9sonneront \u00e0 11h. <strong>L\u2019apr\u00e8s-midi restera tr\u00e8s accessible aux familles<\/strong> avec un atelier plantation \u00e0 14h30, un atelier cuisine pour enfants \u00e0 16h, des d\u00e9monstrations de chiens de berger et une tombola \u00e0 17h.\u00a0<\/p>\n<p><strong>&gt;<\/strong> Dimanche 6 septembre 2026, de 9h \u00e0 19h, au parc Claude Leenhardt \u00e0 Clapiers. L\u2019entr\u00e9e est gratuite. Une buvette et une restauration paysanne sont pr\u00e9vues sur place. Des stationnements pour v\u00e9los seront disponibles et les organisateurs recommandent \u00e9galement le covoiturage<\/p>\n<p>Pr\u00e8s de 1 200 associations prennent possession d\u2019Antigone<\/p>\n<p class=\" wall-content\"><strong>Quoi ?<\/strong> L\u2019Antigone des Associations<\/p>\n<p class=\" wall-content\"><strong>Quand ?<\/strong> Dimanche 6 septembre 2026, de 9h \u00e0 17h30<\/p>\n<p class=\" wall-content\"><strong>O\u00f9 ?<\/strong> Quartier Antigone, de la place du Nombre d\u2019Or aux rives du Lez<\/p>\n<p class=\" wall-content\"><strong>Pourquoi y aller ?<\/strong> Parce qu\u2019il est difficile d\u2019imaginer un panorama plus large de la vie locale en une seule journ\u00e9e. <a href=\"https:\/\/actu.fr\/occitanie\/montpellier_34172\/le-rendez-vous-est-fixe-pour-l-incontournable-antigone-des-associations-a-montpellier_64686215.html\" rel=\"nofollow noopener\" target=\"_blank\">Pr\u00e8s de 1 200 associations sont annonc\u00e9es le long du quartier Antigone<\/a>, ce qui permet aussi bien de trouver une activit\u00e9 sportive pour l\u2019ann\u00e9e que de d\u00e9couvrir une structure culturelle, solidaire ou environnementale \u00e0 laquelle consacrer un peu de temps.<\/p>\n<p class=\" wall-content\">Les associations sportives proposeront des informations, des d\u00e9monstrations et parfois des initiations dans des disciplines aussi vari\u00e9es que les sports collectifs, les arts martiaux, la danse ou les activit\u00e9s nautiques. Les visiteurs pourront ainsi <strong>comparer plusieurs offres<\/strong> avant de choisir une pratique ou de s\u2019inscrire pour la saison.<\/p>\n<p>    <img   decoding=\"async\" loading=\"lazy\" src=\"https:\/\/www.europesays.com\/fr\/wp-content\/uploads\/2026\/09\/capture-decran-2026-09-04-a-104657-960x640.png\" alt=\"Sports, culture, solidarit\u00e9 ou environnement : pr\u00e8s de 1 200 associations pr\u00e9senteront leurs activit\u00e9s dimanche dans les rues d\u2019Antigone.\" width=\"960\" height=\"640\"\/><br \/>\n    Sports, culture, solidarit\u00e9 ou environnement : pr\u00e8s de 1 200 associations pr\u00e9senteront leurs activit\u00e9s dimanche dans les rues d\u2019Antigone. (\u00a9M\u00e9tropolitain \/ CN)<\/p>\n<p class=\" wall-content\"><strong>Le secteur culturel <\/strong>r\u00e9unira des structures consacr\u00e9es \u00e0 la musique, au th\u00e9\u00e2tre, aux arts plastiques, aux langues et au patrimoine local. La solidarit\u00e9, l\u2019\u00e9cologie et la citoyennet\u00e9 occuperont elles aussi une large place, avec des associations tourn\u00e9es vers l\u2019entraide sociale, l\u2019action caritative ou la protection de l\u2019environnement<strong>. Des acteurs de la sant\u00e9 et du bien-\u00eatre<\/strong> compl\u00e9teront ce vaste parcours, qui s\u2019\u00e9tirera de la place du Nombre d\u2019Or jusqu\u2019aux rives du Lez, au milieu de l\u2019architecture embl\u00e9matique dessin\u00e9e par Ricardo Bofill.<\/p>\n<p><strong>&gt;<\/strong> Dimanche 6 septembre 2026, de 9h \u00e0 17h30, dans tout le quartier Antigone, entre la place du Nombre d\u2019Or et les rives du Lez. L\u2019acc\u00e8s est libre et gratuit. Les lignes 1 et 4 du tramway desservent notamment les arr\u00eats Antigone, L\u00e9on Blum et Place de l\u2019Europe<\/p>\n<p>Le Beer Love Fest f\u00eate ses dix ans et change d\u2019\u00e9chelle<\/p>\n<p class=\" wall-content\"><strong>Quoi ?<\/strong> Un festival consacr\u00e9 \u00e0 la bi\u00e8re artisanale<\/p>\n<p class=\" wall-content\"><strong>Quand ?<\/strong> Du 4 au 12 septembre 2026, avec des rendez-vous d\u00e8s ce week-end<\/p>\n<p class=\" wall-content\"><strong>O\u00f9 ?<\/strong> Dans plusieurs lieux de Montpellier, avant un grand final au Peyrou les 11 et 12 septembre<\/p>\n<p class=\" wall-content\"><strong>Pourquoi y aller ?<\/strong> Parce que le Beer Love Fest ne se contente plus d\u2019un simple rendez-vous de quelques jours et profite de son dixi\u00e8me anniversaire pour investir Montpellier \u00e0 une \u00e9chelle in\u00e9dite. <a href=\"https:\/\/actu.fr\/occitanie\/montpellier_34172\/le-plus-grand-rendez-vous-des-amateurs-de-biere-revient-a-montpellier-pour-ses-10-ans_64539047.html\" rel=\"nofollow noopener\" target=\"_blank\">Lanc\u00e9 en 2017 pour faire conna\u00eetre la bi\u00e8re artisanale et rapprocher le public des brasseurs, le festival s\u2019\u00e9tend cette ann\u00e9e sur plus d\u2019une semaine.<\/a><\/p>\n<p class=\" wall-content\"><strong>Du 5 au 10 septembre<\/strong>, une quinzaine de bars de la ville accueilleront une cinquantaine de rendez-vous autour de la bi\u00e8re artisanale, avec des quiz, des karaok\u00e9s et des accords entre mets et bi\u00e8res. Au total,<strong> une soixantaine de brasseries locales<\/strong>, fran\u00e7aises et internationales participeront \u00e0 cette \u00e9dition.<\/p>\n<p class=\" wall-content\"><a href=\"https:\/\/www.instagram.com\/reel\/DcDrbUvg9eX\/embed\" title=\"Ouvrir le lien sur Instagram\" rel=\"nofollow noopener\" target=\"_blank\">Visualiser le contenu sur Instagram<\/a><\/p>\n<p class=\" wall-content\"><strong>Quelque 300 bi\u00e8res pression diff\u00e9rentes<\/strong> seront propos\u00e9es au fil de la semaine, avant le grand final qui se d\u00e9roulera les 11 et 12 septembre sur la place royale du Peyrou. Le festival a d\u00e9j\u00e0 connu le parc Rimbaud, la Halle Tropisme ou le Domaine d\u2019O, mais ce nouveau d\u00e9cor marque clairement un changement de dimension. <strong>La musique accompagnera aussi le rendez-vous final<\/strong>, avec Kbira, Dylan Dylan et Yuksek annonc\u00e9s le vendredi, puis le collectif Salut Salut Internet et SwissKnife. Pour cette dixi\u00e8me \u00e9dition, le village d\u2019animations sera gratuit le samedi 12 septembre, hors consommations.<\/p>\n<p><strong>&gt;<\/strong> Le Beer Love Fest se d\u00e9roule du 4 au 12 septembre 2026 dans plusieurs lieux de Montpellier. Les animations dans les bars commencent d\u00e8s le samedi 5 septembre et se poursuivent jusqu\u2019au 10 septembre. Le grand final aura lieu les vendredi 11 et samedi 12 septembre au Peyrou. <a href=\"https:\/\/www.helloasso.com\/associations\/bieres-d-occitanie\/evenements\/beer-love-fest-10-ans-deja\" rel=\"nofollow noopener\" target=\"_blank\">Les billets du vendredi sont annonc\u00e9s entre 14 et 18 euros<\/a>, tandis que l\u2019acc\u00e8s au village sera gratuit le samedi, hors consommations<\/p>\n<p class=\" wall-content\">Personnalisez votre actualit\u00e9 en ajoutant vos villes et m\u00e9dias en favori avec <a href=\"https:\/\/moncompte.actu.fr\" title=\"D\u00e9couvez Mon Actu\" rel=\"nofollow noopener\" data-trk=\"{&quot;cta&quot;:{&quot;action&quot;:&quot;https:\\\/\\\/moncompte.actu.fr&quot;,&quot;category&quot;:&quot;mon compte&quot;,&quot;from&quot;:&quot;article footer&quot;,&quot;name&quot;:&quot;Mon actu&quot;,&quot;type&quot;:&quot;cta&quot;}}\" target=\"_blank\">Mon Actu<\/a>.<\/p>\n<p>                    <script async src=\"\/\/www.instagram.com\/embed.js\"><\/script><\/p>\n","protected":false},"excerpt":{"rendered":"Par L\u00e9a Pippinato Publi\u00e9 le 4 sept. 2026 \u00e0 21h01 Les cartables sont \u00e0 peine ressortis que l\u2019agenda&hellip;\n","protected":false},"author":2,"featured_media":1167524,"comment_status":"","ping_status":"","sticky":false,"template":"","format":"standard","meta":{"footnotes":"","_share_on_mastodon":"0"},"categories":[9599],"tags":[1111,11,258,7722,1777,674,1011,27,1652,2208,873,12,2680,25],"class_list":["post-1167523","post","type-post","status-publish","format-standard","has-post-thumbnail","category-montpellier","tag-actu","tag-actualites","tag-alimentation","tag-biere","tag-eu","tag-europe","tag-fr","tag-france","tag-loisirs-culture","tag-montpellier","tag-musique","tag-news","tag-occitanie","tag-republique-francaise"],"share_on_mastodon":{"url":"https:\/\/pubeurope.com\/@fr\/117214577504508200","error":""},"_links":{"self":[{"href":"https:\/\/www.europesays.com\/fr\/wp-json\/wp\/v2\/posts\/1167523","targetHints":{"allow":["GET"]}}],"collection":[{"href":"https:\/\/www.europesays.com\/fr\/wp-json\/wp\/v2\/posts"}],"about":[{"href":"https:\/\/www.europesays.com\/fr\/wp-json\/wp\/v2\/types\/post"}],"author":[{"embeddable":true,"href":"https:\/\/www.europesays.com\/fr\/wp-json\/wp\/v2\/users\/2"}],"replies":[{"embeddable":true,"href":"https:\/\/www.europesays.com\/fr\/wp-json\/wp\/v2\/comments?post=1167523"}],"version-history":[{"count":0,"href":"https:\/\/www.europesays.com\/fr\/wp-json\/wp\/v2\/posts\/1167523\/revisions"}],"wp:featuredmedia":[{"embeddable":true,"href":"https:\/\/www.europesays.com\/fr\/wp-json\/wp\/v2\/media\/1167524"}],"wp:attachment":[{"href":"https:\/\/www.europesays.com\/fr\/wp-json\/wp\/v2\/media?parent=1167523"}],"wp:term":[{"taxonomy":"category","embeddable":true,"href":"https:\/\/www.europesays.com\/fr\/wp-json\/wp\/v2\/categories?post=1167523"},{"taxonomy":"post_tag","embeddable":true,"href":"https:\/\/www.europesays.com\/fr\/wp-json\/wp\/v2\/tags?post=1167523"}],"curies":[{"name":"wp","href":"https:\/\/api.w.org\/{rel}","templated":true}]}}