{"id":1167537,"date":"2026-09-04T20:14:24","date_gmt":"2026-09-04T20:14:24","guid":{"rendered":"https:\/\/www.europesays.com\/fr\/1167537\/"},"modified":"2026-09-04T20:14:24","modified_gmt":"2026-09-04T20:14:24","slug":"info-ouest-france-une-famille-sequestree-par-erreur-pour-des-cryptomonnaies-pres-de-rennes-une-enquete-ouverte","status":"publish","type":"post","link":"https:\/\/www.europesays.com\/fr\/1167537\/","title":{"rendered":"INFO OUEST FRANCE. Une famille s\u00e9questr\u00e9e par erreur pour des cryptomonnaies pr\u00e8s de Rennes\u00a0: une enqu\u00eate ouverte"},"content":{"rendered":"<p>\n                Article premium,<br \/>\n                    R\u00e9serv\u00e9 aux\u00a0abonn\u00e9s\n            <\/p>\n<p class=\"su-standfirst chapeau\">Le 22\u00a0ao\u00fbt dernier, les locataires d\u2019une habitation, install\u00e9e dans une commune p\u00e9riph\u00e9rique de Rennes\u00a0(Ille-et-Vilaine), ont \u00e9t\u00e9 agress\u00e9s et s\u00e9questr\u00e9s par un groupe d\u2019individus. Les victimes semblent avoir \u00e9t\u00e9 prises pour cible par erreur par les suspects, qui en voulaient aux cryptomonnaies du propri\u00e9taire des lieux. Une enqu\u00eate a \u00e9t\u00e9 ouverte.<\/p>\n<p>                                        <img decoding=\"async\" class=\"su-media\" src=\"https:\/\/www.europesays.com\/fr\/wp-content\/uploads\/2026\/09\/MjAyNjA5MTJlNjYwN2RhNGI1ZDU3ZjBjNjMyOTJkYTg1OWMyMzc.webp\" alt=\"Des locataires ont \u00e9t\u00e9 pris pour cible par un groupe d\u2019individus qui en voulaient \u00e0 leurs cryptomonnaies, dans la commune de Vern-sur-Seiche, pr\u00e8s de Rennes.\"  \/><\/p>\n<p>                            Des locataires ont \u00e9t\u00e9 pris pour cible par un groupe d\u2019individus qui en voulaient \u00e0 leurs cryptomonnaies, dans la commune de Vern-sur-Seiche, pr\u00e8s de Rennes. | J\u00c9R\u00d4ME FOUQUET\/OUEST-FRANCE<\/p>\n<p>                            fermer<\/p>\n<ul class=\"su-row su-carrousel-container su-not-list\" data-suswipe=\"{\" rambo=\"\" .carrousel-nav-bas=\"\" .item=\"\">\n<li class=\"su-col-xs-6 su-col-md-24 carrousel-contenu su-carrousel-item\" data-ofvwidth=\"{\" mobileonly=\"\"><img decoding=\"async\" data-ofmaxheight=\"\" class=\"su-media lazyload\" alt=\"Des locataires ont \u00e9t\u00e9 pris pour cible par un groupe d\u2019individus qui en voulaient \u00e0 leurs cryptomonnaies, dans la commune de Vern-sur-Seiche, pr\u00e8s de Rennes.\" src=\"data:image\/png;base64,iVBORw0KGgoAAAANSUhEUgAAABAAAAAJCAYAAAA7KqwyAAAAGXRFWHRTb2Z0d2FyZQBBZG9iZSBJbWFnZVJlYWR5ccllPAAAABhJREFUeNpi\/P\/\/PwMlgHHUgFEDgAAgwAD+lBrvy+NcxAAAAABJRU5ErkJggg==\" data-oflazyload=\"{&quot;srcset&quot;:&quot;https:\/\/media.ouest-france.fr\/v1\/pictures\/MjAyNjA5MTJlNjYwN2RhNGI1ZDU3ZjBjNjMyOTJkYTg1OWMyMzc?width=320&amp;focuspoint=50%2C25&amp;cropresize=1&amp;client_id=bpeditorial&amp;sign=24f7ec8ea2d8b13b256f5e2dfe676c808dc405122d552a5af2e20f197cd22ced 320w,https:\/\/media.ouest-france.fr\/v1\/pictures\/MjAyNjA5MTJlNjYwN2RhNGI1ZDU3ZjBjNjMyOTJkYTg1OWMyMzc?width=375&amp;focuspoint=50%2C25&amp;cropresize=1&amp;client_id=bpeditorial&amp;sign=d91b6d2fb03a87c8e3b942e1d9c0e142041bde5b228d76e5229a2b921f26f7ff 360w,https:\/\/media.ouest-france.fr\/v1\/pictures\/MjAyNjA5MTJlNjYwN2RhNGI1ZDU3ZjBjNjMyOTJkYTg1OWMyMzc?width=480&amp;focuspoint=50%2C25&amp;cropresize=1&amp;client_id=bpeditorial&amp;sign=f7ceea3a9dc0923e55d5fba92637081b2a338337240ea1b4c6c6c2ce6d685ddf 480w,https:\/\/media.ouest-france.fr\/v1\/pictures\/MjAyNjA5MTJlNjYwN2RhNGI1ZDU3ZjBjNjMyOTJkYTg1OWMyMzc?width=630&amp;focuspoint=50%2C25&amp;cropresize=1&amp;client_id=bpeditorial&amp;sign=88ace9ffa1f32397d916035330cf6b9fbe685fcb1392e4eeadd2f1b3de50a670 630w,https:\/\/media.ouest-france.fr\/v1\/pictures\/MjAyNjA5MTJlNjYwN2RhNGI1ZDU3ZjBjNjMyOTJkYTg1OWMyMzc?width=940&amp;focuspoint=50%2C25&amp;cropresize=1&amp;client_id=bpeditorial&amp;sign=7c0296b4c619bf163ee74ab3c5dc9f57536fa10a6bef2ce563c0e226e3e2519b 940w,https:\/\/media.ouest-france.fr\/v1\/pictures\/MjAyNjA5MTJlNjYwN2RhNGI1ZDU3ZjBjNjMyOTJkYTg1OWMyMzc?width=1260&amp;focuspoint=50%2C25&amp;cropresize=1&amp;client_id=bpeditorial&amp;sign=186cd7331b17856b461dd47f373126506ca53ed94bd6941d29d203903f2ee8b5 1260w&quot;}\"\/>Des locataires ont \u00e9t\u00e9 pris pour cible par un groupe d\u2019individus qui en voulaient \u00e0 leurs cryptomonnaies, dans la commune de Vern-sur-Seiche, pr\u00e8s de Rennes. | J\u00c9R\u00d4ME FOUQUET\/OUEST-FRANCE<\/li>\n<\/ul>\n<p data-ofstats-scroll=\"read_depth_20\">Une nouvelle affaire de s\u00e9questration violente dans le milieu des cryptomonnaies s\u2019est d\u00e9roul\u00e9e le 22\u00a0ao\u00fbt dernier, dans la commune de Vern-sur-Seiche, environ 8\u00a0000\u00a0habitants, situ\u00e9e au sud de Rennes\u00a0(Ille-et-Vilaine).<\/p>\n<p>Des individus se sont rendus dans une habitation excentr\u00e9e du c\u0153ur de la municipalit\u00e9, en pleine campagne, pour prendre \u00e0 partie, s\u00e9questrer et violenter les locataires des lieux. L\u2019adresse n\u2019avait pas \u00e9t\u00e9 choisie par hasard, les suspects visaient le propri\u00e9taire des lieux, d\u00e9tenteur de cryptomonnaies. Se rendant&#8230;<\/p>\n<p style=\"text-align: center; background-color: #dbbe4d; padding-top: 5px; padding-bottom: 5px; font-size: 14px;\"><strong>D\u00e9j\u00e0 abonn\u00e9 ? <\/strong><a data-trkartmonet=\"Identification\" data-trk-sipa=\"{\" blockcategory=\"\" paywall=\"\" href=\"http:\/\/www.ouest-france.fr\/login?redirect=https:\/\/www.ouest-france.fr\/societe\/faits-divers\/info-ouest-france-une-famille-sequestree-par-erreur-pour-des-cryptomonnaies-pres-de-rennes-une-enquete-ouverte-0b30fa26-a7a9-11f1-8a27-1e0c4eb5e395\" rel=\"nofollow noopener\" title=\"Se connecter \u00e0 Ouest-France\" class=\"su-link-light\" target=\"_blank\">Connectez-vous<\/a><\/p>\n<p style=\"text-align: center; padding-top: 15px; padding-bottom: 8px; vertical-align: bottom;\">bloqu\u00e9<strong> Pour lire la suite, abonnez-vous<\/strong><\/p>\n<p style=\"text-align: center;\"><strong>1er mois \u00e0 1\u20ac<\/strong><\/p>\n<p style=\"text-align: center; margin-top: -5px;\">Annulable \u00e0 tout moment<\/p>\n<p style=\"text-align: center;\">\u00a0<\/p>\n<p style=\"text-align: center;\"><a data-ida=\"\" data-trkartmonet=\"Tunnel OF+\" data-trk-sipa=\"{&#010;\" blockcategory=\"\" paywall=\"\" :=\"\" m=\"\" of=\"\" class=\"su-button su-subscription\" data-trk-bloc=\"paywall\" href=\"https:\/\/abonnement.ouest-france.fr\/tunnel\/pack-essentiel-article\/122096117101?int_medium=lien&amp;int_campaign=PWFR0225-OF&amp;int_content=page-article-payant_boutonjaune-paywall&amp;marquesource=OF&amp;rt=https:\/\/www.ouest-france.fr\/societe\/faits-divers\/info-ouest-france-une-famille-sequestree-par-erreur-pour-des-cryptomonnaies-pres-de-rennes-une-enquete-ouverte-0b30fa26-a7a9-11f1-8a27-1e0c4eb5e395\" rel=\"nofollow noopener\" target=\"_blank\"><strong>Je m&rsquo;abonne<\/strong><\/a><\/p>\n<p style=\"text-align: center; padding-top: 10px; padding-bottom: 10px;\"><img decoding=\"async\" src=\"https:\/\/media.ouest-france.fr\/v1\/fonts\/be7723fcee3f1866f1ce99184077fc6f-carte-bancaire.svg?height=36\" alt=\"CB\"\/>\u00a0\u00a0<img decoding=\"async\" src=\"https:\/\/media.ouest-france.fr\/v1\/fonts\/1819d54c599d8afa64539cfba4ac9dde-rib.svg?height=36\" alt=\"RIB\"\/>\u00a0\u00a0<img decoding=\"async\" src=\"https:\/\/media.ouest-france.fr\/v1\/fonts\/065fc80d7b6a03d14a834c224ce723e1-paypal.svg?height=36\" alt=\"PAYPAL\"\/><\/p>\n","protected":false},"excerpt":{"rendered":"Article premium, R\u00e9serv\u00e9 aux\u00a0abonn\u00e9s Le 22\u00a0ao\u00fbt dernier, les locataires d\u2019une habitation, install\u00e9e dans une commune p\u00e9riph\u00e9rique de Rennes\u00a0(Ille-et-Vilaine),&hellip;\n","protected":false},"author":2,"featured_media":1167538,"comment_status":"","ping_status":"","sticky":false,"template":"","format":"standard","meta":{"footnotes":"","_share_on_mastodon":"0"},"categories":[2821],"tags":[1111,11,829,9049,1777,674,118,1011,27,848,12,584,25,1097,9310,2949],"class_list":["post-1167537","post","type-post","status-publish","format-standard","has-post-thumbnail","category-rennes","tag-actu","tag-actualites","tag-bretagne","tag-cryptomonnaie","tag-eu","tag-europe","tag-faits-divers","tag-fr","tag-france","tag-ille-et-vilaine","tag-news","tag-rennes","tag-republique-francaise","tag-trafic","tag-vern-sur-seiche","tag-violences"],"share_on_mastodon":{"url":"https:\/\/pubeurope.com\/@fr\/117214609844579890","error":""},"_links":{"self":[{"href":"https:\/\/www.europesays.com\/fr\/wp-json\/wp\/v2\/posts\/1167537","targetHints":{"allow":["GET"]}}],"collection":[{"href":"https:\/\/www.europesays.com\/fr\/wp-json\/wp\/v2\/posts"}],"about":[{"href":"https:\/\/www.europesays.com\/fr\/wp-json\/wp\/v2\/types\/post"}],"author":[{"embeddable":true,"href":"https:\/\/www.europesays.com\/fr\/wp-json\/wp\/v2\/users\/2"}],"replies":[{"embeddable":true,"href":"https:\/\/www.europesays.com\/fr\/wp-json\/wp\/v2\/comments?post=1167537"}],"version-history":[{"count":0,"href":"https:\/\/www.europesays.com\/fr\/wp-json\/wp\/v2\/posts\/1167537\/revisions"}],"wp:featuredmedia":[{"embeddable":true,"href":"https:\/\/www.europesays.com\/fr\/wp-json\/wp\/v2\/media\/1167538"}],"wp:attachment":[{"href":"https:\/\/www.europesays.com\/fr\/wp-json\/wp\/v2\/media?parent=1167537"}],"wp:term":[{"taxonomy":"category","embeddable":true,"href":"https:\/\/www.europesays.com\/fr\/wp-json\/wp\/v2\/categories?post=1167537"},{"taxonomy":"post_tag","embeddable":true,"href":"https:\/\/www.europesays.com\/fr\/wp-json\/wp\/v2\/tags?post=1167537"}],"curies":[{"name":"wp","href":"https:\/\/api.w.org\/{rel}","templated":true}]}}