{"id":1167539,"date":"2026-09-04T20:15:33","date_gmt":"2026-09-04T20:15:33","guid":{"rendered":"https:\/\/www.europesays.com\/fr\/1167539\/"},"modified":"2026-09-04T20:15:33","modified_gmt":"2026-09-04T20:15:33","slug":"il-fait-ingerer-a-sa-compagne-un-medicament-pour-avorter-en-lembrassant-un-interne-en-medecine-condamne","status":"publish","type":"post","link":"https:\/\/www.europesays.com\/fr\/1167539\/","title":{"rendered":"Il fait ing\u00e9rer \u00e0 sa compagne un m\u00e9dicament pour avorter en l\u2019embrassant : un interne en m\u00e9decine condamn\u00e9"},"content":{"rendered":"<p>                    Par<br \/>\n        <strong><br \/>\n            <a href=\"https:\/\/actu.fr\/auteur\/redaction-strasbourg\" title=\"Consulter tous les articles de R\u00e9daction Strasbourg\" rel=\"nofollow noopener\" target=\"_blank\">R\u00e9daction Strasbourg<\/a><br \/>\n                    <\/strong><\/p>\n<p>        Publi\u00e9 le<\/p>\n<p>            4 sept. 2026 \u00e0 16h08        <\/p>\n<p>Un interne en m\u00e9decine a \u00e9t\u00e9 condamn\u00e9 jeudi par le tribunal correctionnel de <a href=\"https:\/\/actu.fr\/strasbourg\/\" rel=\"nofollow noopener\" target=\"_blank\">Strasbourg<\/a>\u00a0pour avoir administr\u00e9 \u00e0 sa compagne <strong>des comprim\u00e9s abortifs \u00e0 son insu<\/strong>.<\/p>\n<p>Interdiction d\u2019exercer la profession de m\u00e9decin<\/p>\n<p class=\" wall-content\">Sa peine\u2009: <strong>cinq ans d\u2019emprisonnement<\/strong>, dont trois avec sursis et plac\u00e9 sous mandat de d\u00e9p\u00f4t, Cet homme de 36\u00a0ans a <strong>l\u2019interdiction d\u00e9finitive d\u2019exercer la profession de m\u00e9decin<\/strong> et l\u2019interdiction d\u2019exercer toute activit\u00e9 de nature m\u00e9dicale ou param\u00e9dicale pendant une dur\u00e9e de cinq ans.<\/p>\n<p class=\" wall-content\">\u00ab\u2009Il a reconnu les faits qui lui \u00e9taient reproch\u00e9s. Il a expliqu\u00e9 qu\u2019il les a commis parce qu\u2019il n\u2019arrivait pas \u00e0 se projeter dans un projet de parentalit\u00e9, qu\u2019il n\u2019\u00e9tait pas en situation psychologique, financi\u00e8re et mat\u00e9rielle de s\u2019investir dans un projet parental\u2009\u00bb, a d\u00e9clar\u00e9 \u00e0 l\u2019AFP son avocat Valentin Gu\u00e9gan.<\/p>\n<p>Deux substances administr\u00e9es dont une en l\u2019embrassant<\/p>\n<p class=\" wall-content\">Les faits se sont produits en mars\u00a02024 au domicile de sa compagne, infirmi\u00e8re,<strong> \u00e0 Furdenheim<\/strong> (Bas-Rhin).<\/p>\n<p class=\" wall-content\">Selon le journal DNA, le trentenaire s\u2019est procur\u00e9 \u00ab\u2009un comprim\u00e9 de mif\u00e9pristone \u2014 qui ramollit le col de l\u2019ut\u00e9rus \u2014 et trois cachets de misoprostol \u2014 qui entra\u00eene l\u2019expulsion du f\u0153tus\u2009\u00bb. Il a fait ing\u00e9rer \u00e0 sa compagne la premi\u00e8re mol\u00e9cule <strong>\u00ab\u2009en l\u2019embrassant\u2009\u00bb<\/strong> puis, le lendemain, lui a fait boire une boisson dans laquelle il avait dissous le second produit.<\/p>\n<p class=\" wall-content\">Le trentenaire, sans ant\u00e9c\u00e9dents judiciaires, avait \u00e9tudi\u00e9 la m\u00e9decine pendant dix ans et en \u00e9tait \u00e0 la fin de son cursus lorsque les faits se sont produits. \u00ab\u2009On se r\u00e9serve le droit d\u2019interjeter appel. \u00c0 ce stade, aucune d\u00e9cision n\u2019est prise\u2009\u00bb, a pr\u00e9cis\u00e9 son avocat.<\/p>\n<p class=\" wall-content\"><strong>Avec AFP<\/strong><\/p>\n<p class=\" wall-content\">Personnalisez votre actualit\u00e9 en ajoutant vos villes et m\u00e9dias en favori avec <a href=\"https:\/\/moncompte.actu.fr\" title=\"D\u00e9couvez Mon Actu\" rel=\"nofollow noopener\" data-trk=\"{&quot;cta&quot;:{&quot;action&quot;:&quot;https:\\\/\\\/moncompte.actu.fr&quot;,&quot;category&quot;:&quot;mon compte&quot;,&quot;from&quot;:&quot;article footer&quot;,&quot;name&quot;:&quot;Mon actu&quot;,&quot;type&quot;:&quot;cta&quot;}}\" target=\"_blank\">Mon Actu<\/a>.<\/p>\n","protected":false},"excerpt":{"rendered":"Par R\u00e9daction Strasbourg Publi\u00e9 le 4 sept. 2026 \u00e0 16h08 Un interne en m\u00e9decine a \u00e9t\u00e9 condamn\u00e9 jeudi&hellip;\n","protected":false},"author":2,"featured_media":1167540,"comment_status":"","ping_status":"","sticky":false,"template":"","format":"standard","meta":{"footnotes":"","_share_on_mastodon":"0"},"categories":[2820],"tags":[1111,11,1719,1777,674,118,1011,27,775,303,2673,12,25,640],"class_list":["post-1167539","post","type-post","status-publish","format-standard","has-post-thumbnail","category-strasbourg","tag-actu","tag-actualites","tag-enfants","tag-eu","tag-europe","tag-faits-divers","tag-fr","tag-france","tag-grand-est","tag-justice","tag-medecins","tag-news","tag-republique-francaise","tag-strasbourg"],"share_on_mastodon":{"url":"https:\/\/pubeurope.com\/@fr\/117214611084496701","error":""},"_links":{"self":[{"href":"https:\/\/www.europesays.com\/fr\/wp-json\/wp\/v2\/posts\/1167539","targetHints":{"allow":["GET"]}}],"collection":[{"href":"https:\/\/www.europesays.com\/fr\/wp-json\/wp\/v2\/posts"}],"about":[{"href":"https:\/\/www.europesays.com\/fr\/wp-json\/wp\/v2\/types\/post"}],"author":[{"embeddable":true,"href":"https:\/\/www.europesays.com\/fr\/wp-json\/wp\/v2\/users\/2"}],"replies":[{"embeddable":true,"href":"https:\/\/www.europesays.com\/fr\/wp-json\/wp\/v2\/comments?post=1167539"}],"version-history":[{"count":0,"href":"https:\/\/www.europesays.com\/fr\/wp-json\/wp\/v2\/posts\/1167539\/revisions"}],"wp:featuredmedia":[{"embeddable":true,"href":"https:\/\/www.europesays.com\/fr\/wp-json\/wp\/v2\/media\/1167540"}],"wp:attachment":[{"href":"https:\/\/www.europesays.com\/fr\/wp-json\/wp\/v2\/media?parent=1167539"}],"wp:term":[{"taxonomy":"category","embeddable":true,"href":"https:\/\/www.europesays.com\/fr\/wp-json\/wp\/v2\/categories?post=1167539"},{"taxonomy":"post_tag","embeddable":true,"href":"https:\/\/www.europesays.com\/fr\/wp-json\/wp\/v2\/tags?post=1167539"}],"curies":[{"name":"wp","href":"https:\/\/api.w.org\/{rel}","templated":true}]}}