{"id":1167547,"date":"2026-09-04T20:20:37","date_gmt":"2026-09-04T20:20:37","guid":{"rendered":"https:\/\/www.europesays.com\/fr\/1167547\/"},"modified":"2026-09-04T20:20:37","modified_gmt":"2026-09-04T20:20:37","slug":"fete-foraine-braderie-festival-de-series-nos-idees-de-sorties-pour-le-week-end-a-nantes","status":"publish","type":"post","link":"https:\/\/www.europesays.com\/fr\/1167547\/","title":{"rendered":"F\u00eate foraine, braderie, festival de s\u00e9ries : nos id\u00e9es de sorties pour le week-end \u00e0 Nantes"},"content":{"rendered":"<p>                    Par<br \/>\n        <strong><br \/>\n            <a href=\"https:\/\/actu.fr\/auteur\/redaction-nantes\" title=\"Consulter tous les articles de R\u00e9daction Nantes\" rel=\"nofollow noopener\" target=\"_blank\">R\u00e9daction Nantes<\/a><br \/>\n                    <\/strong><\/p>\n<p>        Publi\u00e9 le<\/p>\n<p>            4 sept. 2026 \u00e0 17h44        <\/p>\n<p>Le week-end est arriv\u00e9 et les Nantais et les Nantaises vont pouvoir se d\u00e9tendre et s\u2019amuser. Comme tous les vendredis, la r\u00e9daction d\u2019actu Nantes\u00a0vous s\u00e9lectionne des\u00a0<b>id\u00e9es de sorties<\/b>\u00a0\u00e0 faire dans la cit\u00e9 des Ducs de Bretagne et dans sa m\u00e9tropole, seul ou accompagn\u00e9. Voici les activit\u00e9s \u00e0 faire ce\u00a0<b>samedi 5 et dimanche 6 septembre <\/b>2026\u00a0\u00e0\u00a0<b>Nantes<\/b>.<\/p>\n<p>Le retour de la f\u00eate foraine<\/p>\n<p class=\" wall-content\">Horror spuk, Shanga\u00ef express, Mini boom cars, Mini pouss pouss\u2026<a href=\"https:\/\/actu.fr\/pays-de-la-loire\/nantes_44109\/fete-foraine-a-nantes-le-retour-des-maneges-debut-septembre_64703080.html\" rel=\"nofollow noopener\" target=\"_blank\"> Les attractions de la f\u00eate foraine, pour petits et grands, sont de retour \u00e0 Nantes<\/a>, cours Saint-Pierre et cours Saint-Andr\u00e9, <b>du samedi 5 septembre au dimanche 4 octobre 2026.<\/b>\u00a0<\/p>\n<p class=\" wall-content\">Elle ouvrira tous les jours de 14 h \u00e0 23 h, <b>sauf les vendredis et samedis, de 14 h \u00e0 1 h.\u00a0<\/b><\/p>\n<p>Une braderie avec 70 exposants pr\u00e8s de Nantes<\/p>\n<p class=\" wall-content\">Elle est de retour. <a href=\"https:\/\/actu.fr\/pays-de-la-loire\/sainte-luce-sur-loire_44172\/braderie-pres-de-nantes-70-exposants-dans-cette-commune-le-week-end-de-la-rentree_64708885.html\" rel=\"nofollow noopener\" target=\"_blank\">La braderie commerciale \u00e0 Sainte-Luce-sur-Loire<\/a>, pr\u00e8s de Nantes, aura lieu<b> le samedi 5 septembre, de 9 h \u00e0 18 h<\/b>. Organis\u00e9e par l\u2019association des acteurs \u00e9conomiques, elle occupera la rue Jean-Moulin et la place du G\u00e9n\u00e9ral de Gaulle. L\u2019\u00e9v\u00e9nement attend 70 exposants.<\/p>\n<p class=\" wall-content\">Entre les commerces luc\u00e9ens et les entreprises locales, les habitants pourront d\u00e9nicher de bonnes affaires parmi les articles propos\u00e9s. Pour les passionn\u00e9s de braderie, le lendemain,<b> le dimanche 6 septembre, <\/b><a href=\"https:\/\/actu.fr\/pays-de-la-loire\/nantes_44109\/vide-greniers-a-nantes-plus-de-150-exposants-attendus-place-emile-zola_64672412.html\" rel=\"nofollow noopener\" target=\"_blank\"><b>un vide-greniers est organis\u00e9 \u00e0 Nantes<\/b> avec plus de 150 exposants.<\/a><\/p>\n<p>Un festival de s\u00e9ries gratuit<\/p>\n<p class=\" wall-content\">Un nouveau festival de s\u00e9ries prend ses quartiers \u00e0 Nantes, <b>\u00e0 la Butte de Sainte-Anne,<\/b> <a href=\"https:\/\/actu.fr\/pays-de-la-loire\/nantes_44109\/nantes-ce-nouveau-festival-de-cinema-et-de-series-sera-gratuit_64687191.html\" rel=\"nofollow noopener\" target=\"_blank\">du jeudi 3 au dimanche 6 septembre 2026.\u00a0<\/a><\/p>\n<p class=\" wall-content\">Cr\u00e9\u00e9 par Sandrine Aloa-Mani, directrice du magazine Cin\u00e9mara boulevard et de l\u2019association Bellissime presenze productions, Nantes Films &amp; S\u00e9ries Festival de la Butte projettera gratuitement <b>plusieurs s\u00e9ries dans les commerces du quartier nantais<\/b>. Pour cette premi\u00e8re \u00e9dition, la directrice souhaite mettre en valeur des productions qui ont marqu\u00e9 \u00ab\u00a0l\u2019imaginaire collectif\u00ab\u00a0, telles que <a href=\"https:\/\/actu.fr\/pays-de-la-loire\/nantes_44109\/engrenages-gomorra-des-series-projetees-gratuitement-en-presence-des-acteurs-a-nantes_64686643.html\" rel=\"nofollow noopener\" target=\"_blank\">Engrenages pour ses vingt ans, mais aussi Gomorra.<\/a><\/p>\n<p class=\" wall-content\"><a href=\"https:\/\/www.instagram.com\/p\/Dcx2zKoNP2j\/embed\" title=\"Ouvrir le lien sur Instagram\" rel=\"nofollow noopener\" target=\"_blank\">Visualiser le contenu sur Instagram<\/a><\/p>\n<p class=\" wall-content\"><b>Une \u00e9tape sera faite dans le quartier de Bellevue, au sein de son centre socio-culturel, le samedi 5 septembre,<\/b> pour y projeter un \u00e9pisode de la s\u00e9rie italienne Gomorra, en pr\u00e9sence de la d\u00e9l\u00e9gation du festival, dont de nombreux acteurs et actrices, tels que Moussa Maaskri (Les Cond\u00e9s, Bronx), Samir Boitard (Pax Massilia), Sheila O\u2019Connor (La Boom),<b> <\/b>V\u00e9ronique Jannot<b> <\/b>(Pause caf\u00e9), Cristina Donadio (Gomorra), ou encore Thierry Godard (Un Village fran\u00e7ais).\u00a0<\/p>\n<p>La Folie des Plantes revient ce week-end<\/p>\n<p class=\" wall-content\">Depuis 39 ans, la Folie des Plantes accueille les amoureux des v\u00e9g\u00e9taux du Grand Ouest. Organis\u00e9 par la Ville de Nantes, cet \u00e9v\u00e9nement aura lieu du <b>samedi 5 au dimanche 6 septembre 2026, au parc du Grand Blottereau<\/b>.<\/p>\n<p class=\" wall-content\">Pour cette nouvelle \u00e9dition,<a href=\"https:\/\/actu.fr\/pays-de-la-loire\/nantes_44109\/vente-artisanat-marche-solidaire-la-folie-des-plantes-revient-ce-week-end-a-nantes_64725382.html\" rel=\"nofollow noopener\" target=\"_blank\"> plus de 180 exposants de plantes sont pr\u00e9vus<\/a>, selon Nantes M\u00e9tropole. Les \u00e9tals seront r\u00e9partis sur deux circuits de visite r\u00e9unissant<b> producteurs, p\u00e9pini\u00e9ristes, collectionneurs et associations. <\/b>Chaque ann\u00e9e, l\u2019\u00e9v\u00e9nement rassemble pr\u00e8s de 40 000 visiteurs.<\/p>\n<p>Des DJ set en plein air gratuits<\/p>\n<p class=\" wall-content\"><b>Dimanche 6 septembre 2026<\/b>, pour bien finir le week-end, c\u2019est <a href=\"https:\/\/www.facebook.com\/goutezelectro\" rel=\"nofollow noopener\" target=\"_blank\">Go\u00fbtez \u00e9lectronique<\/a>. <b>Plusieurs DJ set vont s\u2019encha\u00eener en plein air, au niveau de la Grue Jaune<\/b>, sur l\u2019\u00eele de Nantes, <b>entre 14 h et 20 h<\/b>. L\u2019entr\u00e9e est gratuite. Des rafra\u00eechissements et un foodtruck sont pr\u00e9vus sur place, selon <a href=\"https:\/\/www.facebook.com\/events\/1485487149729420\/?acontext=%7B%22event_action_history%22%3A%5B%7B%22mechanism%22%3A%22discovery_custom_tab%22%2C%22surface%22%3A%22bookmark%22%7D%5D%2C%22ref_notif_type%22%3Anull%7D\" rel=\"nofollow noopener\" target=\"_blank\">l\u2019\u00e9v\u00e9nement Facebook.<\/a>\u00a0<\/p>\n<p>    <a href=\"https:\/\/www.facebook.com\/plugins\/post.php?href=https%3A%2F%2Fwww.facebook.com%2Fgoutezelectro%2Fposts%2Fpfbid0nDRH4uaptdHjbsiMGAYRec8oeWxPv77WtRdP6dyfUTZ9BXrTREvR4W6EsTWwRXpNl&amp;show_text=true&amp;width=350\" title=\"Ouvrie le lien\" rel=\"nofollow noopener\" target=\"_blank\">Cliquez ici pour visualiser le contenu<\/a><\/p>\n<p class=\" wall-content\">Les animaux ne sont pas autoris\u00e9s, tout comme les bouteilles d\u2019alcool, les bouteilles en verre et les canettes. Les bouteilles d\u2019eau transparentes sont accept\u00e9es, mais pas les gourdes opaques. <b>Les participants peuvent venir avec leur pique-nique.\u00a0<\/b><\/p>\n<p class=\" wall-content\">Personnalisez votre actualit\u00e9 en ajoutant vos villes et m\u00e9dias en favori avec <a href=\"https:\/\/moncompte.actu.fr\" title=\"D\u00e9couvez Mon Actu\" rel=\"nofollow noopener\" data-trk=\"{&quot;cta&quot;:{&quot;action&quot;:&quot;https:\\\/\\\/moncompte.actu.fr&quot;,&quot;category&quot;:&quot;mon compte&quot;,&quot;from&quot;:&quot;article footer&quot;,&quot;name&quot;:&quot;Mon actu&quot;,&quot;type&quot;:&quot;cta&quot;}}\" target=\"_blank\">Mon Actu<\/a>.<\/p>\n<p>                    <script async src=\"\/\/www.instagram.com\/embed.js\"><\/script><\/p>\n","protected":false},"excerpt":{"rendered":"Par R\u00e9daction Nantes Publi\u00e9 le 4 sept. 2026 \u00e0 17h44 Le week-end est arriv\u00e9 et les Nantais et&hellip;\n","protected":false},"author":2,"featured_media":1167548,"comment_status":"","ping_status":"","sticky":false,"template":"","format":"standard","meta":{"footnotes":"","_share_on_mastodon":"0"},"categories":[2818],"tags":[1111,11,1063,1697,1777,674,1011,27,1652,766,12,2636,25,1314],"class_list":["post-1167547","post","type-post","status-publish","format-standard","has-post-thumbnail","category-nantes","tag-actu","tag-actualites","tag-animations","tag-concert","tag-eu","tag-europe","tag-fr","tag-france","tag-loisirs-culture","tag-nantes","tag-news","tag-pays-de-la-loire","tag-republique-francaise","tag-series"],"share_on_mastodon":{"url":"https:\/\/pubeurope.com\/@fr\/117214630760355536","error":""},"_links":{"self":[{"href":"https:\/\/www.europesays.com\/fr\/wp-json\/wp\/v2\/posts\/1167547","targetHints":{"allow":["GET"]}}],"collection":[{"href":"https:\/\/www.europesays.com\/fr\/wp-json\/wp\/v2\/posts"}],"about":[{"href":"https:\/\/www.europesays.com\/fr\/wp-json\/wp\/v2\/types\/post"}],"author":[{"embeddable":true,"href":"https:\/\/www.europesays.com\/fr\/wp-json\/wp\/v2\/users\/2"}],"replies":[{"embeddable":true,"href":"https:\/\/www.europesays.com\/fr\/wp-json\/wp\/v2\/comments?post=1167547"}],"version-history":[{"count":0,"href":"https:\/\/www.europesays.com\/fr\/wp-json\/wp\/v2\/posts\/1167547\/revisions"}],"wp:featuredmedia":[{"embeddable":true,"href":"https:\/\/www.europesays.com\/fr\/wp-json\/wp\/v2\/media\/1167548"}],"wp:attachment":[{"href":"https:\/\/www.europesays.com\/fr\/wp-json\/wp\/v2\/media?parent=1167547"}],"wp:term":[{"taxonomy":"category","embeddable":true,"href":"https:\/\/www.europesays.com\/fr\/wp-json\/wp\/v2\/categories?post=1167547"},{"taxonomy":"post_tag","embeddable":true,"href":"https:\/\/www.europesays.com\/fr\/wp-json\/wp\/v2\/tags?post=1167547"}],"curies":[{"name":"wp","href":"https:\/\/api.w.org\/{rel}","templated":true}]}}