{"id":1167549,"date":"2026-09-04T20:23:19","date_gmt":"2026-09-04T20:23:19","guid":{"rendered":"https:\/\/www.europesays.com\/fr\/1167549\/"},"modified":"2026-09-04T20:23:19","modified_gmt":"2026-09-04T20:23:19","slug":"elle-fait-un-malaise-dans-un-avion-ryanair-en-direction-de-nantes-son-voisin-en-profite-pour-lagresser-sexuellement","status":"publish","type":"post","link":"https:\/\/www.europesays.com\/fr\/1167549\/","title":{"rendered":"Elle fait un malaise dans un avion Ryanair en direction de Nantes, son voisin en profite pour l\u2019agresser sexuellement"},"content":{"rendered":"<p>Une jeune femme affirme avoir \u00e9t\u00e9 agress\u00e9e sexuellement dans un avion de la compagnie Ryanair reliant Malte \u00e0 Nantes (<a target=\"_blank\" href=\"https:\/\/www.lanouvellerepublique.fr\/loire-atlantique\" rel=\"nofollow noopener\">Loire-Atlantique<\/a>), le 19\u00a0juillet 2026. Alors qu\u2019elle se sentait mal et avait fait un malaise en vol, elle affirme que son voisin aurait profit\u00e9 de la situation pour glisser ses mains sous ses v\u00eatements, rapporte <a target=\"_blank\" href=\"https:\/\/www.ouest-france.fr\/faits-divers\/agression-sexuelle\/info-ouest-france-agressions-sexuelles-dans-un-avion-un-passager-ryanair-ralliant-nantes-place-en-detention-provisoire-ca8b027a-a77e-11f1-95a1-d7cb1b3759ac\" rel=\"nofollow noopener\">Ouest-France<\/a>.<\/p>\n<p>Tr\u00e8s faible, la passag\u00e8re de 24\u00a0ans se serait litt\u00e9ralement \u00e9vanouie sur l\u2019\u00e9paule de cet homme de 39\u00a0ans. Ce dernier l\u2019aurait alors embrass\u00e9e dans le cou, avant de placer une \u00e9charpe sur le corps de la jeune femme afin de dissimuler ses gestes. La victime aurait finalement retrouv\u00e9 un peu ses esprits et l\u2019homme aurait retir\u00e9 ses mains.<\/p>\n<p>Un suspect interpell\u00e9 fin ao\u00fbt<\/p>\n<p>Choqu\u00e9e, la jeune femme est rapidement all\u00e9e porter plainte. Elle a \u00e9t\u00e9 examin\u00e9e \u00e0 l\u2019unit\u00e9 m\u00e9dico-judiciaire du CHU de Nantes et une enqu\u00eate a \u00e9t\u00e9 ouverte par la Police aux fronti\u00e8res (PAF).<\/p>\n<p>Les investigations ont permis d\u2019interpeller le suspect le 31\u00a0ao\u00fbt dernier. Inconnu de la justice, l\u2019homme a ni\u00e9 les faits qui lui sont reproch\u00e9s. Il a \u00e9t\u00e9 plac\u00e9 en d\u00e9tention provisoire dans l\u2019attente de son proc\u00e8s pour agression sexuelle sur personne vuln\u00e9rable, pr\u00e9vu le 28\u00a0octobre prochain.<\/p>\n","protected":false},"excerpt":{"rendered":"Une jeune femme affirme avoir \u00e9t\u00e9 agress\u00e9e sexuellement dans un avion de la compagnie Ryanair reliant Malte \u00e0&hellip;\n","protected":false},"author":2,"featured_media":1167550,"comment_status":"","ping_status":"","sticky":false,"template":"","format":"standard","meta":{"footnotes":"","_share_on_mastodon":"0"},"categories":[2818],"tags":[1111,11,1674,1777,674,274,1011,27,3047,766,12,2636,25,797],"class_list":["post-1167549","post","type-post","status-publish","format-standard","has-post-thumbnail","category-nantes","tag-actu","tag-actualites","tag-communes","tag-eu","tag-europe","tag-faits-divers-justice","tag-fr","tag-france","tag-loire-atlantique","tag-nantes","tag-news","tag-pays-de-la-loire","tag-republique-francaise","tag-violences-faites-aux-femmes"],"share_on_mastodon":{"url":"https:\/\/pubeurope.com\/@fr\/117214642516931406","error":""},"_links":{"self":[{"href":"https:\/\/www.europesays.com\/fr\/wp-json\/wp\/v2\/posts\/1167549","targetHints":{"allow":["GET"]}}],"collection":[{"href":"https:\/\/www.europesays.com\/fr\/wp-json\/wp\/v2\/posts"}],"about":[{"href":"https:\/\/www.europesays.com\/fr\/wp-json\/wp\/v2\/types\/post"}],"author":[{"embeddable":true,"href":"https:\/\/www.europesays.com\/fr\/wp-json\/wp\/v2\/users\/2"}],"replies":[{"embeddable":true,"href":"https:\/\/www.europesays.com\/fr\/wp-json\/wp\/v2\/comments?post=1167549"}],"version-history":[{"count":0,"href":"https:\/\/www.europesays.com\/fr\/wp-json\/wp\/v2\/posts\/1167549\/revisions"}],"wp:featuredmedia":[{"embeddable":true,"href":"https:\/\/www.europesays.com\/fr\/wp-json\/wp\/v2\/media\/1167550"}],"wp:attachment":[{"href":"https:\/\/www.europesays.com\/fr\/wp-json\/wp\/v2\/media?parent=1167549"}],"wp:term":[{"taxonomy":"category","embeddable":true,"href":"https:\/\/www.europesays.com\/fr\/wp-json\/wp\/v2\/categories?post=1167549"},{"taxonomy":"post_tag","embeddable":true,"href":"https:\/\/www.europesays.com\/fr\/wp-json\/wp\/v2\/tags?post=1167549"}],"curies":[{"name":"wp","href":"https:\/\/api.w.org\/{rel}","templated":true}]}}