{"id":1167561,"date":"2026-09-04T20:31:16","date_gmt":"2026-09-04T20:31:16","guid":{"rendered":"https:\/\/www.europesays.com\/fr\/1167561\/"},"modified":"2026-09-04T20:31:16","modified_gmt":"2026-09-04T20:31:16","slug":"balogun-absent-avec-monaco-igamane-trop-juste-du-cote-de-lille-la-liste-des-clubs-francais-pour-les-competitions-europeennes","status":"publish","type":"post","link":"https:\/\/www.europesays.com\/fr\/1167561\/","title":{"rendered":"Balogun absent avec Monaco, Igamane trop juste du c\u00f4t\u00e9 de Lille : la liste des clubs fran\u00e7ais pour les comp\u00e9titions europ\u00e9ennes"},"content":{"rendered":"<p>La liste de Lens pour la C1<\/p>\n<p><b>Gardiens :<\/b> R\u00e9gis Gurtner, Mathieu Gorgelin, Robin Risser.<br \/><b>D\u00e9fenseurs :<\/b> Ruben Aguilar, Nidal Celik, Samson Baidoo, Matthieu Udol, Jean-Clair Todibo, Michal Skoras, Saud Abdulhamid, Jonathan Gradit, Isma\u00eblo Ganiou, Souleymane Sagnan, Kyllian Antonio.<br \/><b>Milieux :<\/b> Andrija Bulatovic, Yacine Titraoui, Amadou Haidara, Micka\u00ebl Cuisance.<br \/><b>Attaquants :<\/b> Florian Sotoca, Thorgan Hazard, Florian Thauvin, Odsonne \u00c9douard, Abdallah Sima, Junior Kadile, Franjo Ivanovic.<\/p>\n","protected":false},"excerpt":{"rendered":"La liste de Lens pour la C1 Gardiens : R\u00e9gis Gurtner, Mathieu Gorgelin, Robin Risser.D\u00e9fenseurs : Ruben Aguilar,&hellip;\n","protected":false},"author":2,"featured_media":1167562,"comment_status":"","ping_status":"","sticky":false,"template":"","format":"standard","meta":{"footnotes":"","_share_on_mastodon":"0"},"categories":[2815],"tags":[1111,11,86760,1777,674,63,1011,27,811,4253,43670,447,5843,1307,2428,884,3127,12,92,584,25,23077,105443,88692],"class_list":["post-1167561","post","type-post","status-publish","format-standard","has-post-thumbnail","category-lille","tag-actu","tag-actualites","tag-actus-et-infos","tag-eu","tag-europe","tag-football","tag-fr","tag-france","tag-hauts-de-france","tag-lens","tag-ligue-conference","tag-ligue-des-champions","tag-ligue-europa","tag-lille","tag-lyon","tag-marseille","tag-monaco","tag-news","tag-paris-sg","tag-rennes","tag-republique-francaise","tag-saison-2025-2026","tag-saison-2026-2027","tag-timothee-thomas-collignon"],"share_on_mastodon":{"url":"https:\/\/pubeurope.com\/@fr\/117214674285946536","error":""},"_links":{"self":[{"href":"https:\/\/www.europesays.com\/fr\/wp-json\/wp\/v2\/posts\/1167561","targetHints":{"allow":["GET"]}}],"collection":[{"href":"https:\/\/www.europesays.com\/fr\/wp-json\/wp\/v2\/posts"}],"about":[{"href":"https:\/\/www.europesays.com\/fr\/wp-json\/wp\/v2\/types\/post"}],"author":[{"embeddable":true,"href":"https:\/\/www.europesays.com\/fr\/wp-json\/wp\/v2\/users\/2"}],"replies":[{"embeddable":true,"href":"https:\/\/www.europesays.com\/fr\/wp-json\/wp\/v2\/comments?post=1167561"}],"version-history":[{"count":0,"href":"https:\/\/www.europesays.com\/fr\/wp-json\/wp\/v2\/posts\/1167561\/revisions"}],"wp:featuredmedia":[{"embeddable":true,"href":"https:\/\/www.europesays.com\/fr\/wp-json\/wp\/v2\/media\/1167562"}],"wp:attachment":[{"href":"https:\/\/www.europesays.com\/fr\/wp-json\/wp\/v2\/media?parent=1167561"}],"wp:term":[{"taxonomy":"category","embeddable":true,"href":"https:\/\/www.europesays.com\/fr\/wp-json\/wp\/v2\/categories?post=1167561"},{"taxonomy":"post_tag","embeddable":true,"href":"https:\/\/www.europesays.com\/fr\/wp-json\/wp\/v2\/tags?post=1167561"}],"curies":[{"name":"wp","href":"https:\/\/api.w.org\/{rel}","templated":true}]}}