{"id":1167567,"date":"2026-09-04T20:36:16","date_gmt":"2026-09-04T20:36:16","guid":{"rendered":"https:\/\/www.europesays.com\/fr\/1167567\/"},"modified":"2026-09-04T20:36:16","modified_gmt":"2026-09-04T20:36:16","slug":"gros-incendie-en-cours-a-cote-de-lyon-la-fumee-visible-depuis-toute-la-ville-intervention-des-pompiers-en-cours","status":"publish","type":"post","link":"https:\/\/www.europesays.com\/fr\/1167567\/","title":{"rendered":"Gros incendie en cours \u00e0 c\u00f4t\u00e9 de Lyon, la fum\u00e9e visible depuis toute la ville : intervention des pompiers en cours"},"content":{"rendered":"<p>                    Par<br \/>\n        <strong><br \/>\n            <a href=\"https:\/\/actu.fr\/auteur\/redaction-lyon\" title=\"Consulter tous les articles de R\u00e9daction Lyon\" rel=\"nofollow noopener\" target=\"_blank\">R\u00e9daction Lyon<\/a><br \/>\n                    <\/strong><\/p>\n<p>        Publi\u00e9 le<\/p>\n<p>            4 sept. 2026 \u00e0 18h27<br \/>\n        ; mis \u00e0 jour le 4 sept. 2026 \u00e0 18h57    <\/p>\n<p>Un incendie est actuellement en cours ce vendredi 4 septembre dans l\u2019est lyonnais et un panache de fum\u00e9e est visible largement dans toute la ville de <a href=\"https:\/\/actu.fr\/auvergne-rhone-alpes\/lyon_69123\" rel=\"nofollow noopener\" target=\"_blank\">Lyon<\/a> et une partie de la m\u00e9tropole. Un autre <a href=\"https:\/\/actu.fr\/auvergne-rhone-alpes\/vaugneray_69255\/un-feu-de-foret-se-declenche-les-pompiers-arrivent-sur-place-la-fumee-de-l-incendie-visible-depuis-lyon_64748022.html\" rel=\"nofollow noopener\" target=\"_blank\">incendie est d\u2019ailleurs en cours en m\u00eame temps \u00e0 Vaugneray<\/a> dans les Monts du Lyonnais et dont la fum\u00e9e est aussi visible c\u00f4t\u00e9 Lyon.<\/p>\n<p class=\" wall-content\">Le feu visible dans l\u2019est de la m\u00e9tropole se d\u00e9roule \u00e0 Bron selon nos informations. Selon les premiers \u00e9l\u00e9ments fournis par les sapeurs-pompiers, l\u2019incendie <strong>touche la toiture d\u2019un b\u00e2timent du cr\u00e9matorium de la M\u00e9tropole de Lyon<\/strong> situ\u00e9 boulevard de l\u2019Universit\u00e9. Le site est situ\u00e9 juste en face du campus de la Porte des Alpes.<\/p>\n<p class=\" wall-content\">L\u2019intervention des secours est toujours en cours dans le secteur.<\/p>\n<p class=\" wall-content\">\n<p>    <a href=\"https:\/\/www.google.com\/maps\/embed?pb=!1m18!1m12!1m3!1d47381.63524268918!2d4.829480458543424!3d45.721589880257056!2m3!1f0!2f0!3f0!3m2!1i1024!2i768!4f13.1!3m3!1m2!1s0x47f4c17cd8b2e05f%3A0x56eb1bafe3677873!2sCr%C3%A9matorium%20de%20la%20M%C3%A9tropole%20de%20Lyon!5e0!3m2!1sfr!2sfr!4v1788539187207!5m2!1sfr!2sfr\" title=\"Ouvrie le lien\" rel=\"nofollow noopener\" target=\"_blank\">Cliquez ici pour visualiser le contenu<\/a><\/p>\n<p class=\" wall-content\"><strong>Plus d\u2019informations \u00e0 suivre\u2026<\/strong><\/p>\n<p class=\" wall-content\">Personnalisez votre actualit\u00e9 en ajoutant vos villes et m\u00e9dias en favori avec <a href=\"https:\/\/moncompte.actu.fr\" title=\"D\u00e9couvez Mon Actu\" rel=\"nofollow noopener\" data-trk=\"{&quot;cta&quot;:{&quot;action&quot;:&quot;https:\\\/\\\/moncompte.actu.fr&quot;,&quot;category&quot;:&quot;mon compte&quot;,&quot;from&quot;:&quot;article footer&quot;,&quot;name&quot;:&quot;Mon actu&quot;,&quot;type&quot;:&quot;cta&quot;}}\" target=\"_blank\">Mon Actu<\/a>.<\/p>\n","protected":false},"excerpt":{"rendered":"Par R\u00e9daction Lyon Publi\u00e9 le 4 sept. 2026 \u00e0 18h27 ; mis \u00e0 jour le 4 sept. 2026&hellip;\n","protected":false},"author":2,"featured_media":1167568,"comment_status":"","ping_status":"","sticky":false,"template":"","format":"standard","meta":{"footnotes":"","_share_on_mastodon":"0"},"categories":[1889],"tags":[1111,11,2430,1777,674,118,1011,27,1310,2428,12,1311,25],"class_list":["post-1167567","post","type-post","status-publish","format-standard","has-post-thumbnail","category-lyon","tag-actu","tag-actualites","tag-auvergne-rhone-alpes","tag-eu","tag-europe","tag-faits-divers","tag-fr","tag-france","tag-incendie","tag-lyon","tag-news","tag-pompiers","tag-republique-francaise"],"share_on_mastodon":{"url":"https:\/\/pubeurope.com\/@fr\/117214693907783504","error":""},"_links":{"self":[{"href":"https:\/\/www.europesays.com\/fr\/wp-json\/wp\/v2\/posts\/1167567","targetHints":{"allow":["GET"]}}],"collection":[{"href":"https:\/\/www.europesays.com\/fr\/wp-json\/wp\/v2\/posts"}],"about":[{"href":"https:\/\/www.europesays.com\/fr\/wp-json\/wp\/v2\/types\/post"}],"author":[{"embeddable":true,"href":"https:\/\/www.europesays.com\/fr\/wp-json\/wp\/v2\/users\/2"}],"replies":[{"embeddable":true,"href":"https:\/\/www.europesays.com\/fr\/wp-json\/wp\/v2\/comments?post=1167567"}],"version-history":[{"count":0,"href":"https:\/\/www.europesays.com\/fr\/wp-json\/wp\/v2\/posts\/1167567\/revisions"}],"wp:featuredmedia":[{"embeddable":true,"href":"https:\/\/www.europesays.com\/fr\/wp-json\/wp\/v2\/media\/1167568"}],"wp:attachment":[{"href":"https:\/\/www.europesays.com\/fr\/wp-json\/wp\/v2\/media?parent=1167567"}],"wp:term":[{"taxonomy":"category","embeddable":true,"href":"https:\/\/www.europesays.com\/fr\/wp-json\/wp\/v2\/categories?post=1167567"},{"taxonomy":"post_tag","embeddable":true,"href":"https:\/\/www.europesays.com\/fr\/wp-json\/wp\/v2\/tags?post=1167567"}],"curies":[{"name":"wp","href":"https:\/\/api.w.org\/{rel}","templated":true}]}}