{"id":1167572,"date":"2026-09-04T20:41:22","date_gmt":"2026-09-04T20:41:22","guid":{"rendered":"https:\/\/www.europesays.com\/fr\/1167572\/"},"modified":"2026-09-04T20:41:22","modified_gmt":"2026-09-04T20:41:22","slug":"la-rentree-a-sangnier-ville-de-paris","status":"publish","type":"post","link":"https:\/\/www.europesays.com\/fr\/1167572\/","title":{"rendered":"La rentr\u00e9e \u00e0 Sangnier &#8211; Ville de Paris"},"content":{"rendered":"<p>Venez f\u00eater la rentr\u00e9e au CPA Marc Sangnier et d\u00e9couvrez de nouvelles activit\u00e9s\u00a0! C&rsquo;est GRATUIT\u00a0! Les mercredi 9 et samedi 12 septembre, votre CPA vous ouvre grand ses portes pour 2 journ\u00e9es de d\u00e9couvertes et de convivialit\u00e9s pour c\u00e9l\u00e9brer le plaisir de se retrouver pour cette nouvelle saison\u00a0!<\/p>\n<p class=\"text\"><strong>14h00\u00a0\u2013 14h45<\/strong>\u00a0: <strong>Eveil th\u00e9\u00e2tral\u00a0\u2013 4\/7 ans<\/strong><\/p>\n<p class=\"text\"><strong>14h30- 15h30<\/strong>\u00a0: <strong>Boxe MMA\u00a0\u2013 13 ans et +<\/strong><\/p>\n<p class=\"text\"><strong>15h00\u00a0\u2013 16h30\u00a0: Crochet\u00a0\u2013 8 ans et +<\/strong><\/p>\n<p class=\"text\"><strong>15h00\u00a0\u2013 16h00<\/strong>\u00a0: <strong>Th\u00e9\u00e2tre 8\/15 ans<\/strong><\/p>\n<p class=\"text\"><strong>15h00\u00a0\u2013 15h45<\/strong>\u00a0: <strong>Marionnettes\u00a0\u2013 7\/10 ans<\/strong><\/p>\n<p class=\"text\"><strong> 17h00\u00a0\u2013 19h00<\/strong>\u00a0: <strong>Stop-Motion\u00a0\u2013 10\/15 ans<\/strong><\/p>\n<p class=\"text\"><strong><strong> 17h30\u00a0\u2013 18h15<\/strong><\/strong>\u00a0: <strong>Danse Afrobeat <\/strong>\u2013 <strong> <strong>10\/15 ans<\/strong><\/strong><\/p>\n<p class=\"text\"><strong> 18h15\u00a0\u2013 19h00<\/strong>\u00a0:<strong> Danse Afrobeat\u00a0\u2013 16 ans et + <\/strong><\/p>\n<p class=\"text\"><strong>16h30\u00a0\u2013 17h30\u00a0\u2013 <\/strong>Grand go\u00fbter ludique (apportez de quoi grignoter)<\/p>\n<p class=\"text\"><strong>14h00\u00a0\u2013 14h45<\/strong>\u00a0: <strong> Danse Jazz<\/strong>\u00a0\u2013 <strong>6\/7 ans<\/strong><\/p>\n<p class=\"text\"><strong> 14h45\u00a0\u2013 15h30<\/strong>\u00a0: <strong>Danse Jazz<\/strong>\u00a0\u2013 <strong>8\/10 ans<\/strong><\/p>\n<p class=\"text\"><strong>15h00\u00a0\u2013 16h30<\/strong>\u00a0: <strong>Kitchen Gravure<\/strong>\u00a0\u2013 <strong>8\/14 ans<\/strong><\/p>\n<p class=\"text\"><strong>15h00\u00a0\u2013 15h45\u00a0:<\/strong> <strong>Art et techniques du papier\u00a0\u2013 5\/6 ans<\/strong><\/p>\n<p class=\"text\"><strong>15h30\u00a0\u2013 16h30<\/strong>\u00a0: <strong>Danse House\u00a0\u2013 16 ans et +<\/strong><\/p>\n<p class=\"text\"><strong>15h30\u00a0\u2013 16h30<\/strong>\u00a0: <strong>Sophrologie\u00a0\u2013 16 ans et +<\/strong><\/p>\n<p class=\"text\"><strong>16h00\u00a0\u2013 17h00<\/strong>\u00a0: <strong>Architecture &amp; maquettes\u00a0\u2013 7\/12 ans<\/strong><\/p>\n<p class=\"text\"><strong>16h00\u00a0\u2013 17h00<\/strong>\u00a0: <strong>Heels &amp; Cabaret<\/strong> <strong>16 ans et + <\/strong><\/p>\n<p class=\"text\"><strong>16h30\u00a0\u2013 17h30 <\/strong>\u00a0: <strong>Zumba\u00a0\u2013 16 ans et +<\/strong><\/p>\n<p class=\"text\"><strong>Spectacle famille\u00a0\u2013 LOOM LOOM UN LUTIN DANS LE M\u00c9TRO<\/strong><\/p>\n<p class=\"text\">Loom Loom d\u00e9teste ces sales humains grognons qui obligent les siens \u00e0<br \/>\n se cacher sous terre. Mais comme tous les lutins du m\u00e9tro, il doit<br \/>\nveiller en secret sur un humain qui lui est attribu\u00e9\u00a0: Louise.<\/p>\n<p class=\"text\">Agente de s\u00fbret\u00e9 \u00e0 la RATP, r\u00eaveuse et enthousiaste, Louise est<br \/>\npersuad\u00e9e que quelque chose nous guette dans l\u2019ombre, au-del\u00e0 des<br \/>\ncouloirs du m\u00e9tro quotidien\u2026<\/p>\n<p class=\"text\"><strong>16h30\u00a0\u2013 17h30\u00a0\u2013 <strong>Caf\u00e9 Parlotte \u00ab\u00a0Vos id\u00e9es pour la rentr\u00e9e\u00a0\u00bb<\/strong> <\/strong><\/p>\n<p class=\"text\"><strong>N\u2019h\u00e9sitez<br \/>\n pas \u00e0 venir en famille ou entre amis pour d\u00e9couvrir les nouveaut\u00e9s et<br \/>\nla programmation que nous vous proposerons tout au long de l\u2019ann\u00e9e\u00a0!<\/strong><\/p>\n","protected":false},"excerpt":{"rendered":"Venez f\u00eater la rentr\u00e9e au CPA Marc Sangnier et d\u00e9couvrez de nouvelles activit\u00e9s\u00a0! C&rsquo;est GRATUIT\u00a0! Les mercredi 9&hellip;\n","protected":false},"author":2,"featured_media":1167573,"comment_status":"","ping_status":"","sticky":false,"template":"","format":"standard","meta":{"footnotes":"","_share_on_mastodon":"0"},"categories":[1888],"tags":[1111,1928,11,1927,1777,674,1011,27,12,1926,626,1925,25],"class_list":["post-1167572","post","type-post","status-publish","format-standard","has-post-thumbnail","category-paris","tag-actu","tag-actu-paris","tag-actualites","tag-actualites-paris","tag-eu","tag-europe","tag-fr","tag-france","tag-news","tag-news-paris","tag-paris","tag-paris-news","tag-republique-francaise"],"share_on_mastodon":{"url":"https:\/\/pubeurope.com\/@fr\/117214713639771626","error":""},"_links":{"self":[{"href":"https:\/\/www.europesays.com\/fr\/wp-json\/wp\/v2\/posts\/1167572","targetHints":{"allow":["GET"]}}],"collection":[{"href":"https:\/\/www.europesays.com\/fr\/wp-json\/wp\/v2\/posts"}],"about":[{"href":"https:\/\/www.europesays.com\/fr\/wp-json\/wp\/v2\/types\/post"}],"author":[{"embeddable":true,"href":"https:\/\/www.europesays.com\/fr\/wp-json\/wp\/v2\/users\/2"}],"replies":[{"embeddable":true,"href":"https:\/\/www.europesays.com\/fr\/wp-json\/wp\/v2\/comments?post=1167572"}],"version-history":[{"count":0,"href":"https:\/\/www.europesays.com\/fr\/wp-json\/wp\/v2\/posts\/1167572\/revisions"}],"wp:featuredmedia":[{"embeddable":true,"href":"https:\/\/www.europesays.com\/fr\/wp-json\/wp\/v2\/media\/1167573"}],"wp:attachment":[{"href":"https:\/\/www.europesays.com\/fr\/wp-json\/wp\/v2\/media?parent=1167572"}],"wp:term":[{"taxonomy":"category","embeddable":true,"href":"https:\/\/www.europesays.com\/fr\/wp-json\/wp\/v2\/categories?post=1167572"},{"taxonomy":"post_tag","embeddable":true,"href":"https:\/\/www.europesays.com\/fr\/wp-json\/wp\/v2\/tags?post=1167572"}],"curies":[{"name":"wp","href":"https:\/\/api.w.org\/{rel}","templated":true}]}}