{"id":1167574,"date":"2026-09-04T20:42:25","date_gmt":"2026-09-04T20:42:25","guid":{"rendered":"https:\/\/www.europesays.com\/fr\/1167574\/"},"modified":"2026-09-04T20:42:25","modified_gmt":"2026-09-04T20:42:25","slug":"paris-deroule-contre-menorca-parisbasketball","status":"publish","type":"post","link":"https:\/\/www.europesays.com\/fr\/1167574\/","title":{"rendered":"Paris d\u00e9roule contre Menorca &#8211; ParisBasketball"},"content":{"rendered":"<p class=\"wp-block-paragraph\"><strong>Le Paris Basketball en d\u00e9monstration ce vendredi soir sur les terres du Basquet Menorca lors de son 2e match de pr\u00e9-saison (95-<strong>62<\/strong>).<\/strong><\/p>\n<p class=\"wp-block-paragraph\">Les r\u00eanes de la partie se trouvent d\u2019embl\u00e9e entre les mains de la d\u00e9fense ! \u00c7a presse, \u00e7a cherche l\u2019interception, \u00e7a se jette sur chaque ballon, \u00e7a conteste. Si Allan ouvre rapidement la marque du Paris Basketball, le score peine \u00e0 s\u2019accro\u00eetre au tableau d\u2019affichage durant les 5 premi\u00e8res minutes. Extr\u00eamement assidus sur le travail sans ballon, les 2 \u00e9quipes obligent leurs adversaires \u00e0 aller jusqu\u2019au bout des 24 secondes. Une grosse intensit\u00e9 dont Minorque tire initialement profit. Pour son retour apr\u00e8s la tr\u00eave internationale, Nadir nous permet de grappiller notre retard \u00e0 coup de cross transform\u00e9 en lancers francs fructueux. Puis c\u2019est toute l\u2019\u00e9quipe qui priorise les drives tranchant aux tirs ext\u00e9rieurs contrairement \u00e0 des locaux dont la bonne adresse leur garantit une courte avance. Du moins jusqu\u2019\u00e0 ce shoot au buzzer du logo totalement fou sign\u00e9 Jared (22-22).\u00a0<\/p>\n<p><img loading=\"lazy\" decoding=\"async\" width=\"1080\" height=\"1080\" src=\"https:\/\/www.europesays.com\/fr\/wp-content\/uploads\/2026\/09\/Jared.png\" alt=\"\" class=\"wp-image-63297 size-full lazyload\" style=\"--smush-placeholder-width: 1080px; --smush-placeholder-aspect-ratio: 1080\/1080;object-position:53% 21%\"  data-\/><\/p>\n<p><img loading=\"lazy\" decoding=\"async\" width=\"1080\" height=\"1080\" src=\"https:\/\/www.europesays.com\/fr\/wp-content\/uploads\/2026\/09\/Nadir.png\" alt=\"\" class=\"wp-image-63300 size-full lazyload\" style=\"--smush-placeholder-width: 1080px; --smush-placeholder-aspect-ratio: 1080\/1080;object-position:43% 12%\"  data-\/><\/p>\n<p class=\"wp-block-paragraph\">La physionomie de la rencontre ne change pas. Gr\u00e2ce \u00e0 une ligne ext\u00e9rieure extr\u00eamement agressive, nos Parisiens repoussent constamment les Espagnols au large. Avec comme seule possibilit\u00e9 de planter des shoots \u00e0 3 points. Surtout que notre formation monte clairement d\u2019un cran physiquement parlant de par des transitions toujours plus cliniques, sans compter une circulation de balle particuli\u00e8rement fluide. En une poign\u00e9e de possessions, les hommes de <a href=\"https:\/\/parisbasketball.com\/2026\/07\/from-nba-to-paris-maxime-lefevre-nomme-head-coach\/\" data-type=\"link\" data-id=\"https:\/\/parisbasketball.com\/2026\/07\/from-nba-to-paris-maxime-lefevre-nomme-head-coach\/\" rel=\"nofollow noopener\" target=\"_blank\">Maxime Lef\u00e8vre<\/a> forment un matelas d\u2019une dizaine de points. Un avantage que les paniers lointains de <a href=\"https:\/\/parisbasketball.com\/player\/tyson-etienne\/\" data-type=\"link\" data-id=\"https:\/\/parisbasketball.com\/player\/tyson-etienne\/\" rel=\"nofollow noopener\" target=\"_blank\">Tyson Etienne<\/a> ou encore de <a href=\"https:\/\/parisbasketball.com\/player\/t-j-warren\/\" data-type=\"link\" data-id=\"https:\/\/parisbasketball.com\/player\/t-j-warren\/\" rel=\"nofollow noopener\" target=\"_blank\">T.J. Warren<\/a> s\u2019assurent de conserver ! Sachant que pendant ce temps-l\u00e0, nos <a href=\"https:\/\/parisbasketball.com\/player\/maozinha-pereira\/\" data-type=\"link\" data-id=\"https:\/\/parisbasketball.com\/player\/maozinha-pereira\/\" rel=\"nofollow noopener\" target=\"_blank\">Maozinha<\/a>, Momo mais aussi Allan continuent de distribuer les contres avant de sanctionner de l\u2019autre c\u00f4t\u00e9 du parquet par un dunk. Et comme un symbole, notre festival offensif s\u2019ach\u00e8ve sur une r\u00e9cup\u00e9ration haute coupl\u00e9e d\u2019une projection rapide (53-31).<\/p>\n<p class=\"wp-block-paragraph\">Malgr\u00e9 la pause, le Paris Basketball ne ralentit absolument pas ! Minorque se voit m\u00eame oblig\u00e9e de prendre un temps mort au bout de seulement quelques possessions. Surtout que ces derniers ne parviennent \u00e0 d\u00e9bloquer leur compteur en 2nd p\u00e9riode. Nos Parisiens ne laissent RIEN passer ! Mont\u00e9e de balle \u2013 interception \u2013 transition \u2013 2 points. Voici le sch\u00e9ma au sein duquel s\u2019embourbent les locaux durant plus de 3 minutes ! Le momentum s\u2019\u00e9quilibre certes petit \u00e0 petit, cependant le rythme impos\u00e9 par les co\u00e9quipiers de L\u00e9o est tel que les locaux ne peuvent calmer la houle. Bien que les paniers rentrent moins, notre formation d\u00e9ploie sereinement son basketball offensif \u00e0 coup de prises d\u2019intervalles ou bien de fautes provoqu\u00e9es. Le tout agr\u00e9ment\u00e9 des coups d\u2019\u00e9clat du duo Jared-T.J. Au coup d\u2019envoi du 4QT, quasi 30 points nous s\u00e9parent des Espagnoles (79-51). Sous l\u2019impulsion d\u2019une succession de tirs depuis le parking ainsi que de stops d\u00e9fensifs, nos joueurs accentuent une marge en constante augmentation. Fin de match contr\u00f4l\u00e9e \u00e0 l\u2019instar de l\u2019ensemble de notre rencontre (95-62).<\/p>\n<p><img loading=\"lazy\" decoding=\"async\" width=\"1080\" height=\"1080\" src=\"https:\/\/www.europesays.com\/fr\/wp-content\/uploads\/2026\/09\/TJ-2.png\" alt=\"\" class=\"wp-image-63299 size-full lazyload\" style=\"--smush-placeholder-width: 1080px; --smush-placeholder-aspect-ratio: 1080\/1080;object-position:64% 34%\"  data-\/><\/p>\n<p class=\"wp-block-paragraph\">Le Paris Basketball n\u2019a pas fait dans la dentelle dans la foul\u00e9e de ce match \u00e9triqu\u00e9 \u00e0 Orl\u00e9ans (89\u201385). Cette pr\u00e9-saison suit parfaitement son cours \u00e0 l\u2019approche de la SuperCoupe LNB (19-20 septembre).<\/p>\n<p class=\"wp-block-paragraph\">Vivez la folie Paris Basketball au plus pr\u00e8s de l\u2019action en profitant d\u00e8s \u00e0 pr\u00e9sent des 10% de r\u00e9duction sur tous nos abonnements en cliquant sur ce <a href=\"https:\/\/billetterie.parisbasketball.com\/fr\/abonnement-20-matchs\" data-type=\"link\" data-id=\"https:\/\/billetterie.parisbasketball.com\/fr\/abonnement-20-matchs\" rel=\"nofollow noopener\" target=\"_blank\"><strong>lien<\/strong><\/a> !<\/p>\n<blockquote class=\"instagram-media\" data-instgrm-captioned=\"\" data-instgrm-permalink=\"https:\/\/www.instagram.com\/p\/Dc4NXI6RBWO\/?utm_source=ig_embed&amp;utm_campaign=loading\" data-instgrm-version=\"14\" style=\" background:#FFF; border:0; border-radius:3px; box-shadow:0 0 1px 0 rgba(0,0,0,0.5),0 1px 10px 0 rgba(0,0,0,0.15); margin: 1px; max-width:540px; min-width:326px; padding:0; width:99.375%; width:-webkit-calc(100% - 2px); width:calc(100% - 2px);\"\/>\n<p>\t\t<script async src=\"\/\/www.instagram.com\/embed.js\"><\/script><\/p>\n","protected":false},"excerpt":{"rendered":"Le Paris Basketball en d\u00e9monstration ce vendredi soir sur les terres du Basquet Menorca lors de son 2e&hellip;\n","protected":false},"author":2,"featured_media":1167575,"comment_status":"","ping_status":"","sticky":false,"template":"","format":"standard","meta":{"footnotes":"","_share_on_mastodon":"0"},"categories":[1888],"tags":[1111,1928,11,1927,1777,674,1011,27,12,1926,626,1925,25],"class_list":["post-1167574","post","type-post","status-publish","format-standard","has-post-thumbnail","category-paris","tag-actu","tag-actu-paris","tag-actualites","tag-actualites-paris","tag-eu","tag-europe","tag-fr","tag-france","tag-news","tag-news-paris","tag-paris","tag-paris-news","tag-republique-francaise"],"share_on_mastodon":{"url":"https:\/\/pubeurope.com\/@fr\/117214719476135580","error":""},"_links":{"self":[{"href":"https:\/\/www.europesays.com\/fr\/wp-json\/wp\/v2\/posts\/1167574","targetHints":{"allow":["GET"]}}],"collection":[{"href":"https:\/\/www.europesays.com\/fr\/wp-json\/wp\/v2\/posts"}],"about":[{"href":"https:\/\/www.europesays.com\/fr\/wp-json\/wp\/v2\/types\/post"}],"author":[{"embeddable":true,"href":"https:\/\/www.europesays.com\/fr\/wp-json\/wp\/v2\/users\/2"}],"replies":[{"embeddable":true,"href":"https:\/\/www.europesays.com\/fr\/wp-json\/wp\/v2\/comments?post=1167574"}],"version-history":[{"count":0,"href":"https:\/\/www.europesays.com\/fr\/wp-json\/wp\/v2\/posts\/1167574\/revisions"}],"wp:featuredmedia":[{"embeddable":true,"href":"https:\/\/www.europesays.com\/fr\/wp-json\/wp\/v2\/media\/1167575"}],"wp:attachment":[{"href":"https:\/\/www.europesays.com\/fr\/wp-json\/wp\/v2\/media?parent=1167574"}],"wp:term":[{"taxonomy":"category","embeddable":true,"href":"https:\/\/www.europesays.com\/fr\/wp-json\/wp\/v2\/categories?post=1167574"},{"taxonomy":"post_tag","embeddable":true,"href":"https:\/\/www.europesays.com\/fr\/wp-json\/wp\/v2\/tags?post=1167574"}],"curies":[{"name":"wp","href":"https:\/\/api.w.org\/{rel}","templated":true}]}}