{"id":1167582,"date":"2026-09-04T20:48:23","date_gmt":"2026-09-04T20:48:23","guid":{"rendered":"https:\/\/www.europesays.com\/fr\/1167582\/"},"modified":"2026-09-04T20:48:23","modified_gmt":"2026-09-04T20:48:23","slug":"guerre-en-ukraine-trump-envoie-ses-emissaires-a-moscou-et-kiev-avec-un-plan-pour-mettre-fin-a-la-guerre","status":"publish","type":"post","link":"https:\/\/www.europesays.com\/fr\/1167582\/","title":{"rendered":"Guerre en Ukraine. Trump envoie ses \u00e9missaires \u00e0 Moscou et Kiev avec un plan pour \u00ab mettre fin \u00e0 la guerre \u00bb"},"content":{"rendered":"<p><a href=\"https:\/\/www.ledauphine.com\/p\/donald-trump\" target=\"_blank\" rel=\"nofollow noopener\">Donald Trump<\/a> a indiqu\u00e9 vendredi qu&rsquo;il envoyait ses \u00e9missaires Jared Kushner et Steve Witkoff \u00e0 Moscou et \u00e0 Kiev avec une proposition pour mettre un terme \u00e0 la <a href=\"https:\/\/www.ledauphine.com\/defense-guerre-conflit\/2026\/09\/04\/le-siege-des-services-de-securite-vise-par-un-drone-russe-en-plein-centre-de-kiev\" target=\"_blank\" rel=\"nofollow noopener\">guerre en Ukraine<\/a>. \u00ab Nous les avons envoy\u00e9s pour voir si nous pouvions faire avancer les choses, et il y a une bonne chance pour que nous y parvenions \u00bb, a affirm\u00e9 <a href=\"https:\/\/www.ledauphine.com\/defense-guerre-conflit\/2026\/09\/04\/des-centaines-de-milliards-trump-dit-vouloir-que-l-europe-rembourse-les-aides-a-kiev\" target=\"_blank\" rel=\"nofollow noopener\">le pr\u00e9sident am\u00e9ricain<\/a> aux journalistes depuis le Bureau ovale.<\/p>\n<p>Selon le m\u00e9dia Axios, MM. Witkoff et Kushner se rendent ce vendredi \u00e0 Moscou pour des entretiens avec le pr\u00e9sident russe <a href=\"https:\/\/www.ledauphine.com\/p\/vladimir-poutine\" target=\"_blank\" rel=\"nofollow noopener\">Vladimir Poutine<\/a> samedi, puis \u00e0 Kiev dimanche pour y voir le pr\u00e9sident ukrainien <a href=\"https:\/\/www.ledauphine.com\/p\/volodymyr-zelensky\" target=\"_blank\" rel=\"nofollow noopener\">Volodymyr Zelensky<\/a>. Le pr\u00e9sident am\u00e9ricain n&rsquo;a pas pr\u00e9cis\u00e9 si ce plan impliquait une cession de territoire de la part de l&rsquo;Ukraine, comme il l&rsquo;avait laiss\u00e9 entendre auparavant, mais il a d\u00e9clar\u00e9: \u00ab Nous avons une id\u00e9e pour la paix. \u00bb<\/p>\n<p>Ce sera la premi\u00e8re fois que Kushner et Witkoff se rendront \u00e0 Kiev, ville ravag\u00e9e par la guerre, depuis le retour de Donald Trump au pouvoir l&rsquo;ann\u00e9e derni\u00e8re, avec la promesse de mettre fin \u00e0 la guerre en Ukraine. Les deux \u00e9missaires am\u00e9ricains se sont d\u00e9j\u00e0 rendus \u00e0 Moscou. Le dirigeant am\u00e9ricain a attribu\u00e9 la guerre, qui a d\u00e9but\u00e9 avec l&rsquo;invasion de l&rsquo;Ukraine par la Russie en f\u00e9vrier 2022, \u00e0 un \u00ab probl\u00e8me de personnalit\u00e9 \u00bb entre le pr\u00e9sident russe et le pr\u00e9sident ukrainien.<\/p>\n<p>  Kiev avance l&rsquo;id\u00e9e d&rsquo;une tr\u00eave a\u00e9rienne<\/p>\n<p>Zelensky avait pr\u00e9c\u00e9demment d\u00e9clar\u00e9 avoir propos\u00e9 de respecter un cessez-le-feu avec la Russie pendant la visite des \u00e9missaires am\u00e9ricains \u00e0 Moscou et \u00e0 Kiev. \u00ab Il n&rsquo;y aura pas de frappes a\u00e9riennes de notre part, et la Russie doit, en contrepartie, garantir un cessez-le-feu \u2013 sans mener ses propres frappes a\u00e9riennes \u2013 pendant toute la dur\u00e9e n\u00e9cessaire \u00e0 la conduite de ces pourparlers \u00bb, a d\u00e9clar\u00e9 M. Zelensky dans son allocution du soir.<\/p>\n<p>Donald Trump a par ailleurs minimis\u00e9 la d\u00e9cision prise en d\u00e9but de semaine par l&rsquo;Allemagne d&rsquo;accuser la Russie d&rsquo;une tentative d&rsquo;attaque par drone contre un a\u00e9roport \u00e0 Leipzig. \u00ab Je lui parle. Je le connais tr\u00e8s bien. Poutine n&rsquo;a pas l&rsquo;intention d&rsquo;attaquer un territoire de l&rsquo;Otan \u00bb, a d\u00e9clar\u00e9 le pr\u00e9sident am\u00e9ricain lorsqu&rsquo;un journaliste de l&rsquo;AFP l&rsquo;a interrog\u00e9 sur les all\u00e9gations allemandes. La semaine derni\u00e8re, le directeur de la CIA, John Ratcliffe, s&rsquo;est rendu \u00e0 Moscou lors d&rsquo;un rare d\u00e9placement qui a suscit\u00e9 de nombreuses sp\u00e9culations.<\/p>\n<p>Vendredi, en fin d&rsquo;apr\u00e8s-midi, un drone russe a frapp\u00e9 le b\u00e2timent principal du SBU, les services de s\u00e9curit\u00e9s ukrainiens, dans le quartier historique de la capitale, a annonc\u00e9 Volodymyr Zelensky. C&rsquo;est une premi\u00e8re depuis le d\u00e9but du conflit.<\/p>\n","protected":false},"excerpt":{"rendered":"Donald Trump a indiqu\u00e9 vendredi qu&rsquo;il envoyait ses \u00e9missaires Jared Kushner et Steve Witkoff \u00e0 Moscou et \u00e0&hellip;\n","protected":false},"author":2,"featured_media":1167583,"comment_status":"","ping_status":"","sticky":false,"template":"","format":"standard","meta":{"footnotes":"","_share_on_mastodon":"0"},"categories":[1590],"tags":[11,3206,1777,674,107,329,12,220],"class_list":["post-1167582","post","type-post","status-publish","format-standard","has-post-thumbnail","category-ukraine","tag-actualites","tag-defense-guerre-conflit","tag-eu","tag-europe","tag-fil-info","tag-france-monde","tag-news","tag-ukraine"],"share_on_mastodon":{"url":"https:\/\/pubeurope.com\/@fr\/117214741319027783","error":""},"_links":{"self":[{"href":"https:\/\/www.europesays.com\/fr\/wp-json\/wp\/v2\/posts\/1167582","targetHints":{"allow":["GET"]}}],"collection":[{"href":"https:\/\/www.europesays.com\/fr\/wp-json\/wp\/v2\/posts"}],"about":[{"href":"https:\/\/www.europesays.com\/fr\/wp-json\/wp\/v2\/types\/post"}],"author":[{"embeddable":true,"href":"https:\/\/www.europesays.com\/fr\/wp-json\/wp\/v2\/users\/2"}],"replies":[{"embeddable":true,"href":"https:\/\/www.europesays.com\/fr\/wp-json\/wp\/v2\/comments?post=1167582"}],"version-history":[{"count":0,"href":"https:\/\/www.europesays.com\/fr\/wp-json\/wp\/v2\/posts\/1167582\/revisions"}],"wp:featuredmedia":[{"embeddable":true,"href":"https:\/\/www.europesays.com\/fr\/wp-json\/wp\/v2\/media\/1167583"}],"wp:attachment":[{"href":"https:\/\/www.europesays.com\/fr\/wp-json\/wp\/v2\/media?parent=1167582"}],"wp:term":[{"taxonomy":"category","embeddable":true,"href":"https:\/\/www.europesays.com\/fr\/wp-json\/wp\/v2\/categories?post=1167582"},{"taxonomy":"post_tag","embeddable":true,"href":"https:\/\/www.europesays.com\/fr\/wp-json\/wp\/v2\/tags?post=1167582"}],"curies":[{"name":"wp","href":"https:\/\/api.w.org\/{rel}","templated":true}]}}