{"id":1167588,"date":"2026-09-04T20:52:18","date_gmt":"2026-09-04T20:52:18","guid":{"rendered":"https:\/\/www.europesays.com\/fr\/1167588\/"},"modified":"2026-09-04T20:52:18","modified_gmt":"2026-09-04T20:52:18","slug":"allemagne-ulrich-siegmund-le-visage-souriant-de-lafd-qui-veut-conquerir-la-saxe-anhalt","status":"publish","type":"post","link":"https:\/\/www.europesays.com\/fr\/1167588\/","title":{"rendered":"Allemagne : Ulrich Siegmund, le visage souriant de l\u2019AfD qui veut conqu\u00e9rir la Saxe-Anhalt"},"content":{"rendered":"<p class=\"field_LQ428052C\">\u00c0 la une du\u00a0Spiegel, c\u2019est\u00a0\u00abl\u2019homme le plus dangereux d\u2019Allemagne\u00bb\u00a0mais dans son Land de Saxe-Anhalt, il est une v\u00e9ritable star. Tout sourire, avec ses yeux bleus et son physique de gendre id\u00e9al, Ulrich Siegmund, 35 ans, t\u00eate de liste de l\u2019<a href=\"https:\/\/www.valeursactuelles.com\/clubvaleurs\/politique\/en-allemagne-une-afd-plus-disciplinee-et-plus-ambitieuse-que-jamais\" rel=\"nofollow noopener\" target=\"_blank\">Alternative f\u00fcr Deutschland<\/a> (AfD) pour les \u00e9lections r\u00e9gionales du 6 septembre, signe des tee-shirts et des affiches, serre des mains, tape sur l\u2019\u00e9paule de ses fans et encha\u00eene les selfies. Son talent\u00a0? Transformer l\u2019\u00e9nergie n\u00e9gative de l\u2019AfD en son contraire, gr\u00e2ce \u00e0 l\u2019empathie, l\u2019autod\u00e9rision, l\u2019appel aux \u00e9motions et une tr\u00e8s habile rh\u00e9torique.\u00a0\u00abPlut\u00f4t que la col\u00e8re et la peur, un discours\u00a0feel good,\u00a0id\u00e9al pour attirer les \u00e9lecteurs au-del\u00e0 du cercle traditionnel de l\u2019AfD\u00bb,\u00a0analyse Johannes Hillje, consultant en communication. Une aubaine pour le parti de droite radicale qui trouve en lui une figure capable de f\u00e9d\u00e9rer toutes les classes sociales et toutes les g\u00e9n\u00e9rations.<\/p>\n<p><a href=\"https:\/\/www.valeursactuelles.com\/clubvaleurs\/monde\/schisme-leglise-dallemagne-sur-un-fil\" class=\"va-alire\" rel=\"nofollow noopener\" target=\"_blank\">\u00c0 lireSchisme : l\u2019\u00c9glise d\u2019Allemagne sur un fil<\/a><\/p>\n<p class=\"field_LQ428052C\">Si les \u00e9lecteurs de ce Land au centre-est de l\u2019Allemagne donnaient la majorit\u00e9 absolue \u00e0 sa liste, Ulrich Siegmund permettrait \u00e0 l\u2019AfD de diriger pour la premi\u00e8re fois un Land depuis la fondation de la R\u00e9publique f\u00e9d\u00e9rale. Class\u00e9e\u00a0\u00abmouvement extr\u00e9miste de droite\u00bb\u00a0par l\u2019Office f\u00e9d\u00e9ral de protection de la Constitution depuis novembre 2023, l\u2019AfD serait alors en position de gouverner sans former de coalition et de le nommer son pr\u00e9sident \u00e0 la t\u00eate de l\u2019ex\u00e9cutif r\u00e9gional. Pendant sa campagne, le candidat vedette a arpent\u00e9 les villages et petites villes, le long des lacs et des zones industrielles, \u00e0 la rencontre des \u00e9lecteurs, dans des rendez-vous conviviaux, entre saucisses, bi\u00e8re et barbe \u00e0 papa.\u00a0\u00abNous sommes l\u2019avenir. Nous sommes aux c\u00f4t\u00e9s de l\u2019Allemagne et nous ne bougerons pas d\u2019un millim\u00e8tre. Le 6 septembre, nous allons \u00e9crire une page d\u2019histoire et reprendre en main notre pays\u00bb,\u00a0promet Ulrich Siegmund.<\/p>\n<p class=\"field_LQ428052C\">N\u00e9 en octobre 1990, trois semaines apr\u00e8s la r\u00e9unification allemande, il a grandi \u00e0 Tangerm\u00fcnde, une ville de 10 000 habitants sur la rive ouest de l\u2019Elbe. Fils de deux ing\u00e9nieurs, il fonde \u00e0 23 ans une petite entreprise de parfums d\u2019ambiance pour h\u00f4tels et salles de sport. Entr\u00e9 en politique \u00e0 la CDU (Union chr\u00e9tienne-d\u00e9mocrate), il rejoint l\u2019AfD en 2014, \u00e9lu deux ans plus tard au parlement r\u00e9gional. Porte-parole du groupe parlementaire sur les questions de sant\u00e9, la pand\u00e9mie de Covid-19 lui donne l\u2019occasion d\u2019exploiter avec brio ses dons de communicant sur les r\u00e9seaux sociaux, \u00e0 coup de vid\u00e9os d\u00e9non\u00e7ant les confinements. Avec environ 760 000 abonn\u00e9s sur TikTok et pr\u00e8s de 500 000 sur Instagram, le favori des sondages b\u00e9n\u00e9ficie aujourd\u2019hui d\u2019une pr\u00e9sence en ligne quasi in\u00e9gal\u00e9e en <a href=\"https:\/\/www.valeursactuelles.com\/clubvaleurs\/monde\/schisme-leglise-dallemagne-sur-un-fil\" rel=\"nofollow noopener\" target=\"_blank\">Allemagne<\/a>.<\/p>\n","protected":false},"excerpt":{"rendered":"\u00c0 la une du\u00a0Spiegel, c\u2019est\u00a0\u00abl\u2019homme le plus dangereux d\u2019Allemagne\u00bb\u00a0mais dans son Land de Saxe-Anhalt, il est une v\u00e9ritable&hellip;\n","protected":false},"author":2,"featured_media":1167589,"comment_status":"","ping_status":"","sticky":false,"template":"","format":"standard","meta":{"footnotes":"","_share_on_mastodon":"0"},"categories":[1587],"tags":[11,1862,672,1804,1805,1803,5949,1777,674,1801,12,1802],"class_list":["post-1167588","post","type-post","status-publish","format-standard","has-post-thumbnail","category-allemagne","tag-actualites","tag-afd","tag-allemagne","tag-bundesrepublik-deutschland","tag-de","tag-deutschland","tag-elections","tag-eu","tag-europe","tag-germany","tag-news","tag-republique-federale-dallemagne"],"share_on_mastodon":{"url":"https:\/\/pubeurope.com\/@fr\/117214756438532719","error":""},"_links":{"self":[{"href":"https:\/\/www.europesays.com\/fr\/wp-json\/wp\/v2\/posts\/1167588","targetHints":{"allow":["GET"]}}],"collection":[{"href":"https:\/\/www.europesays.com\/fr\/wp-json\/wp\/v2\/posts"}],"about":[{"href":"https:\/\/www.europesays.com\/fr\/wp-json\/wp\/v2\/types\/post"}],"author":[{"embeddable":true,"href":"https:\/\/www.europesays.com\/fr\/wp-json\/wp\/v2\/users\/2"}],"replies":[{"embeddable":true,"href":"https:\/\/www.europesays.com\/fr\/wp-json\/wp\/v2\/comments?post=1167588"}],"version-history":[{"count":0,"href":"https:\/\/www.europesays.com\/fr\/wp-json\/wp\/v2\/posts\/1167588\/revisions"}],"wp:featuredmedia":[{"embeddable":true,"href":"https:\/\/www.europesays.com\/fr\/wp-json\/wp\/v2\/media\/1167589"}],"wp:attachment":[{"href":"https:\/\/www.europesays.com\/fr\/wp-json\/wp\/v2\/media?parent=1167588"}],"wp:term":[{"taxonomy":"category","embeddable":true,"href":"https:\/\/www.europesays.com\/fr\/wp-json\/wp\/v2\/categories?post=1167588"},{"taxonomy":"post_tag","embeddable":true,"href":"https:\/\/www.europesays.com\/fr\/wp-json\/wp\/v2\/tags?post=1167588"}],"curies":[{"name":"wp","href":"https:\/\/api.w.org\/{rel}","templated":true}]}}