{"id":1167631,"date":"2026-09-04T21:19:19","date_gmt":"2026-09-04T21:19:19","guid":{"rendered":"https:\/\/www.europesays.com\/fr\/1167631\/"},"modified":"2026-09-04T21:19:19","modified_gmt":"2026-09-04T21:19:19","slug":"drame-a-plourin-les-morlaix-une-femme-tuee-et-son-compagnon-blesse-leur-voisin-mis-en-cause-video","status":"publish","type":"post","link":"https:\/\/www.europesays.com\/fr\/1167631\/","title":{"rendered":"Drame \u00e0 Plourin-l\u00e8s-Morlaix\u00a0: une femme tu\u00e9e et son compagnon bless\u00e9, leur voisin mis en cause [Vid\u00e9o]"},"content":{"rendered":"<p>Que s\u2019est-il pass\u00e9 dans ce petit collectif de la rue Pierre-Grall, au c\u0153ur du bourg de Plourin-l\u00e8s-Morlaix, dans le Finist\u00e8re\u00a0? Vers 14\u00a0h, <a href=\"https:\/\/www.letelegramme.fr\/bretagne\/coup-de-feu-a-plourin-les-morlaix-un-quartier-boucle-par-les-gendarmes-7110798.php\" target=\"_blank\" rel=\"nofollow noopener\">ce vendredi 4 septembre gendarmes et secours sont intervenus en urgence<\/a> \u00ab\u00a0\u00e0 la suite de trois d\u00e9tonations qui leur avaient \u00e9t\u00e9 rapport\u00e9es par des voisins, \u00e0 quelques minutes d\u2019intervalle\u00a0\u00bb, indique le procureur de la R\u00e9publique de Brest, St\u00e9phane Kellenberger. Ils arrivent alors \u00ab\u00a0\u00e0 proximit\u00e9 du domicile d\u2019un individu n\u00e9 en 1962, apparemment retranch\u00e9 l\u00e0 et arm\u00e9, sous un escalier ext\u00e9rieur, escalier sur lequel un corps semblait inerte (possiblement li\u00e9 au premier des tirs). Dans le m\u00eame temps, un homme bless\u00e9 par le deuxi\u00e8me tir \u00e9tait pris en charge.\u00a0\u00bb<\/p>\n<p><img decoding=\"async\" src=\"https:\/\/www.europesays.com\/fr\/wp-content\/uploads\/2026\/09\/6a9b2438f78b1e4e6d01790e.1.jpeg\" width=\"480\" height=\"300\" class=\"web_golden_m\" loading=\"lazy\" alt=\"Ici, rue Pierre-Grall o\u00f9 s\u2019est nou\u00e9 le drame, un camion de l\u2019identification criminelle gar\u00e9 devant les lieux.\"\/>Ici, rue Pierre-Grall o\u00f9 s\u2019est nou\u00e9 le drame, un camion de l\u2019identification criminelle gar\u00e9 devant les lieux. (Lionel Le Saux\/Le T\u00e9l\u00e9gramme)Des heures \u00e0 s\u00e9curiser les lieux<\/p>\n<p>Imm\u00e9diatement, l\u2019ensemble du secteur a \u00e9t\u00e9 boucl\u00e9 et ce pendant plusieurs heures. De tr\u00e8s nombreux v\u00e9hicules de gendarmerie et de pompiers t\u00e9moignaient de l\u2019ampleur du dispositif. La sous-pr\u00e9f\u00e8te, Fran\u00e7oise Plouviez-Diaz, ainsi que le colonel de gendarmerie du Finist\u00e8re, Pierre-Yves Caniotti, \u00e9taient aussi sur place. Deux quartiers entiers de cette commune de 4\u00a0500 habitants, \u00e0 l\u2019entr\u00e9e du bourg, ont \u00e9t\u00e9 confin\u00e9s. Le temps pour les forces de l\u2019ordre de s\u00e9curiser les lieux avec l\u2019aide du GIGN, venu de Nantes. Une odeur d\u2019essence ayant aussi \u00e9t\u00e9 d\u00e9tect\u00e9e, les d\u00e9mineurs ont d\u00fb \u00e9loigner tout risque d\u2019explosion.<\/p>\n<p>Quand ils ont eu le feu vert pour intervenir, les enqu\u00eateurs \u00ab\u00a0ont alors d\u00e9couvert que la premi\u00e8re victime, une femme \u00e2g\u00e9e de 60 ans, \u00e9tait d\u00e9c\u00e9d\u00e9e\u00a0\u00bb. L\u2019homme bless\u00e9 &#8211; son compagnon -, \u00e2g\u00e9 d\u2019environ 55 ans, qui s\u2019\u00e9tait fait tirer dessus en arrivant sur place est \u00ab\u00a0s\u00e9rieusement bless\u00e9\u00a0\u00bb mais \u00ab\u00a0a priori m\u00e9dicalement hors de danger\u00a0\u00bb, indique encore le procureur de la R\u00e9publique de Brest. Il a \u00e9t\u00e9 transport\u00e9 par les pompiers au centre hospitalier de Morlaix.<\/p>\n<p>Le mis en cause dans un \u00e9tat critique<\/p>\n<p>Quant au mis en cause, Christophe S., \u00e2g\u00e9 de 64 ans, il a \u00e9t\u00e9 d\u00e9couvert par les gendarmes \u00ab\u00a0inanim\u00e9 et arm\u00e9\u00a0\u00bb. Il a \u00e9t\u00e9 h\u00e9liport\u00e9 depuis le stade de foot de la commune dans un \u00e9tat tr\u00e8s critique \u00e0 l\u2019h\u00f4pital de la Cavale Blanche, \u00e0 Brest. \u00ab\u00a0Il pr\u00e9sentait une blessure au niveau de la t\u00eate, les circonstances et constatations pouvant laisser supposer de sa part une tentative de suicide (possiblement en lien avec le troisi\u00e8me tir rapport\u00e9).\u00a0\u00bb<\/p>\n<p>Pour l\u2019heure, rien ne permet d\u2019expliquer ce qui a pu se passer. Une enqu\u00eate pour \u00ab\u00a0assassinat et tentative d\u2019assassinat\u00a0\u00bb a \u00e9t\u00e9 ouverte, men\u00e9e conjointement par la brigade de recherches de gendarmerie de Plourin-l\u00e8s-Morlaix et \u00e0 la section de recherches de gendarmerie de Rennes.<\/p>\n<p><img decoding=\"async\" src=\"https:\/\/www.europesays.com\/fr\/wp-content\/uploads\/2026\/09\/6a9b2437c218aa96e003dc8f.1.jpeg\" width=\"480\" height=\"300\" class=\"web_golden_m\" loading=\"lazy\" alt=\"Le mis en cause, bless\u00e9, a \u00e9t\u00e9 \u00e9vacu\u00e9 par l\u2019h\u00e9licopt\u00e8re du Samu du stade de football vers le CHU de Brest.\"\/>Le mis en cause, bless\u00e9, a \u00e9t\u00e9 \u00e9vacu\u00e9 par l\u2019h\u00e9licopt\u00e8re du Samu du stade de football vers le CHU de Brest. (Lionel Le Saux\/Le T\u00e9l\u00e9gramme)\u00ab\u00a0Je suis choqu\u00e9e\u2026\u00a0\u00bb<\/p>\n<p>Ce que l\u2019on sait, c\u2019est que le mis en cause et les deux victimes \u00e9taient voisins. \u00ab\u00a0J\u2019ai entendu trois coups de feu, \u00e0 l\u2019heure de midi. Je suis sortie voir et le voisin, celui qui a tir\u00e9, m\u2019a dit de rentrer chez nous. Je n\u2019ai rien vu, heureusement\u2026 Je n\u2019en reviens pas, ce matin encore je disais bonjour \u00e0 ma voisine\u2026\u00a0\u00bb, confie une habitante, tr\u00e8s affect\u00e9e, de ce petit collectif et qui a \u00e9t\u00e9 confin\u00e9e chez elle plusieurs heures. \u00ab\u00a0Je suis aussi une voisine. Mon ami a appel\u00e9 les secours apr\u00e8s le premier coup de feu. Il a vu que notre voisine du dessus avait \u00e9t\u00e9 touch\u00e9e. Puis il y a eu le deuxi\u00e8me coup de feu, contre son compagnon. Je suis choqu\u00e9e\u2026\u00a0\u00bb, t\u00e9moignait une autre Plourinoise, dans l\u2019apr\u00e8s-midi.<\/p>\n<p>Cellule psychologique pour les voisins<\/p>\n<p>Des t\u00e9moignages qui illustrent parfaitement l\u2019inqui\u00e9tude et la tristesse qui r\u00e9gnaient chez les habitants du quartier, alors que les informations leur parvenaient au compte-goutte. Peu peuvent r\u00e9ellement parler du mis en cause. \u00ab\u00a0On ne faisait pas beaucoup de relations\u00a0\u00bb, t\u00e9moigne plusieurs voisins. Une dame confie que cet homme \u00ab\u00a0vivait seul chez lui\u00a0\u00bb. \u00ab\u00a0Il a p\u00e9t\u00e9 un plomb\u00a0\u00bb, l\u00e2che une autre. En fin d\u2019apr\u00e8s-midi, la commune a organis\u00e9 un accueil dans la salle communale du Cheval Blanc pour ceux qui ne pouvaient pas regagner leur domicile, avec une cellule psychologique.<\/p>\n<p><img decoding=\"async\" src=\"https:\/\/www.europesays.com\/fr\/wp-content\/uploads\/2026\/09\/6a9b24375ad4d6d8e60e7ac2.1.jpeg\" width=\"480\" height=\"300\" class=\"web_golden_m\" loading=\"lazy\" alt=\"La rue du Vieux Moulin, \u00e0 l\u2019entr\u00e9e du bourg, bloqu\u00e9e par les gendarmes\"\/>La rue du Vieux Moulin, \u00e0 l\u2019entr\u00e9e du bourg, bloqu\u00e9e par les gendarmes (Lionel Le Saux\/Le T\u00e9l\u00e9gramme)L\u2019op\u00e9ration toujours en place \u00e0 la tomb\u00e9e de la nuit<\/p>\n<p>Au-del\u00e0 du secteur concern\u00e9, <a href=\"https:\/\/www.letelegramme.fr\/finistere\/plourin-les-morlaix-29600\/cest-impressionnant-a-plourin-les-morlaix-le-bourg-sous-la-stupeur-apres-les-coups-de-feu-et-une-vaste-operation-des-forces-de-lordre-7111045.php\" target=\"_blank\" rel=\"nofollow noopener\">la tension \u00e9tait palpable tout au long de l\u2019apr\u00e8s-midi dans la commune<\/a>. Que ce soit aux abords des lieux du drame &#8211; o\u00f9 journalistes et habitants en qu\u00eate d\u2019informations \u00e9taient nombreux -, dans les trois caf\u00e9s du bourg ou \u00e0 la sortie de l\u2019\u00e9cole, on ne parlait que de \u00e7a, les yeux riv\u00e9s sur les t\u00e9l\u00e9phones. Mais alors que la nuit tombait, le calme revenait petit \u00e0 petit. La rue Pierre-Grall, elle, \u00e9tait toujours bloqu\u00e9e et sous \u00e9troite surveillance des forces de l\u2019ordre, pour les besoins de l\u2019enqu\u00eate.<\/p>\n","protected":false},"excerpt":{"rendered":"Que s\u2019est-il pass\u00e9 dans ce petit collectif de la rue Pierre-Grall, au c\u0153ur du bourg de Plourin-l\u00e8s-Morlaix, dans&hellip;\n","protected":false},"author":2,"featured_media":1167632,"comment_status":"","ping_status":"","sticky":false,"template":"","format":"standard","meta":{"footnotes":"","_share_on_mastodon":"0"},"categories":[4],"tags":[11,829,765,118,3321,1011,27,2131,12,98816,25,2955],"class_list":["post-1167631","post","type-post","status-publish","format-standard","has-post-thumbnail","category-france","tag-actualites","tag-bretagne","tag-en-continu","tag-faits-divers","tag-finistere","tag-fr","tag-france","tag-morlaix","tag-news","tag-plourin-les-morlaix","tag-republique-francaise","tag-videos"],"share_on_mastodon":{"url":"https:\/\/pubeurope.com\/@fr\/117214865046645603","error":""},"_links":{"self":[{"href":"https:\/\/www.europesays.com\/fr\/wp-json\/wp\/v2\/posts\/1167631","targetHints":{"allow":["GET"]}}],"collection":[{"href":"https:\/\/www.europesays.com\/fr\/wp-json\/wp\/v2\/posts"}],"about":[{"href":"https:\/\/www.europesays.com\/fr\/wp-json\/wp\/v2\/types\/post"}],"author":[{"embeddable":true,"href":"https:\/\/www.europesays.com\/fr\/wp-json\/wp\/v2\/users\/2"}],"replies":[{"embeddable":true,"href":"https:\/\/www.europesays.com\/fr\/wp-json\/wp\/v2\/comments?post=1167631"}],"version-history":[{"count":0,"href":"https:\/\/www.europesays.com\/fr\/wp-json\/wp\/v2\/posts\/1167631\/revisions"}],"wp:featuredmedia":[{"embeddable":true,"href":"https:\/\/www.europesays.com\/fr\/wp-json\/wp\/v2\/media\/1167632"}],"wp:attachment":[{"href":"https:\/\/www.europesays.com\/fr\/wp-json\/wp\/v2\/media?parent=1167631"}],"wp:term":[{"taxonomy":"category","embeddable":true,"href":"https:\/\/www.europesays.com\/fr\/wp-json\/wp\/v2\/categories?post=1167631"},{"taxonomy":"post_tag","embeddable":true,"href":"https:\/\/www.europesays.com\/fr\/wp-json\/wp\/v2\/tags?post=1167631"}],"curies":[{"name":"wp","href":"https:\/\/api.w.org\/{rel}","templated":true}]}}