{"id":116765,"date":"2025-05-21T11:45:08","date_gmt":"2025-05-21T11:45:08","guid":{"rendered":"https:\/\/www.europesays.com\/fr\/116765\/"},"modified":"2025-05-21T11:45:08","modified_gmt":"2025-05-21T11:45:08","slug":"a-sotteville-les-rouen-le-conducteur-sous-cocaine-navait-pas-le-permis-mais-un-joint-a-la-main","status":"publish","type":"post","link":"https:\/\/www.europesays.com\/fr\/116765\/","title":{"rendered":"\u00c0 Sotteville-l\u00e8s-Rouen, le conducteur sous coca\u00efne n&rsquo;avait pas le permis, mais un joint \u00e0 la main"},"content":{"rendered":"<p>            Par<br \/>\n        <strong><br \/>\n            <a href=\"https:\/\/actu.fr\/auteur\/julien-bouteiller\" title=\"Consulter tous les articles de Julien Bouteiller\" rel=\"nofollow noopener\" target=\"_blank\">Julien Bouteiller<\/a><br \/>\n        <\/strong><\/p>\n<p>        Publi\u00e9 le<\/p>\n<p>            21 mai 2025 \u00e0 13h31        <\/p>\n<p>Le conducteur cumulait les infractions. Un homme a \u00e9t\u00e9 interpell\u00e9 <a href=\"https:\/\/actu.fr\/normandie\/sotteville-les-rouen_76681\" rel=\"nofollow noopener\" target=\"_blank\">\u00e0 Sotteville-l\u00e8s-Rouen<\/a>, dans la soir\u00e9e du mardi 20\u00a0mai 2025, alors qu\u2019il roulait<strong> drogu\u00e9, un joint \u00e0 la main et sans permis<\/strong>, apprend-on de source polici\u00e8re.<\/p>\n<p>Sans permis, mais avec un joint \u00e0 la main<\/p>\n<p class=\" wall-content\">Vers 22h15, l\u2019attention d\u2019une patrouille de police est attir\u00e9e, <strong>sur l\u2019avenue du 14-Juillet<\/strong>, par une voiture d\u2019o\u00f9 \u00e9mane \u00ab\u2009une forte odeur de cannabis\u2009\u00bb.<\/p>\n<p class=\" wall-content\">Lors du contr\u00f4le du conducteur, les policiers le trouvent un joint \u00e0 la main. Mais ce n\u2019est pas tout parce qu\u2019il a aussi avec lui <strong>\u00ab\u2009trois pipes \u00e0 crack\u2009\u00bb<\/strong>. Le d\u00e9pistage montre \u00e9galement qu\u2019il a consomm\u00e9 <strong>de la coca\u00efne<\/strong>.<\/p>\n<p class=\" wall-content\">Pour compl\u00e9ter le tableau, l\u2019habitant de Cl\u00e8res \u00e2g\u00e9 de 29\u00a0ans<strong> n\u2019a ni permis de conduire, ni assurance<\/strong>. Un palmar\u00e8s qui le conduit donc en garde \u00e0 vue.<\/p>\n<p>Suivez l\u2019actualit\u00e9 de Rouen <a href=\"https:\/\/www.whatsapp.com\/channel\/0029VaKfnf99hXF2ddApFB1D\" rel=\"nofollow noopener\" target=\"_blank\">sur notre cha\u00eene WhatsApp<\/a> et <a href=\"https:\/\/www.tiktok.com\/@76actu.fr?lang=fr\" rel=\"nofollow noopener\" target=\"_blank\">sur notre compte TikTok<\/a>Vid\u00e9os : en ce moment sur Actu<\/p>\n<p class=\" wall-content\">Suivez toute l\u2019actualit\u00e9 de vos villes et m\u00e9dias favoris en vous inscrivant \u00e0 <a href=\"https:\/\/moncompte.actu.fr\" title=\"D\u00e9couvez Mon Actu\" rel=\"nofollow noopener\" data-trk=\"{&quot;cta&quot;:{&quot;action&quot;:&quot;https:\\\/\\\/moncompte.actu.fr&quot;,&quot;category&quot;:&quot;mon compte&quot;,&quot;from&quot;:&quot;article footer&quot;,&quot;name&quot;:&quot;Mon actu&quot;,&quot;type&quot;:&quot;cta&quot;}}\" target=\"_blank\">Mon Actu<\/a>.<\/p>\n<p>                    <script async src=\"\/\/www.tiktok.com\/embed.js\"><\/script><\/p>\n","protected":false},"excerpt":{"rendered":"Par Julien Bouteiller Publi\u00e9 le 21 mai 2025 \u00e0 13h31 Le conducteur cumulait les infractions. Un homme a&hellip;\n","protected":false},"author":2,"featured_media":116766,"comment_status":"","ping_status":"","sticky":false,"template":"","format":"standard","meta":{"footnotes":""},"categories":[9587],"tags":[1111,11,1052,1777,674,118,1011,27,12,5161,1072,25,9590],"class_list":{"0":"post-116765","1":"post","2":"type-post","3":"status-publish","4":"format-standard","5":"has-post-thumbnail","7":"category-rouen","8":"tag-actu","9":"tag-actualites","10":"tag-drogue","11":"tag-eu","12":"tag-europe","13":"tag-faits-divers","14":"tag-fr","15":"tag-france","16":"tag-news","17":"tag-normandie","18":"tag-police","19":"tag-republique-francaise","20":"tag-rouen"},"share_on_mastodon":{"url":"https:\/\/pubeurope.com\/@fr\/114545657389459336","error":""},"_links":{"self":[{"href":"https:\/\/www.europesays.com\/fr\/wp-json\/wp\/v2\/posts\/116765","targetHints":{"allow":["GET"]}}],"collection":[{"href":"https:\/\/www.europesays.com\/fr\/wp-json\/wp\/v2\/posts"}],"about":[{"href":"https:\/\/www.europesays.com\/fr\/wp-json\/wp\/v2\/types\/post"}],"author":[{"embeddable":true,"href":"https:\/\/www.europesays.com\/fr\/wp-json\/wp\/v2\/users\/2"}],"replies":[{"embeddable":true,"href":"https:\/\/www.europesays.com\/fr\/wp-json\/wp\/v2\/comments?post=116765"}],"version-history":[{"count":0,"href":"https:\/\/www.europesays.com\/fr\/wp-json\/wp\/v2\/posts\/116765\/revisions"}],"wp:featuredmedia":[{"embeddable":true,"href":"https:\/\/www.europesays.com\/fr\/wp-json\/wp\/v2\/media\/116766"}],"wp:attachment":[{"href":"https:\/\/www.europesays.com\/fr\/wp-json\/wp\/v2\/media?parent=116765"}],"wp:term":[{"taxonomy":"category","embeddable":true,"href":"https:\/\/www.europesays.com\/fr\/wp-json\/wp\/v2\/categories?post=116765"},{"taxonomy":"post_tag","embeddable":true,"href":"https:\/\/www.europesays.com\/fr\/wp-json\/wp\/v2\/tags?post=116765"}],"curies":[{"name":"wp","href":"https:\/\/api.w.org\/{rel}","templated":true}]}}