{"id":1167665,"date":"2026-09-04T21:53:43","date_gmt":"2026-09-04T21:53:43","guid":{"rendered":"https:\/\/www.europesays.com\/fr\/1167665\/"},"modified":"2026-09-04T21:53:43","modified_gmt":"2026-09-04T21:53:43","slug":"ca-ne-marchera-pas-face-a-la-conduite-autonome-de-tesla-les-taxis-marseillais-circonspects","status":"publish","type":"post","link":"https:\/\/www.europesays.com\/fr\/1167665\/","title":{"rendered":"\u00ab\u00a0\u00c7a ne marchera pas\u00a0\u00bb\u00a0: face \u00e0 la conduite autonome de Tesla, les taxis marseillais circonspects"},"content":{"rendered":"<p>\u00c0 la station de taxis de la <a href=\"https:\/\/www.laprovence.com\/article\/region\/8688060510690314\/deux-niveaux-10-ans-de-travaux-coup-d-envoi-du-chantier-pour-une-gare-saint-charles-xxl-a-marseille\" target=\"_self\" rel=\"nofollow noopener\">gare Saint-Charles, \u00e0 Marseille<\/a>, Amine gare sa Tesla Model Y pour d\u00e9poser une cliente. Dans quelque temps, le chauffeur de taxi marseillais pourrait r\u00e9aliser cette course sans toucher le volant du <a href=\"https:\/\/www.laprovence.com\/article\/societe\/83414000618418\/suv-en-ville-pourquoi-les-automobilistes-en-raffolent-meme-sils-polluent-plus-que-les-autres-voitures\" target=\"_self\" rel=\"nofollow noopener\">SUV<\/a> \u00e9lectrique, si le gouvernement autorise le constructeur am\u00e9ricain \u00e0 d\u00e9ployer en France son <a href=\"https:\/\/www.laprovence.com\/article\/societe\/1376011654313515\/le-code-de-la-route-n-est-pas-respecte-pourquoi-la-france-refuse-d-autoriser-la-conduite-autonome-de-tesla\" target=\"_self\" rel=\"nofollow noopener\">syst\u00e8me de conduite autonome<\/a>, le \u00ab\u00a0FSD\u00a0\u00bb (pour \u00ab\u00a0Full Self-Driving\u00a0\u00bb), qui permet de circuler sans toucher au volant ni aux p\u00e9dales. Le minist\u00e8re des Transports et l\u2019Union europ\u00e9enne planchent actuellement <a href=\"https:\/\/www.laprovence.com\/article\/societe\/11521614715128\/conduite-autonome-pourrez-vous-bientot-utiliser-le-fsd-de-tesla-en-france\" target=\"_self\" rel=\"nofollow noopener\">sur une homologation<\/a>.<\/p>\n<p>\u00ab\u00a0Moi, la voiture autonome, \u00e7a me fait un peu peur, s\u2019inqui\u00e8te ainsi le chauffeur, en extirpant une valise du coffre. Un taxi, ce n\u2019est pas juste transporter une personne d\u2019un point A \u00e0 un point B. On discute avec les clients, on aide les gens. Parfois, on accompagne des personnes malades \u00e0 l\u2019h\u00f4pital, et \u00e7a, une voiture autonome ne peut pas le faire. Il faut aussi que ce soit encadr\u00e9. D\u00e9j\u00e0, on se fait \u00e9craser par la concurrence des VTC, et maintenant, on veut nous rajouter \u00e7a. On a l\u2019impression que le taxi est en train de s\u2019\u00e9teindre petit \u00e0 petit.\u00a0\u00bb<\/p>\n<p>\u00ab\u00a0On ne peut pas \u00eatre contre cette innovation\u00a0\u00bb<\/p>\n<p>La crainte est partag\u00e9e par de nombreux chauffeurs, alors&#8230;<\/p>\n","protected":false},"excerpt":{"rendered":"\u00c0 la station de taxis de la gare Saint-Charles, \u00e0 Marseille, Amine gare sa Tesla Model Y pour&hellip;\n","protected":false},"author":2,"featured_media":1167666,"comment_status":"","ping_status":"","sticky":false,"template":"","format":"standard","meta":{"footnotes":"","_share_on_mastodon":"0"},"categories":[2814],"tags":[5734,1111,11,13193,1433,80716,1777,674,2823,1011,27,120613,884,12,5261,882,25,104,320],"class_list":["post-1167665","post","type-post","status-publish","format-standard","has-post-thumbnail","category-marseille","tag-5734","tag-actu","tag-actualites","tag-autonome","tag-ca","tag-conduite","tag-eu","tag-europe","tag-face","tag-fr","tag-france","tag-marchera","tag-marseille","tag-news","tag-pas","tag-provence-alpes-cote-dazur","tag-republique-francaise","tag-societe","tag-tesla"],"share_on_mastodon":{"url":"https:\/\/pubeurope.com\/@fr\/117214996486198797","error":""},"_links":{"self":[{"href":"https:\/\/www.europesays.com\/fr\/wp-json\/wp\/v2\/posts\/1167665","targetHints":{"allow":["GET"]}}],"collection":[{"href":"https:\/\/www.europesays.com\/fr\/wp-json\/wp\/v2\/posts"}],"about":[{"href":"https:\/\/www.europesays.com\/fr\/wp-json\/wp\/v2\/types\/post"}],"author":[{"embeddable":true,"href":"https:\/\/www.europesays.com\/fr\/wp-json\/wp\/v2\/users\/2"}],"replies":[{"embeddable":true,"href":"https:\/\/www.europesays.com\/fr\/wp-json\/wp\/v2\/comments?post=1167665"}],"version-history":[{"count":0,"href":"https:\/\/www.europesays.com\/fr\/wp-json\/wp\/v2\/posts\/1167665\/revisions"}],"wp:featuredmedia":[{"embeddable":true,"href":"https:\/\/www.europesays.com\/fr\/wp-json\/wp\/v2\/media\/1167666"}],"wp:attachment":[{"href":"https:\/\/www.europesays.com\/fr\/wp-json\/wp\/v2\/media?parent=1167665"}],"wp:term":[{"taxonomy":"category","embeddable":true,"href":"https:\/\/www.europesays.com\/fr\/wp-json\/wp\/v2\/categories?post=1167665"},{"taxonomy":"post_tag","embeddable":true,"href":"https:\/\/www.europesays.com\/fr\/wp-json\/wp\/v2\/tags?post=1167665"}],"curies":[{"name":"wp","href":"https:\/\/api.w.org\/{rel}","templated":true}]}}