{"id":116767,"date":"2025-05-21T11:46:15","date_gmt":"2025-05-21T11:46:15","guid":{"rendered":"https:\/\/www.europesays.com\/fr\/116767\/"},"modified":"2025-05-21T11:46:15","modified_gmt":"2025-05-21T11:46:15","slug":"grenoble-raphael-quenard-en-dedicace-au-square-pour-son-livre-clamser-a-tataouine","status":"publish","type":"post","link":"https:\/\/www.europesays.com\/fr\/116767\/","title":{"rendered":"Grenoble. Rapha\u00ebl Quenard en d\u00e9dicace au Square pour son livre, Clamser \u00e0 Tataouine"},"content":{"rendered":"<p>Alors qu\u2019il vient de pr\u00e9senter au Festival de Cannes son premier court m\u00e9trage, I Love Peru , <a href=\"https:\/\/www.ledauphine.com\/p\/raphael-quenard\" target=\"_blank\" rel=\"noopener\">Rapha\u00ebl Quenard<\/a> a \u00e9galement une actualit\u00e9 en librairie.<\/p>\n<p><a href=\"https:\/\/www.ledauphine.com\/culture-loisirs\/2025\/03\/27\/raphael-quenard-va-sortir-son-premier-livre-sous-un-pseudo\" target=\"_blank\" rel=\"noopener\">Il vient de publier son premier roman<\/a>, Clamser \u00e0 Tataouine , aux \u00e9ditions Flammarion. Avec un style aussi \u00e9lectrique qu\u2019inventif, l\u2019acteur originaire de Gi\u00e8res, diss\u00e8que le cerveau malade d\u2019un monstre moderne et met en sc\u00e8ne toute la galerie de personnages qui l\u2019entourent.<\/p>\n<p>Il sera en d\u00e9dicace \u00e0 la librairie le Square \u00e0 Grenoble le vendredi 6\u00a0juin de 19\u00a0h \u00e0 20\u00a0h\u00a030.<\/p>\n<p class=\"note\">R\u00e9servation conseill\u00e9e une semaine avant la rencontre\u00a0: sur place, par t\u00e9l\u00e9phone au 04\u00a076\u00a046\u00a061\u00a063 ou par mail sur <a href=\"https:\/\/www.ledauphine.com\/culture-loisirs\/2025\/05\/21\/reservation@librairielesquare.fr\" target=\"_blank\" rel=\"noopener\">reservation@librairielesquare.fr<\/a><\/p>\n","protected":false},"excerpt":{"rendered":"Alors qu\u2019il vient de pr\u00e9senter au Festival de Cannes son premier court m\u00e9trage, I Love Peru , Rapha\u00ebl&hellip;\n","protected":false},"author":2,"featured_media":116768,"comment_status":"","ping_status":"","sticky":false,"template":"","format":"standard","meta":{"footnotes":""},"categories":[9566],"tags":[1111,11,2430,1687,112,1777,674,1011,27,2731,2732,108,2410,12,25],"class_list":{"0":"post-116767","1":"post","2":"type-post","3":"status-publish","4":"format-standard","5":"has-post-thumbnail","7":"category-grenoble","8":"tag-actu","9":"tag-actualites","10":"tag-auvergne-rhone-alpes","11":"tag-culture-loisirs","12":"tag-edition-grenoble-agglomeration","13":"tag-eu","14":"tag-europe","15":"tag-fr","16":"tag-france","17":"tag-grenoble","18":"tag-grenoble-bassin","19":"tag-isere","20":"tag-livres-bd","21":"tag-news","22":"tag-republique-francaise"},"share_on_mastodon":{"url":"https:\/\/pubeurope.com\/@fr\/114545662081638627","error":""},"_links":{"self":[{"href":"https:\/\/www.europesays.com\/fr\/wp-json\/wp\/v2\/posts\/116767","targetHints":{"allow":["GET"]}}],"collection":[{"href":"https:\/\/www.europesays.com\/fr\/wp-json\/wp\/v2\/posts"}],"about":[{"href":"https:\/\/www.europesays.com\/fr\/wp-json\/wp\/v2\/types\/post"}],"author":[{"embeddable":true,"href":"https:\/\/www.europesays.com\/fr\/wp-json\/wp\/v2\/users\/2"}],"replies":[{"embeddable":true,"href":"https:\/\/www.europesays.com\/fr\/wp-json\/wp\/v2\/comments?post=116767"}],"version-history":[{"count":0,"href":"https:\/\/www.europesays.com\/fr\/wp-json\/wp\/v2\/posts\/116767\/revisions"}],"wp:featuredmedia":[{"embeddable":true,"href":"https:\/\/www.europesays.com\/fr\/wp-json\/wp\/v2\/media\/116768"}],"wp:attachment":[{"href":"https:\/\/www.europesays.com\/fr\/wp-json\/wp\/v2\/media?parent=116767"}],"wp:term":[{"taxonomy":"category","embeddable":true,"href":"https:\/\/www.europesays.com\/fr\/wp-json\/wp\/v2\/categories?post=116767"},{"taxonomy":"post_tag","embeddable":true,"href":"https:\/\/www.europesays.com\/fr\/wp-json\/wp\/v2\/tags?post=116767"}],"curies":[{"name":"wp","href":"https:\/\/api.w.org\/{rel}","templated":true}]}}