{"id":1167671,"date":"2026-09-04T22:01:17","date_gmt":"2026-09-04T22:01:17","guid":{"rendered":"https:\/\/www.europesays.com\/fr\/1167671\/"},"modified":"2026-09-04T22:01:17","modified_gmt":"2026-09-04T22:01:17","slug":"journees-paris-reseau-danse-le-grand-rassemblement","status":"publish","type":"post","link":"https:\/\/www.europesays.com\/fr\/1167671\/","title":{"rendered":"Journ\u00e9es Paris R\u00e9seau Danse | Le Grand Rassemblement"},"content":{"rendered":"<p>Le Grand Rassemblement des Veilleurs a \u00e9t\u00e9 imagin\u00e9 afin d\u2019interroger l\u2019h\u00e9ritage de l\u2019\u0153uvre unique et monumentale Le Cycle des Veilleurs (2021\u00a0\u2013 2025), cr\u00e9\u00e9e pour l\u2019Olympiade Culturelle des JOP de Paris 2024. C\u2019est un \u00e9v\u00e9nement f\u00e9d\u00e9rateur, port\u00e9 par micadanses et le Paris R\u00e9seau Danse, fid\u00e8les partenaires de la compagnie depuis de nombreuses ann\u00e9es.<\/p>\n<p class=\"text\">Pendant une apr\u00e8s-midi, micadanses et ses alentours deviennent le terrain d\u2019un parcours m\u00ealant performances, installations et participations, pour un temps de c\u00e9l\u00e9bration, de transmission et de partage. Le Grand Rassemblement r\u00e9unit diff\u00e9rentes g\u00e9n\u00e9rations de Veilleur\u00b7euses et d\u2019artistes chor\u00e9graphiques de la compagnie WLDN, faisant dialoguer m\u00e9moires et exp\u00e9riences, h\u00e9ritage et renouveau, tout en ouvrant ce patrimoine chor\u00e9graphique \u00e0 toutes et tous.<\/p>\n<p class=\"text\">Des performances in situ et participatives, une installation des traces photographiques, manuscrites et sonores du projet ainsi qu\u2019une marche ouverte \u00e0 toutes et tous, seront organis\u00e9es. Le public pourra \u00e9galement assister \u00e0 la premi\u00e8re du documentaire consacr\u00e9 au Cycle des Veilleurs, r\u00e9alis\u00e9 par J\u00e9r\u00e9my Tran. Joanne Leighton cr\u00e9era une nouvelle version de Traces, sur une composition musicale originale de Peter Crosbie, interpr\u00e9t\u00e9e par un groupe interg\u00e9n\u00e9rationnel de dix danseur\u00b7euses, r\u00e9unissant de fid\u00e8les artistes de la compagnie ainsi qu\u2019une nouvelle g\u00e9n\u00e9ration d\u2019interpr\u00e8tes.<\/p>\n<p class=\"text\"><strong>Chor\u00e9graphie et direction<\/strong>\u00a0: Joanne Leighton<br \/><strong>Artistes chor\u00e9graphiques<\/strong>\u00a0: Anthony Barreri, Hippolyte Desneux, Marie Fonte, Cassandre Guerdat, Flore Khoury, Sabine Rivi\u00e8re, Antoine Roux-Briffaud\u2026<br \/><strong>Collaboration artistique<\/strong>\u00a0: Marie Fonte<br \/><strong>Cr\u00e9ation bande sonore et musique originale<\/strong>\u00a0: Peter Crosbie<br \/>WLDN \/ Joanne Leighton est artiste complice au Grand R\u00a0\u2013 Sc\u00e8ne nationale la Roche-sur-Yon\u00a0; artiste associ\u00e9e au Th\u00e9\u00e2tre de Beauvaisis, Sc\u00e8ne nationale 2024-2026. WLDN est subventionn\u00e9e par la DRAC \u00cele-de-France au titre des compagnies conventionn\u00e9es et par la R\u00e9gion \u00cele-de-France au titre de la Permanence Artistique et Culturelle.<\/p>\n<p class=\"text\">\u25b6\ufe0e gratuit et ouvert \u00e0 tous.tes. Dans le cadre des Journ\u00e9es <a href=\"https:\/\/parisreseaudanse.com\/\" target=\"_blank\" rel=\"noopener nofollow\" title=\"Ouverture dans un nouvel onglet\">Paris R\u00e9seau Danse<\/a> et des Journ\u00e9es Europ\u00e9ennes du Patrimoine. <\/p>\n","protected":false},"excerpt":{"rendered":"Le Grand Rassemblement des Veilleurs a \u00e9t\u00e9 imagin\u00e9 afin d\u2019interroger l\u2019h\u00e9ritage de l\u2019\u0153uvre unique et monumentale Le Cycle&hellip;\n","protected":false},"author":2,"featured_media":1167672,"comment_status":"","ping_status":"","sticky":false,"template":"","format":"standard","meta":{"footnotes":"","_share_on_mastodon":"0"},"categories":[1888],"tags":[1111,1928,11,1927,1777,674,1011,27,12,1926,626,1925,25],"class_list":["post-1167671","post","type-post","status-publish","format-standard","has-post-thumbnail","category-paris","tag-actu","tag-actu-paris","tag-actualites","tag-actualites-paris","tag-eu","tag-europe","tag-fr","tag-france","tag-news","tag-news-paris","tag-paris","tag-paris-news","tag-republique-francaise"],"share_on_mastodon":{"url":"https:\/\/pubeurope.com\/@fr\/117215027935094979","error":""},"_links":{"self":[{"href":"https:\/\/www.europesays.com\/fr\/wp-json\/wp\/v2\/posts\/1167671","targetHints":{"allow":["GET"]}}],"collection":[{"href":"https:\/\/www.europesays.com\/fr\/wp-json\/wp\/v2\/posts"}],"about":[{"href":"https:\/\/www.europesays.com\/fr\/wp-json\/wp\/v2\/types\/post"}],"author":[{"embeddable":true,"href":"https:\/\/www.europesays.com\/fr\/wp-json\/wp\/v2\/users\/2"}],"replies":[{"embeddable":true,"href":"https:\/\/www.europesays.com\/fr\/wp-json\/wp\/v2\/comments?post=1167671"}],"version-history":[{"count":0,"href":"https:\/\/www.europesays.com\/fr\/wp-json\/wp\/v2\/posts\/1167671\/revisions"}],"wp:featuredmedia":[{"embeddable":true,"href":"https:\/\/www.europesays.com\/fr\/wp-json\/wp\/v2\/media\/1167672"}],"wp:attachment":[{"href":"https:\/\/www.europesays.com\/fr\/wp-json\/wp\/v2\/media?parent=1167671"}],"wp:term":[{"taxonomy":"category","embeddable":true,"href":"https:\/\/www.europesays.com\/fr\/wp-json\/wp\/v2\/categories?post=1167671"},{"taxonomy":"post_tag","embeddable":true,"href":"https:\/\/www.europesays.com\/fr\/wp-json\/wp\/v2\/tags?post=1167671"}],"curies":[{"name":"wp","href":"https:\/\/api.w.org\/{rel}","templated":true}]}}