{"id":116771,"date":"2025-05-21T11:48:08","date_gmt":"2025-05-21T11:48:08","guid":{"rendered":"https:\/\/www.europesays.com\/fr\/116771\/"},"modified":"2025-05-21T11:48:08","modified_gmt":"2025-05-21T11:48:08","slug":"mercato-lom-repond-a-linteret-de-rennes-pour-valentin-rongier","status":"publish","type":"post","link":"https:\/\/www.europesays.com\/fr\/116771\/","title":{"rendered":"Mercato : l\u2019OM r\u00e9pond \u00e0 l\u2019int\u00e9r\u00eat de Rennes pour Valentin Rongier"},"content":{"rendered":"<p data-testid=\"article-teaser\">Rennes insiste pour un cadre de l\u2019OM, mais Marseille n\u2019a pas chang\u00e9 d\u2019avis. Une nouvelle tentative\u2026 pour une nouvelle fin d\u00e9j\u00e0 connue ?<\/p>\n<p>Alors que le mercato estival approche, certains clubs activent d\u00e9j\u00e0 les premi\u00e8res man\u0153uvres. <a href=\"https:\/\/www.goal.com\/fr\/listes\/mercato-om-un-ex-courtisan-revient-a-la-charge-pour-valentin-rongier\/blt8863f593c45243da\" target=\"_self\" rel=\"noopener\">\u00c0 Rennes, un vieux dossier revient sur la table : celui de Valentin Rongier<\/a>. Le <a href=\"https:\/\/www.goal.com\/fr\/listes\/om-l-incroyable-retournement-de-situation-pour-valentin-rongier\/blt94c0416d98fd93ee\" target=\"_self\" rel=\"noopener\">Stade Rennais avait tent\u00e9 de l\u2019attirer en janvier dernier, sans succ\u00e8s. Et malgr\u00e9 ce refus clair<\/a>, les Bretons comptent bien retenter leur chance. Probl\u00e8me : l\u2019OM campe sur ses positions.<\/p>\n<p>L\u2019OM ferme encore la porte, Rennes peut passer \u00e0 autre chose<\/p>\n<p>Les dirigeants marseillais n\u2019avaient laiss\u00e9 aucune ouverture l\u2019hiver dernier. Et leur r\u00e9ponse n\u2019a pas chang\u00e9. Toujours li\u00e9 au club jusqu\u2019en 2026, Valentin Rongier fait figure de pilier, autant sur le terrain que dans le vestiaire.<\/p>\n<p>Roberto De Zerbi, coach de l\u2019OM, ne compte pas s\u2019en s\u00e9parer. Mieux encore, il souhaite Rongier avec lui la saison prochaine selon <a href=\"https:\/\/www.footmarseillais.com\/actualite\/mercato-recale-cet-hiver-l-om-va-lui-remettre-un-stop-cet-ete.html\" target=\"_self\" rel=\"noopener\">Foot Marseillais<\/a>. Il ne reste plus qu\u2019\u00e0 aligner les chiffres pour une prolongation et revaloriser son contrat.<\/p>\n<p>L&rsquo;article continue ci-dessous<\/p>\n<blockquote class=\"twitter-tweet\" hidden=\"\">\n<p lang=\"fr\" dir=\"ltr\">\ud83d\udea8 \ud835\udde5\ud835\uddd8\ud835\udde1\ud835\udde1\ud835\uddd8\ud835\udde6 \ud835\udde5\ud835\uddd8\ud835\udde1\ud835\udde2\ud835\udde8\ud835\udde9\ud835\uddd8\ud835\udddf\ud835\udddf\ud835\uddd8 \ud835\udde6\ud835\udde2\ud835\udde1 \ud835\udddc\ud835\udde1\ud835\udde7\ud835\uddd8\u0301\ud835\udde5\ud835\uddd8\u0302\ud835\udde7 \ud835\udde3\ud835\udde2\ud835\udde8\ud835\udde5 VALENTIN RONGIER \ud83c\uddeb\ud83c\uddf7 ! \u2764\ufe0f\ud83d\udda4 <\/p>\n<p>D\u00e9j\u00e0 int\u00e9ress\u00e9 cet hiver, Rennes se positionne une nouvelle fois sur le milieu de terrain marseillais Valentin Rongier en vue du mercato estival.<\/p>\n<p>( \ud83d\uddde\ufe0f <a href=\"https:\/\/twitter.com\/Santi_J_FM?ref_src=twsrc%5Etfw\" target=\"_blank\" rel=\"noopener\">@Santi_J_FM<\/a>  \/ <a href=\"https:\/\/twitter.com\/footmercato?ref_src=twsrc%5Etfw\" target=\"_blank\" rel=\"noopener\">@footmercato<\/a> ) <a href=\"https:\/\/t.co\/Dfv3uMNWjl\">pic.twitter.com\/Dfv3uMNWjl<\/a><\/p>\n<p>\u2014 Instant Foot \u26bd\ufe0f (@lnstantFoot) <a href=\"https:\/\/twitter.com\/lnstantFoot\/status\/1924473202513719707?ref_src=twsrc%5Etfw\" target=\"_blank\" rel=\"noopener\">May 19, 2025<\/a><\/p><\/blockquote>\n<p>Du c\u00f4t\u00e9 de la Bretagne, le nom de Rongier revient avec insistance. Mais inutile d\u2019insister davantage : l\u2019OM n\u2019a nullement l\u2019intention de c\u00e9der son capitaine. La r\u00e9ponse sera exactement la m\u00eame qu\u2019en janvier. Rennes devra revoir ses plans.<\/p>\n<p><script async src=\"https:\/\/platform.twitter.com\/widgets.js\" charset=\"utf-8\"><\/script><\/p>\n","protected":false},"excerpt":{"rendered":"Rennes insiste pour un cadre de l\u2019OM, mais Marseille n\u2019a pas chang\u00e9 d\u2019avis. Une nouvelle tentative\u2026 pour une&hellip;\n","protected":false},"author":2,"featured_media":116772,"comment_status":"","ping_status":"","sticky":false,"template":"","format":"standard","meta":{"footnotes":""},"categories":[2821],"tags":[1111,11,829,1777,674,1011,27,66,884,1434,12,7329,584,25,23718],"class_list":{"0":"post-116771","1":"post","2":"type-post","3":"status-publish","4":"format-standard","5":"has-post-thumbnail","7":"category-rennes","8":"tag-actu","9":"tag-actualites","10":"tag-bretagne","11":"tag-eu","12":"tag-europe","13":"tag-fr","14":"tag-france","15":"tag-ligue-1","16":"tag-marseille","17":"tag-mercato","18":"tag-news","19":"tag-r-de-zerbi","20":"tag-rennes","21":"tag-republique-francaise","22":"tag-v-rongier"},"share_on_mastodon":{"url":"","error":""},"_links":{"self":[{"href":"https:\/\/www.europesays.com\/fr\/wp-json\/wp\/v2\/posts\/116771","targetHints":{"allow":["GET"]}}],"collection":[{"href":"https:\/\/www.europesays.com\/fr\/wp-json\/wp\/v2\/posts"}],"about":[{"href":"https:\/\/www.europesays.com\/fr\/wp-json\/wp\/v2\/types\/post"}],"author":[{"embeddable":true,"href":"https:\/\/www.europesays.com\/fr\/wp-json\/wp\/v2\/users\/2"}],"replies":[{"embeddable":true,"href":"https:\/\/www.europesays.com\/fr\/wp-json\/wp\/v2\/comments?post=116771"}],"version-history":[{"count":0,"href":"https:\/\/www.europesays.com\/fr\/wp-json\/wp\/v2\/posts\/116771\/revisions"}],"wp:featuredmedia":[{"embeddable":true,"href":"https:\/\/www.europesays.com\/fr\/wp-json\/wp\/v2\/media\/116772"}],"wp:attachment":[{"href":"https:\/\/www.europesays.com\/fr\/wp-json\/wp\/v2\/media?parent=116771"}],"wp:term":[{"taxonomy":"category","embeddable":true,"href":"https:\/\/www.europesays.com\/fr\/wp-json\/wp\/v2\/categories?post=116771"},{"taxonomy":"post_tag","embeddable":true,"href":"https:\/\/www.europesays.com\/fr\/wp-json\/wp\/v2\/tags?post=116771"}],"curies":[{"name":"wp","href":"https:\/\/api.w.org\/{rel}","templated":true}]}}