{"id":1167720,"date":"2026-09-04T22:36:34","date_gmt":"2026-09-04T22:36:34","guid":{"rendered":"https:\/\/www.europesays.com\/fr\/1167720\/"},"modified":"2026-09-04T22:36:34","modified_gmt":"2026-09-04T22:36:34","slug":"dacia-annonce-une-motorisation-inedite-baptisee-tribrid-mais-cest-quoi-encore","status":"publish","type":"post","link":"https:\/\/www.europesays.com\/fr\/1167720\/","title":{"rendered":"Dacia annonce une motorisation in\u00e9dite baptis\u00e9e Tribrid, mais c&rsquo;est quoi encore ?"},"content":{"rendered":"<p>Dacia vient de trouver un nouveau nom pour l\u2019une de ses motorisations. La marque pr\u00e9sente d\u00e9sormais le \u201cTribrid\u201d comme une technologie in\u00e9dite associant essence, GPL et \u00e9lectricit\u00e9, avec transmission int\u00e9grale. Le probl\u00e8me, c\u2019est que cette m\u00e9canique n\u2019est pas nouvelle, elle \u00e9quipe d\u00e9j\u00e0 les Duster et Bigster depuis 2025, sous le nom d\u2019Hybrid-G 150 4\u00d74\u00a0!<\/p>\n<p>Le changement de nom n\u2019est donc pas vraiment une r\u00e9volution sous le capot. Il s\u2019agit surtout d\u2019une nouvelle mani\u00e8re de pr\u00e9senter une technologie que Dacia commercialise d\u00e9j\u00e0.<\/p>\n<p> Un nouveau nom pour une m\u00e9canique qui existe d\u00e9j\u00e0 <\/p>\n<p>Sur son site, Dacia <a href=\"https:\/\/www.dacia.fr\/voitures-hybrides\/motorisation-tribride.html\" target=\"_blank\" rel=\"false noopener nofollow\">pr\u00e9sente le Tribrid<\/a> comme une \u201ctechnologie in\u00e9dite\u201d et m\u00eame comme une \u201cpremi\u00e8re mondiale\u201d. La formulation n\u2019est pas totalement fausse, mais elle m\u00e9rite d\u2019\u00eatre pr\u00e9cis\u00e9e. La marque parle de la combinaison de trois sources d\u2019\u00e9nergie, \u00e9lectrique, essence et GPL, avec une transmission pouvant fonctionner en 4\u00d72 ou en 4\u00d74.<\/p>\n<p>Cette architecture avait pourtant d\u00e9j\u00e0 \u00e9t\u00e9 d\u00e9voil\u00e9e par Dacia le 4 septembre 2025, sous le nom d\u2019Hybrid-G 150 4\u00d74. Elle \u00e9tait alors annonc\u00e9e pour les Duster et Bigster, avant son arriv\u00e9e effective dans la gamme. Et Dacia ne laisse d\u00e9sormais gu\u00e8re de place au doute car sur la fiche actuelle du Bigster, une petite mention pr\u00e9cise que le Tribrid 150 4\u00d74 \u00e9tait \u201canciennement hybrid-G 150 4\u00d74\u201d. M\u00eame chose sur les informations consacr\u00e9es au Duster.<\/p>\n<p>Autrement dit, le Tribrid n\u2019est pas un nouveau moteur arriv\u00e9 cette semaine. C\u2019est essentiellement le nom commercial choisi en 2026 pour mettre en avant une motorisation lanc\u00e9e l\u2019ann\u00e9e pr\u00e9c\u00e9dente.<\/p>\n<p> Une m\u00e9canique plut\u00f4t originale malgr\u00e9 tout <\/p>\n<p>Cela ne signifie pas pour autant que la technologie n\u2019a rien d\u2019int\u00e9ressant. Au contraire, l\u2019architecture du Hybrid-G 150 4\u00d74 est assez particuli\u00e8re. \u00c0 l\u2019avant, Dacia utilise un trois-cylindres 1,2 litre essence de 140 ch, associ\u00e9 \u00e0 une hybridation l\u00e9g\u00e8re de 48 V et \u00e0 une bo\u00eete automatique \u00e0 double embrayage \u00e0 six rapports. Le moteur fonctionne aussi au GPL gr\u00e2ce \u00e0 la bicarburation. \u00c0 l\u2019arri\u00e8re, on trouve un moteur \u00e9lectrique d\u00e9veloppant jusqu\u2019\u00e0 31 ch, aliment\u00e9 par une petite batterie lithium-ion de 0,84 kWh. Il dispose de sa propre bo\u00eete \u00e0 deux rapports et permet ainsi de transformer le Duster ou le Bigster en transmission int\u00e9grale sans arbre m\u00e9canique reliant les deux essieux. La puissance maximale combin\u00e9e atteint 154 ch.<\/p>\n<p>La particularit\u00e9 est aussi de pouvoir rouler ponctuellement uniquement \u00e0 l\u2019\u00e9lectricit\u00e9. Dacia annonce jusqu\u2019\u00e0 60\u00a0% du temps de trajet en mode \u00e9lectrique en ville, sur la base de ses essais internes utilisant la phase urbaine du cycle WLTC. Ce chiffre ne signifie donc \u00e9videmment pas que le v\u00e9hicule peut parcourir 60\u00a0% de son trajet avec une batterie de voiture \u00e9lectrique\u00a0: il s\u2019agit du temps pendant lequel le moteur thermique peut rester coup\u00e9 dans certaines conditions. Avec ses deux r\u00e9servoirs de 50 litres, l\u2019un pour l\u2019essence et l\u2019autre pour le GPL, <strong>Dacia annonce par ailleurs jusqu\u2019\u00e0 1\u00a0500 km d\u2019autonomie WLTP.<\/strong><\/p>\n<p>Pour accompagner le lancement du nom Tribrid, Dacia a confi\u00e9 \u00e0 Buzzman une campagne publicitaire mettant en sc\u00e8ne des robots qui assemblent diff\u00e9rentes pi\u00e8ces pour cr\u00e9er cette motorisation. Le film est diffus\u00e9 depuis le 1er septembre dans plusieurs formats, dont une version de 60 secondes.<\/p>\n<p>    <a href=\"https:\/\/www.youtube.com\/user\/JournalduGeek?sub_confirmation=1\" target=\"_blank\" rel=\"nofollow noopener\"><br \/>\n        S&rsquo;abonner \u00e0 Journal du Geek<br \/>\n    <\/a> <\/p>\n<p>Le probl\u00e8me relev\u00e9 par <a href=\"https:\/\/www.caradisiac.com\/c-est-quoi-le-dacia-tribrid-ce-nouveau-nom-a-la-consonance-allechante-223827.htm\" target=\"_blank\" rel=\"false noopener nofollow\">Caradisiac<\/a> est visible dans la repr\u00e9sentation du moteur\u00a0: sous le capot du SUV, la publicit\u00e9 montre notamment une sorte de bonbonne de GPL install\u00e9e \u00e0 c\u00f4t\u00e9 du moteur thermique. Or, dans le v\u00e9ritable v\u00e9hicule, le r\u00e9servoir de GPL se trouve \u00e0 l\u2019arri\u00e8re, \u00e0 la place de la roue de secours, et non dans le compartiment moteur. Il faut \u00e9videmment prendre la sc\u00e8ne pour ce qu\u2019elle est, une m\u00e9taphore publicitaire et non un sch\u00e9ma technique. Mais pour une campagne cens\u00e9e expliquer une technologie automobile, le d\u00e9tail a de quoi faire sourire.<\/p>\n<p> Une vraie innovation\u2026 mais pas vraiment nouvelle <\/p>\n<p>Le Tribrid reste donc une motorisation int\u00e9ressante, notamment parce qu\u2019elle r\u00e9unit une hybridation 48 V, le GPL et une transmission int\u00e9grale \u00e9lectrique dans une architecture assez inhabituelle. Dacia pouvait l\u00e9gitimement mettre en avant le caract\u00e8re in\u00e9dit de cette combinaison lors de son lancement en 2025. En revanche, en septembre 2026, le produit n\u2019est plus in\u00e9dit, il roule d\u00e9j\u00e0 depuis un an sous l\u2019appellation Hybrid-G 150 4\u00d74.<\/p>\n<p>Dacia lui offre simplement un nouveau nom, plus facile \u00e0 retenir et sans doute plus efficace dans une campagne de communication. Une op\u00e9ration parfaitement assum\u00e9e par la marque et son agence. Reste qu\u2019entre nouvelle technologie et nouveau nom, il y a parfois toute une strat\u00e9gie marketing. Et dans ce cas pr\u00e9cis, il suffit de regarder la petite mention \u201canciennement hybrid-G 150 4\u00d74\u201d sur le site de Dacia pour comprendre laquelle des deux est r\u00e9ellement nouvelle.<\/p>\n","protected":false},"excerpt":{"rendered":"Dacia vient de trouver un nouveau nom pour l\u2019une de ses motorisations. La marque pr\u00e9sente d\u00e9sormais le \u201cTribrid\u201d&hellip;\n","protected":false},"author":2,"featured_media":1167721,"comment_status":"","ping_status":"","sticky":false,"template":"","format":"standard","meta":{"footnotes":"","_share_on_mastodon":"0"},"categories":[6],"tags":[1977,35,24633,33,34,1011,27,17494,5207],"class_list":["post-1167720","post","type-post","status-publish","format-standard","has-post-thumbnail","category-economie","tag-auto","tag-business","tag-dacia","tag-economie","tag-economy","tag-fr","tag-france","tag-hybride","tag-moteur"],"share_on_mastodon":{"url":"https:\/\/pubeurope.com\/@fr\/117215165361544545","error":""},"_links":{"self":[{"href":"https:\/\/www.europesays.com\/fr\/wp-json\/wp\/v2\/posts\/1167720","targetHints":{"allow":["GET"]}}],"collection":[{"href":"https:\/\/www.europesays.com\/fr\/wp-json\/wp\/v2\/posts"}],"about":[{"href":"https:\/\/www.europesays.com\/fr\/wp-json\/wp\/v2\/types\/post"}],"author":[{"embeddable":true,"href":"https:\/\/www.europesays.com\/fr\/wp-json\/wp\/v2\/users\/2"}],"replies":[{"embeddable":true,"href":"https:\/\/www.europesays.com\/fr\/wp-json\/wp\/v2\/comments?post=1167720"}],"version-history":[{"count":0,"href":"https:\/\/www.europesays.com\/fr\/wp-json\/wp\/v2\/posts\/1167720\/revisions"}],"wp:featuredmedia":[{"embeddable":true,"href":"https:\/\/www.europesays.com\/fr\/wp-json\/wp\/v2\/media\/1167721"}],"wp:attachment":[{"href":"https:\/\/www.europesays.com\/fr\/wp-json\/wp\/v2\/media?parent=1167720"}],"wp:term":[{"taxonomy":"category","embeddable":true,"href":"https:\/\/www.europesays.com\/fr\/wp-json\/wp\/v2\/categories?post=1167720"},{"taxonomy":"post_tag","embeddable":true,"href":"https:\/\/www.europesays.com\/fr\/wp-json\/wp\/v2\/tags?post=1167720"}],"curies":[{"name":"wp","href":"https:\/\/api.w.org\/{rel}","templated":true}]}}