{"id":116773,"date":"2025-05-21T11:49:09","date_gmt":"2025-05-21T11:49:09","guid":{"rendered":"https:\/\/www.europesays.com\/fr\/116773\/"},"modified":"2025-05-21T11:49:09","modified_gmt":"2025-05-21T11:49:09","slug":"son-visage-placarde-dans-rennes-apres-des-accusations-de-violences-sexuelles-cest-quoi-cette-crise-qui-fissure-lultragauche","status":"publish","type":"post","link":"https:\/\/www.europesays.com\/fr\/116773\/","title":{"rendered":"Son visage placard\u00e9 dans Rennes apr\u00e8s des accusations de violences sexuelles\u00a0: c\u2019est quoi cette crise qui fissure l\u2019ultragauche\u00a0?"},"content":{"rendered":"<p>En l\u00e9gende, des mots chocs : \u00ab Violeur, t\u2019as voulu jouer, t\u2019as perdu. La f\u00eate est finie, tu ne sortiras plus \u00bb ou encore \u00ab Violeur, agresseur, pr\u00e9dateur, etc. On te fera une Lisbeth Salander \u00bb, en r\u00e9f\u00e9rence \u00e0 l\u2019h\u00e9ro\u00efne de la s\u00e9rie Mill\u00e9nium qui traque les agresseurs impunis. Coll\u00e9es par grappe, ces affiches sautent aux yeux des passants. De quoi susciter de nombreuses interrogations. Par le biais d\u2019un avocat proche de la D\u00e9fense collective, le T\u00e9l\u00e9gramme a cherch\u00e9 \u00e0 contacter la personne vis\u00e9e par ces affiches, sans succ\u00e8s.<\/p>\n<p>Cercle ferm\u00e9<\/p>\n<p>Selon nos informations, cette campagne d\u2019affichage s\u2019ancre dans une affaire de violences sexuelles qui mine une partie de l\u2019ultragauche rennaise. \u00ab Des r\u00e9unions en non-mixit\u00e9 ont sans doute permis de faire remonter des informations qui ne seraient jamais sorties sinon \u00bb, sugg\u00e8re une femme qui conna\u00eet bien le milieu. Mais \u00e0 ce jour, aucune plainte n\u2019aurait \u00e9t\u00e9 d\u00e9pos\u00e9e dans ce dossier. Impossible, donc, pour la justice d\u2019\u00e9tablir la r\u00e9alit\u00e9 des faits d\u00e9nonc\u00e9s. Le probl\u00e8me est g\u00e9n\u00e9ralement trait\u00e9 en coulisses dans ces cercles militants.<\/p>\n<p>En t\u00e9moigne ce message post\u00e9 sur un r\u00e9seau social tr\u00e8s s\u00e9curis\u00e9 : \u00ab La D\u00e9fense collective a \u00e9t\u00e9 mise au courant de plusieurs affaires de violences sexistes et sexuelles commises par certains de ses membres \u00bb, communique ainsi le collectif. \u00ab De nombreux rapports et dynamiques de pouvoir et de domination ont \u00e9t\u00e9 mis en lumi\u00e8re, ce qui a permis une prise en compte de ces probl\u00e9matiques. Le groupe a d\u00e9sormais entam\u00e9 un travail de fond sur ces questions. \u00bb<\/p>\n<blockquote><p>Un hacking, qui n\u2019\u00e9mane ni de la police, ni des fafs, nous a priv\u00e9s de nos canaux<\/p><\/blockquote>\n<p>Suspension<\/p>\n<p>La D\u00e9fense collective \u00ab acte une p\u00e9riode de suspension \u00bb, est-il indiqu\u00e9 dans ces \u00e9changes, annon\u00e7ant des \u00ab r\u00e9flexions autour du fonctionnement interne \u00bb. Elle ne sera plus pr\u00e9sente dans les cort\u00e8ges des manifestations pas plus que dans la participation aux \u00ab espaces d\u2019organisation du mouvement rennais \u00bb. Seules sont maintenues les activit\u00e9s de suivi juridique, qui font la particularit\u00e9 de ce mouvement. \u00ab Le groupe continue de prendre en charge de nouvelles affaires pour les inculp\u00e9s du mouvement social \u00bb, pr\u00e9cise-t-il.<\/p>\n<p>Le collectif doit \u00e9galement affronter un autre souci, peut-\u00eatre en lien avec le premier : \u00ab un hacking, qui n\u2019\u00e9mane ni de la police, ni des fafs (militants d\u2019extr\u00eame droite, NDLR), nous a priv\u00e9s de nos canaux de communication \u00bb, indique le groupe, qui a ainsi perdu l\u2019acc\u00e8s \u00e0 ses bo\u00eetes mails et \u00e0 ses principaux comptes sur les r\u00e9seaux sociaux.<\/p>\n","protected":false},"excerpt":{"rendered":"En l\u00e9gende, des mots chocs : \u00ab Violeur, t\u2019as voulu jouer, t\u2019as perdu. La f\u00eate est finie, tu&hellip;\n","protected":false},"author":2,"featured_media":116774,"comment_status":"","ping_status":"","sticky":false,"template":"","format":"standard","meta":{"footnotes":""},"categories":[2821],"tags":[1111,11,829,765,1777,674,3384,118,3383,1011,27,12,584,25],"class_list":{"0":"post-116773","1":"post","2":"type-post","3":"status-publish","4":"format-standard","5":"has-post-thumbnail","7":"category-rennes","8":"tag-actu","9":"tag-actualites","10":"tag-bretagne","11":"tag-en-continu","12":"tag-eu","13":"tag-europe","14":"tag-exclusif","15":"tag-faits-divers","16":"tag-faits-divers-a-rennes","17":"tag-fr","18":"tag-france","19":"tag-news","20":"tag-rennes","21":"tag-republique-francaise"},"share_on_mastodon":{"url":"https:\/\/pubeurope.com\/@fr\/114545673161884974","error":""},"_links":{"self":[{"href":"https:\/\/www.europesays.com\/fr\/wp-json\/wp\/v2\/posts\/116773","targetHints":{"allow":["GET"]}}],"collection":[{"href":"https:\/\/www.europesays.com\/fr\/wp-json\/wp\/v2\/posts"}],"about":[{"href":"https:\/\/www.europesays.com\/fr\/wp-json\/wp\/v2\/types\/post"}],"author":[{"embeddable":true,"href":"https:\/\/www.europesays.com\/fr\/wp-json\/wp\/v2\/users\/2"}],"replies":[{"embeddable":true,"href":"https:\/\/www.europesays.com\/fr\/wp-json\/wp\/v2\/comments?post=116773"}],"version-history":[{"count":0,"href":"https:\/\/www.europesays.com\/fr\/wp-json\/wp\/v2\/posts\/116773\/revisions"}],"wp:featuredmedia":[{"embeddable":true,"href":"https:\/\/www.europesays.com\/fr\/wp-json\/wp\/v2\/media\/116774"}],"wp:attachment":[{"href":"https:\/\/www.europesays.com\/fr\/wp-json\/wp\/v2\/media?parent=116773"}],"wp:term":[{"taxonomy":"category","embeddable":true,"href":"https:\/\/www.europesays.com\/fr\/wp-json\/wp\/v2\/categories?post=116773"},{"taxonomy":"post_tag","embeddable":true,"href":"https:\/\/www.europesays.com\/fr\/wp-json\/wp\/v2\/tags?post=116773"}],"curies":[{"name":"wp","href":"https:\/\/api.w.org\/{rel}","templated":true}]}}