{"id":1167739,"date":"2026-09-04T22:49:20","date_gmt":"2026-09-04T22:49:20","guid":{"rendered":"https:\/\/www.europesays.com\/fr\/1167739\/"},"modified":"2026-09-04T22:49:20","modified_gmt":"2026-09-04T22:49:20","slug":"montpellier-le-rockstore-souffle-ses-40-bougies-en-quatre-nuits-electriques-du-14-au-17-octobre","status":"publish","type":"post","link":"https:\/\/www.europesays.com\/fr\/1167739\/","title":{"rendered":"Montpellier | Le Rockstore souffle ses 40 bougies en quatre nuits \u00e9lectriques \u2013 du 14 au 17 octobre"},"content":{"rendered":"<p>\t\t\t\tDu 14 au 17 octobre, le Rockstore, \u00e0 Montpellier, c\u00e9l\u00e8bre ses 40 ans d\u2019existence avec quatre soir\u00e9es, sous la mythique Cadillac rouge qui orne sa fa\u00e7ade, entre sc\u00e8ne montpelli\u00e9raine, \u00e9lectro et rock.<\/p>\n<p style=\"text-align: justify;\">Ouvert en 1986, alors que certains d\u00e9couvraient encore la FM, le Rockstore s\u2019est impos\u00e9 comme une v\u00e9ritable cath\u00e9drale du rock dans le sud de la France. Quarante ans \u00e0 faire trembler les murs, \u00e0 user les semelles sur le dancefloor et \u00e0 \u00e9crire, soir apr\u00e8s soir, une histoire qui se raconte encore au comptoir.<\/p>\n<p style=\"text-align: justify;\">Mercredi 14 octobre, place \u00e0 la nouvelle sc\u00e8ne rock montpelli\u00e9raine avec Bonjour, Avalon Bloom et Off Center, en entr\u00e9e libre, en partenariat avec La Mutuelle des Motards. Jeudi 15 octobre, <strong>Vladimir Cauchemar<\/strong>, DJ et producteur hors cadre \u00e0 la crois\u00e9e de la rave et du hip-hop, m\u00eale beats ravageurs et fl\u00fbte envo\u00fbtante aux c\u00f4t\u00e9s des DJ sets de Platine et Isaline, pour la soir\u00e9e Club Sandwich en partenariat avec My Live Is A Week-End.<\/p>\n<p style=\"text-align: justify;\">Vendredi 16 octobre, <strong>\u00c9tienne de Cr\u00e9cy<\/strong>, pionnier de la French Touch et fid\u00e8le du lieu, m\u00e8ne une grande nuit \u00e9lectro XXL avec Kiddy Smile, Dylan Dylan, SL\/AG et Baston. Samedi 17 octobre, <strong>Rin\u00f4c\u00e9rose<\/strong> cl\u00f4ture les festivit\u00e9s en apoth\u00e9ose avec un concert \u00e9v\u00e9nement, apr\u00e8s avoir port\u00e9 son \u00e9lectro-rock sur les sc\u00e8nes du monde entier, suivi d\u2019un after Rin\u00f4 DJ Club.<\/p>\n<p style=\"text-align: justify;\">Acteur essentiel de la m\u00e9moire et de la vie culturelle montpelli\u00e9raine, le Rockstore reste une adresse incontournable pour les amateurs de musiques actuelles, sous le regard de sa Cadillac rouge suspendue en fa\u00e7ade, v\u00e9ritable embl\u00e8me de la salle depuis son ouverture.<\/p>\n<p style=\"text-align: justify;\">Plus d\u2019infos : <a href=\"https:\/\/rockstore.fr\/\" target=\"_blank\" rel=\"noopener nofollow\">rockstore.fr<\/a><br \/>Photo : Laurent Vilarem<\/p>\n","protected":false},"excerpt":{"rendered":"Du 14 au 17 octobre, le Rockstore, \u00e0 Montpellier, c\u00e9l\u00e8bre ses 40 ans d\u2019existence avec quatre soir\u00e9es, sous&hellip;\n","protected":false},"author":2,"featured_media":1167740,"comment_status":"","ping_status":"","sticky":false,"template":"","format":"standard","meta":{"footnotes":"","_share_on_mastodon":"0"},"categories":[9599],"tags":[1111,11,1697,1777,674,1011,27,2208,87566,12,2680,25,120633],"class_list":["post-1167739","post","type-post","status-publish","format-standard","has-post-thumbnail","category-montpellier","tag-actu","tag-actualites","tag-concert","tag-eu","tag-europe","tag-fr","tag-france","tag-montpellier","tag-musiques-actuelles","tag-news","tag-occitanie","tag-republique-francaise","tag-rockstore"],"share_on_mastodon":{"url":"","error":""},"_links":{"self":[{"href":"https:\/\/www.europesays.com\/fr\/wp-json\/wp\/v2\/posts\/1167739","targetHints":{"allow":["GET"]}}],"collection":[{"href":"https:\/\/www.europesays.com\/fr\/wp-json\/wp\/v2\/posts"}],"about":[{"href":"https:\/\/www.europesays.com\/fr\/wp-json\/wp\/v2\/types\/post"}],"author":[{"embeddable":true,"href":"https:\/\/www.europesays.com\/fr\/wp-json\/wp\/v2\/users\/2"}],"replies":[{"embeddable":true,"href":"https:\/\/www.europesays.com\/fr\/wp-json\/wp\/v2\/comments?post=1167739"}],"version-history":[{"count":0,"href":"https:\/\/www.europesays.com\/fr\/wp-json\/wp\/v2\/posts\/1167739\/revisions"}],"wp:featuredmedia":[{"embeddable":true,"href":"https:\/\/www.europesays.com\/fr\/wp-json\/wp\/v2\/media\/1167740"}],"wp:attachment":[{"href":"https:\/\/www.europesays.com\/fr\/wp-json\/wp\/v2\/media?parent=1167739"}],"wp:term":[{"taxonomy":"category","embeddable":true,"href":"https:\/\/www.europesays.com\/fr\/wp-json\/wp\/v2\/categories?post=1167739"},{"taxonomy":"post_tag","embeddable":true,"href":"https:\/\/www.europesays.com\/fr\/wp-json\/wp\/v2\/tags?post=1167739"}],"curies":[{"name":"wp","href":"https:\/\/api.w.org\/{rel}","templated":true}]}}