{"id":1167743,"date":"2026-09-04T22:51:16","date_gmt":"2026-09-04T22:51:16","guid":{"rendered":"https:\/\/www.europesays.com\/fr\/1167743\/"},"modified":"2026-09-04T22:51:16","modified_gmt":"2026-09-04T22:51:16","slug":"vendredi-4-septembre-2026-les-5-infos-du-jour","status":"publish","type":"post","link":"https:\/\/www.europesays.com\/fr\/1167743\/","title":{"rendered":"Vendredi 4 septembre 2026 : les 5 infos du jour"},"content":{"rendered":"<p>\t\t\t\t\t <strong>1. Le Havre : alcoolis\u00e9, positif aux stup\u00e9fiants et sans permis, il finit sur le toit<\/strong> <br \/>  Un automobiliste de 35 ans a percut\u00e9 deux voitures en stationnement rue Hoizey, au Havre (Seine-Maritime), avant que son v\u00e9hicule ne se retourne sur le toit. Indemne, il conduisait malgr\u00e9 la suspension de son permis, avec une alcool\u00e9mie \u00e9quivalente \u00e0 1,64 g par litre de sang et un d\u00e9pistage positif aux stup\u00e9fiants. Il a \u00e9galement d\u00e9clar\u00e9 avoir pris la voiture \u00e0 l\u2019insu de sa conjointe. <br \/>  <a class=\"liens\" href=\"https:\/\/www.infonormandie.com\/Voiture-sur-le-toit-au-Havre-le-conducteur-etait-alcoolise-positif-aux-stupefiants-et-sans-permis_a43596.html\" rel=\"nofollow noopener\" target=\"_blank\">Lire la suite \u2192<\/a> <\/p>\n<p><strong>2. Rouen : quatre adolescents surpris en train de fouiller des voitures<\/strong> <br \/>Deux \u00e9quipes de jeunes roulottiers ont \u00e9t\u00e9 interpell\u00e9es \u00e0 quelques heures d\u2019intervalle dans la nuit de jeudi \u00e0 vendredi \u00e0 Rouen (Seine-Maritime). Deux adolescents de 16 ans ont d\u2019abord \u00e9t\u00e9 surpris quai Gaston-Boulet, puis deux autres, \u00e2g\u00e9s de 15 et 17 ans, rue Malherbe. Dans les deux affaires, les v\u00e9hicules cibl\u00e9s n\u2019\u00e9taient pas verrouill\u00e9s. <br \/><a class=\"liens\" href=\"https:\/\/www.infonormandie.com\/Rouen-quatre-adolescents-surpris-en-train-de-fouiller-des-voitures-au-cours-de-cette-nuit_a43595.html\" rel=\"nofollow noopener\" target=\"_blank\">Lire la suite \u2192<\/a> <\/p>\n<p><strong>3. Grand-Quevilly : la piscine Camille-Muffat rouvre finalement ce samedi<\/strong> <br \/>Apr\u00e8s plus de trois mois de fermeture, la piscine Camille-Muffat de Grand-Quevilly (Seine-Maritime) accueillera de nouveau le public d\u00e8s samedi 5 septembre. L\u2019Agence r\u00e9gionale de sant\u00e9 a donn\u00e9 son feu vert apr\u00e8s les travaux, contr\u00f4les et analyses r\u00e9alis\u00e9s depuis la chute d\u2019un morceau de rev\u00eatement mural en mai. <br \/><a class=\"liens\" href=\"https:\/\/www.infonormandie.com\/Grand-Quevilly-c-est-officiel-la-piscine-Camille-Muffat-rouvre-ce-samedi_a43600.html\" rel=\"nofollow noopener\" target=\"_blank\">Lire la suite \u2192<\/a> <\/p>\n<p><strong>4. Vasc\u0153uil : la RN31 ferm\u00e9e la nuit pendant pr\u00e8s d\u2019un mois<\/strong> <br \/>Des travaux de r\u00e9fection de la chauss\u00e9e vont entra\u00eener dix-neuf nuits de fermeture de la RN31 \u00e0 hauteur de Vasc\u0153uil (Eure), du 7 septembre au 2 octobre. La circulation sera interrompue entre 20 heures et 6 heures entre le giratoire de Martainville-\u00c9preville et Vasc\u0153uil, avec une d\u00e9viation par les routes d\u00e9partementales. <br \/><a class=\"liens\" href=\"https:\/\/www.infonormandie.com\/Eure-la-RN31-fermee-la-nuit-pendant-pres-d-un-mois-a-Vascoeuil_a43594.html\" rel=\"nofollow noopener\" target=\"_blank\">Lire la suite \u2192<\/a> <\/p>\n<p><strong>5. Giverny : le ministre Mathieu Lef\u00e8vre au World Giverny Forum<\/strong> <br \/>Info publi\u00e9e jeudi 3 septembre. Mathieu Lef\u00e8vre est attendu ce vendredi apr\u00e8s-midi au mus\u00e9e des Impressionnismes de Giverny (Eure) \u00e0 l\u2019occasion du World Giverny Forum. Cette 8e \u00e9dition r\u00e9unit environ 1 000 dirigeants \u00e9conomiques et institutionnels autour des enjeux de d\u00e9veloppement durable, de comp\u00e9titivit\u00e9 et de souverainet\u00e9. <br \/><a class=\"liens\" href=\"https:\/\/www.infonormandie.com\/Transition-ecologique-le-ministre-Mathieu-Lefevre-attendu-a-Giverny-ce-vendredi_a43593.html\" rel=\"nofollow noopener\" target=\"_blank\">Lire la suite \u2192<\/a>\n\t\t\t\t <\/p>\n","protected":false},"excerpt":{"rendered":"1. Le Havre : alcoolis\u00e9, positif aux stup\u00e9fiants et sans permis, il finit sur le toit Un automobiliste&hellip;\n","protected":false},"author":2,"featured_media":1167744,"comment_status":"","ping_status":"","sticky":false,"template":"","format":"standard","meta":{"footnotes":"","_share_on_mastodon":"0"},"categories":[9587],"tags":[1111,11,1777,9770,674,1011,27,116522,12,5161,25,9590,5163,1938],"class_list":["post-1167743","post","type-post","status-publish","format-standard","has-post-thumbnail","category-rouen","tag-actu","tag-actualites","tag-eu","tag-eure","tag-europe","tag-fr","tag-france","tag-les-5-infos-du-jour","tag-news","tag-normandie","tag-republique-francaise","tag-rouen","tag-seine-maritime","tag-yvelines"],"share_on_mastodon":{"url":"https:\/\/pubeurope.com\/@fr\/117215224785781264","error":""},"_links":{"self":[{"href":"https:\/\/www.europesays.com\/fr\/wp-json\/wp\/v2\/posts\/1167743","targetHints":{"allow":["GET"]}}],"collection":[{"href":"https:\/\/www.europesays.com\/fr\/wp-json\/wp\/v2\/posts"}],"about":[{"href":"https:\/\/www.europesays.com\/fr\/wp-json\/wp\/v2\/types\/post"}],"author":[{"embeddable":true,"href":"https:\/\/www.europesays.com\/fr\/wp-json\/wp\/v2\/users\/2"}],"replies":[{"embeddable":true,"href":"https:\/\/www.europesays.com\/fr\/wp-json\/wp\/v2\/comments?post=1167743"}],"version-history":[{"count":0,"href":"https:\/\/www.europesays.com\/fr\/wp-json\/wp\/v2\/posts\/1167743\/revisions"}],"wp:featuredmedia":[{"embeddable":true,"href":"https:\/\/www.europesays.com\/fr\/wp-json\/wp\/v2\/media\/1167744"}],"wp:attachment":[{"href":"https:\/\/www.europesays.com\/fr\/wp-json\/wp\/v2\/media?parent=1167743"}],"wp:term":[{"taxonomy":"category","embeddable":true,"href":"https:\/\/www.europesays.com\/fr\/wp-json\/wp\/v2\/categories?post=1167743"},{"taxonomy":"post_tag","embeddable":true,"href":"https:\/\/www.europesays.com\/fr\/wp-json\/wp\/v2\/tags?post=1167743"}],"curies":[{"name":"wp","href":"https:\/\/api.w.org\/{rel}","templated":true}]}}