{"id":1167747,"date":"2026-09-04T22:53:45","date_gmt":"2026-09-04T22:53:45","guid":{"rendered":"https:\/\/www.europesays.com\/fr\/1167747\/"},"modified":"2026-09-04T22:53:45","modified_gmt":"2026-09-04T22:53:45","slug":"gastronomie-le-pergras-a-130-ans-ce-sont-les-grenoblois-qui-ont-donne-le-nom","status":"publish","type":"post","link":"https:\/\/www.europesays.com\/fr\/1167747\/","title":{"rendered":"Gastronomie. Le P\u00e8r\u2019Gras a 130 ans\u00a0: \u00ab\u00a0Ce sont les Grenoblois qui ont donn\u00e9 le nom\u00a0\u00bb"},"content":{"rendered":"<p>Quand \u00c9tienne et Marie d\u00e9barquent \u00e0 La Bastille \u00e0 Grenoble, au milieu du XIXe\u00a0si\u00e8cle, il n\u2019y a ni eau ni \u00e9lectricit\u00e9. Un seul chemin permet l\u2019acc\u00e8s \u00e0 la ferme qu\u2019ils prennent en gestion. Le couple vient de quitter le village de Laval, en Is\u00e8re, avec seulement un p\u00e9trin, un banc, quelques chaises, la vaisselle en fa\u00efence de la grand-m\u00e8re et les draps brod\u00e9s de leur mariage. \u00ab\u00a0Ils sont venus l\u00e0 pour mieux gagner leur vie mais c\u2019\u00e9tait le bout du monde \u00e0 l\u2019\u00e9poque. Il y avait seulement les militaires du fort avec qui ils ont sign\u00e9 une concession pour entretenir les parties d\u00e9gag\u00e9es\u00a0\u00bb, raconte Laurent Gras.<\/p>\n<p>Le chef du restaurant depuis 1996 fait partie de la cinqui\u00e8me g\u00e9n\u00e9ration de la famille. Fier de poursuivre cette aventure. \u00ab\u00a0Il y a de la reconnaissance et&#8230;<\/p>\n","protected":false},"excerpt":{"rendered":"Quand \u00c9tienne et Marie d\u00e9barquent \u00e0 La Bastille \u00e0 Grenoble, au milieu du XIXe\u00a0si\u00e8cle, il n\u2019y a ni&hellip;\n","protected":false},"author":2,"featured_media":1167748,"comment_status":"","ping_status":"","sticky":false,"template":"","format":"standard","meta":{"footnotes":"","_share_on_mastodon":"0"},"categories":[9566],"tags":[1111,11,2430,1687,112,1777,674,107,1011,27,2731,2732,108,12,25,4604,273,106],"class_list":["post-1167747","post","type-post","status-publish","format-standard","has-post-thumbnail","category-grenoble","tag-actu","tag-actualites","tag-auvergne-rhone-alpes","tag-culture-loisirs","tag-edition-grenoble-agglomeration","tag-eu","tag-europe","tag-fil-info","tag-fr","tag-france","tag-grenoble","tag-grenoble-bassin","tag-isere","tag-news","tag-republique-francaise","tag-selection-abonne","tag-selection-de-la-redaction","tag-selection-de-la-redaction-38"],"share_on_mastodon":{"url":"https:\/\/pubeurope.com\/@fr\/117215232133880289","error":""},"_links":{"self":[{"href":"https:\/\/www.europesays.com\/fr\/wp-json\/wp\/v2\/posts\/1167747","targetHints":{"allow":["GET"]}}],"collection":[{"href":"https:\/\/www.europesays.com\/fr\/wp-json\/wp\/v2\/posts"}],"about":[{"href":"https:\/\/www.europesays.com\/fr\/wp-json\/wp\/v2\/types\/post"}],"author":[{"embeddable":true,"href":"https:\/\/www.europesays.com\/fr\/wp-json\/wp\/v2\/users\/2"}],"replies":[{"embeddable":true,"href":"https:\/\/www.europesays.com\/fr\/wp-json\/wp\/v2\/comments?post=1167747"}],"version-history":[{"count":0,"href":"https:\/\/www.europesays.com\/fr\/wp-json\/wp\/v2\/posts\/1167747\/revisions"}],"wp:featuredmedia":[{"embeddable":true,"href":"https:\/\/www.europesays.com\/fr\/wp-json\/wp\/v2\/media\/1167748"}],"wp:attachment":[{"href":"https:\/\/www.europesays.com\/fr\/wp-json\/wp\/v2\/media?parent=1167747"}],"wp:term":[{"taxonomy":"category","embeddable":true,"href":"https:\/\/www.europesays.com\/fr\/wp-json\/wp\/v2\/categories?post=1167747"},{"taxonomy":"post_tag","embeddable":true,"href":"https:\/\/www.europesays.com\/fr\/wp-json\/wp\/v2\/tags?post=1167747"}],"curies":[{"name":"wp","href":"https:\/\/api.w.org\/{rel}","templated":true}]}}