{"id":1167762,"date":"2026-09-04T23:05:19","date_gmt":"2026-09-04T23:05:19","guid":{"rendered":"https:\/\/www.europesays.com\/fr\/1167762\/"},"modified":"2026-09-04T23:05:19","modified_gmt":"2026-09-04T23:05:19","slug":"les-lycees-maritimes-offrent-des-perspectives-tres-vastes-la-ministre-catherine-chabaud-a-fait-la-rentree-a-nantes","status":"publish","type":"post","link":"https:\/\/www.europesays.com\/fr\/1167762\/","title":{"rendered":"\u00ab\u00a0Les lyc\u00e9es maritimes offrent des perspectives tr\u00e8s vastes\u00a0\u00bb\u00a0: la ministre Catherine Chabaud a fait la rentr\u00e9e \u00e0 Nantes"},"content":{"rendered":"<p>\n                Article premium,<br \/>\n                    R\u00e9serv\u00e9 aux\u00a0abonn\u00e9s Le marin\n            <\/p>\n<p class=\"su-standfirst chapeau\">La ministre d\u00e9l\u00e9gu\u00e9e charg\u00e9e de la Mer et de la P\u00eache, Catherine Chabaud, \u00e9tait vendredi 4\u00a0septembre \u00e0 Nantes pour rencontrer professeurs et \u00e9l\u00e8ves du lyc\u00e9e maritime Jacques Cassard. Elle a discut\u00e9 avec eux d\u2019avenir, de formation, de f\u00e9minisation des m\u00e9tiers ou encore de d\u00e9carbonation.<\/p>\n<p>                                        <img decoding=\"async\" class=\"su-media\" src=\"https:\/\/www.europesays.com\/fr\/wp-content\/uploads\/2026\/09\/MjAyNjA5YWFjMTBkZGI4ZDZlYjRiYjc0MWNhOGRiN2M4ZTQ2YjQ.webp\" alt=\"La ministre d\u00e9l\u00e9gu\u00e9e charg\u00e9e de la Mer et de la P\u00eache Catherine Chabaud, lors de sa visite au lyc\u00e9e professionnel maritime Jacques Cassard, \u00e0 Nantes, le 4\u00a0septembre.\"  \/><\/p>\n<p>                            La ministre d\u00e9l\u00e9gu\u00e9e charg\u00e9e de la Mer et de la P\u00eache Catherine Chabaud, lors de sa visite au lyc\u00e9e professionnel maritime Jacques Cassard, \u00e0 Nantes, le 4\u00a0septembre. | V\u00c9RONIQUE COUZINOU<\/p>\n<p>                            fermer<\/p>\n<ul class=\"su-row su-carrousel-container su-not-list\" data-suswipe=\"{\" rambo=\"\" .carrousel-nav-bas=\"\" .item=\"\">\n<li class=\"su-col-xs-6 su-col-md-24 carrousel-contenu su-carrousel-item\" data-ofvwidth=\"{\" mobileonly=\"\"><img decoding=\"async\" data-ofmaxheight=\"\" class=\"su-media lazyload\" alt=\"La ministre d\u00e9l\u00e9gu\u00e9e charg\u00e9e de la Mer et de la P\u00eache Catherine Chabaud, lors de sa visite au lyc\u00e9e professionnel maritime Jacques Cassard, \u00e0 Nantes, le 4\u00a0septembre.\" src=\"data:image\/png;base64,iVBORw0KGgoAAAANSUhEUgAAABAAAAAJCAYAAAA7KqwyAAAAGXRFWHRTb2Z0d2FyZQBBZG9iZSBJbWFnZVJlYWR5ccllPAAAABhJREFUeNpi\/P\/\/PwMlgHHUgFEDgAAgwAD+lBrvy+NcxAAAAABJRU5ErkJggg==\" data-oflazyload=\"{&quot;srcset&quot;:&quot;https:\/\/media.ouest-france.fr\/v1\/pictures\/MjAyNjA5YWFjMTBkZGI4ZDZlYjRiYjc0MWNhOGRiN2M4ZTQ2YjQ?width=320&amp;focuspoint=50%2C25&amp;cropresize=1&amp;client_id=bpeditorial&amp;sign=ee978140cb9628c254d249ddfa1e53d6d80dab27afd2f93325d03b05821e4ecc 320w,https:\/\/media.ouest-france.fr\/v1\/pictures\/MjAyNjA5YWFjMTBkZGI4ZDZlYjRiYjc0MWNhOGRiN2M4ZTQ2YjQ?width=375&amp;focuspoint=50%2C25&amp;cropresize=1&amp;client_id=bpeditorial&amp;sign=7ce93fede1c7a1bf99511d63895b141d25e01b1c6b6ac333efd69d40526ab00c 360w,https:\/\/media.ouest-france.fr\/v1\/pictures\/MjAyNjA5YWFjMTBkZGI4ZDZlYjRiYjc0MWNhOGRiN2M4ZTQ2YjQ?width=480&amp;focuspoint=50%2C25&amp;cropresize=1&amp;client_id=bpeditorial&amp;sign=60cafbf41251dae7bdd456c4ae6fc6cf0582088dec2bfb9637d810501e764d4c 480w,https:\/\/media.ouest-france.fr\/v1\/pictures\/MjAyNjA5YWFjMTBkZGI4ZDZlYjRiYjc0MWNhOGRiN2M4ZTQ2YjQ?width=630&amp;focuspoint=50%2C25&amp;cropresize=1&amp;client_id=bpeditorial&amp;sign=a6d5c13ac20347da09684de7b7cb00679d6eb2ca89fc40a2ffe597fba4a5e1c8 630w,https:\/\/media.ouest-france.fr\/v1\/pictures\/MjAyNjA5YWFjMTBkZGI4ZDZlYjRiYjc0MWNhOGRiN2M4ZTQ2YjQ?width=940&amp;focuspoint=50%2C25&amp;cropresize=1&amp;client_id=bpeditorial&amp;sign=a5ae49b8a14daf917cc30f784337c185877aff1195496fb33f5b9495cde75d20 940w,https:\/\/media.ouest-france.fr\/v1\/pictures\/MjAyNjA5YWFjMTBkZGI4ZDZlYjRiYjc0MWNhOGRiN2M4ZTQ2YjQ?width=1260&amp;focuspoint=50%2C25&amp;cropresize=1&amp;client_id=bpeditorial&amp;sign=e86d3f8b1355a7edc92b2b3e672be3f248030ffacdabdaf20276c78d8052cf81 1260w&quot;}\"\/>La ministre d\u00e9l\u00e9gu\u00e9e charg\u00e9e de la Mer et de la P\u00eache Catherine Chabaud, lors de sa visite au lyc\u00e9e professionnel maritime Jacques Cassard, \u00e0 Nantes, le 4\u00a0septembre. | V\u00c9RONIQUE COUZINOU<\/li>\n<\/ul>\n<p data-ofstats-scroll=\"read_depth_20\">Accueillie par le nouveau directeur du lyc\u00e9e professionnel maritime Jacques Cassard, Damien Ganier, Catherine Chabaud n\u2019a pas fait une visite au pas de course. Elle a pris le temps de voir la baleini\u00e8re du lyc\u00e9e, sur l\u2019Erdre, de visiter les diff\u00e9rents ateliers, les salles de classe, les espaces d\u00e9di\u00e9s \u00e0 la formation continue et \u00e0 la vie scolaire. La ministre de la Mer et de la P\u00eache a aussi pu voir le b\u00e2timent historique de 1958, d\u00e9saffect\u00e9, qui sera d\u00e9moli dans les ann\u00e9es \u00e0 venir car devenu dangereux.<\/p>\n<p>La <a href=\"https:\/\/lemarin.ouest-france.fr\/formation\/de-nouveaux-batiments-prevus-au-lycee-maritime-jacques-cassard-de-nantes-bbd21ce4-9d1d-11f0-ba76-fc23b95d5062\" target=\"_blank\" rel=\"nofollow noopener\">d\u00e9molition et la reconstruction sont act\u00e9es par la r\u00e9gion Pays de la Loire<\/a>, reste \u00e0 savoir o\u00f9&#8230;Ce&#8230;,&#8230;<\/p>\n<p style=\"text-align: center;\"><strong>Il vous reste %%long_article%%% de cet article \u00e0 lire.<\/strong><\/p>\n<p style=\"text-align: center;\">\u00a0<\/p>\n<p><strong> <img decoding=\"async\" style=\"width: 72px;\" src=\"https:\/\/media.ouest-france.fr\/v1\/fonts\/91f74d90ee808f9196195aaea821c4c2-pro.svg\" alt=\"Pro\"\/> Cet article est r\u00e9serv\u00e9 aux<\/strong>\u00a0<strong>abonn\u00e9s Le marin<\/strong><\/p>\n<p style=\"text-align: center;\">\u00a0<\/p>\n<p style=\"text-align: center;\"><strong>Pour acc\u00e9der \u00e0 tous les articles, abonnez-vous<\/strong><\/p>\n<p style=\"text-align: center;\">\u00a0<\/p>\n<p style=\"text-align: center;\"><strong>1er mois offert<\/strong><\/p>\n<p style=\"text-align: center;\">Annulable \u00e0 tout moment<\/p>\n<p style=\"text-align: center;\">\u00a0<\/p>\n<p style=\"text-align: center;\"><a data-ida=\"\" data-trkartmonet=\"Tunnel OF+\" data-trk-sipa=\"{&#010;\" blockcategory=\"\" paywall=\"\" :=\"\" je=\"\" m=\"\" pour=\"\" lire=\"\" la=\"\" suite=\"\" of=\"\" class=\"su-button su-subscription\" data-trk-bloc=\"paywall\" href=\"https:\/\/abonnement.ouest-france.fr\/le-marin\/tunnel\/lm-professionnels-numerique-article\/122102112097?int_medium=lien&amp;int_campaign=abonnement&amp;int_content=page-article-payant_bouton-paywall&amp;marquesource=LM&amp;rt=https:\/\/lemarin.ouest-france.fr\/peche\/les-lycees-maritimes-offrent-des-perspectives-tres-vastes-la-ministre-catherine-chabaud-a-fait-la-rentree-a-nantes-441ac360-a878-11f1-a618-771a80631f2f&#010;\" rel=\"nofollow noopener\" target=\"_blank\"><strong> Je m&rsquo;abonne pour lire la suite<\/strong><\/a><\/p>\n<p style=\"text-align: center;\">\u00a0<\/p>\n<p style=\"text-align: center;\"><a data-trkartmonet=\"Identification\" data-trk-sipa=\"{\" blockcategory=\"\" paywall=\"\" href=\"http:\/\/lemarin.ouest-france.fr\/login?redirect=https:\/\/lemarin.ouest-france.fr\/peche\/les-lycees-maritimes-offrent-des-perspectives-tres-vastes-la-ministre-catherine-chabaud-a-fait-la-rentree-a-nantes-441ac360-a878-11f1-a618-771a80631f2f\" rel=\"nofollow noopener\" title=\"Se connecter \u00e0 Ouest-France\" class=\"su-link\" target=\"_blank\">Je me connecte<\/a><\/p>\n","protected":false},"excerpt":{"rendered":"Article premium, R\u00e9serv\u00e9 aux\u00a0abonn\u00e9s Le marin La ministre d\u00e9l\u00e9gu\u00e9e charg\u00e9e de la Mer et de la P\u00eache, Catherine&hellip;\n","protected":false},"author":2,"featured_media":1167763,"comment_status":"","ping_status":"","sticky":false,"template":"","format":"standard","meta":{"footnotes":"","_share_on_mastodon":"0"},"categories":[2818],"tags":[1111,11,120639,1777,674,1119,1011,27,2633,766,12,2636,4838,25,86059],"class_list":["post-1167762","post","type-post","status-publish","format-standard","has-post-thumbnail","category-nantes","tag-actu","tag-actualites","tag-catherine-chabaud","tag-eu","tag-europe","tag-formation","tag-fr","tag-france","tag-lycee","tag-nantes","tag-news","tag-pays-de-la-loire","tag-peche","tag-republique-francaise","tag-shipping"],"share_on_mastodon":{"url":"https:\/\/pubeurope.com\/@fr\/117215282408911624","error":""},"_links":{"self":[{"href":"https:\/\/www.europesays.com\/fr\/wp-json\/wp\/v2\/posts\/1167762","targetHints":{"allow":["GET"]}}],"collection":[{"href":"https:\/\/www.europesays.com\/fr\/wp-json\/wp\/v2\/posts"}],"about":[{"href":"https:\/\/www.europesays.com\/fr\/wp-json\/wp\/v2\/types\/post"}],"author":[{"embeddable":true,"href":"https:\/\/www.europesays.com\/fr\/wp-json\/wp\/v2\/users\/2"}],"replies":[{"embeddable":true,"href":"https:\/\/www.europesays.com\/fr\/wp-json\/wp\/v2\/comments?post=1167762"}],"version-history":[{"count":0,"href":"https:\/\/www.europesays.com\/fr\/wp-json\/wp\/v2\/posts\/1167762\/revisions"}],"wp:featuredmedia":[{"embeddable":true,"href":"https:\/\/www.europesays.com\/fr\/wp-json\/wp\/v2\/media\/1167763"}],"wp:attachment":[{"href":"https:\/\/www.europesays.com\/fr\/wp-json\/wp\/v2\/media?parent=1167762"}],"wp:term":[{"taxonomy":"category","embeddable":true,"href":"https:\/\/www.europesays.com\/fr\/wp-json\/wp\/v2\/categories?post=1167762"},{"taxonomy":"post_tag","embeddable":true,"href":"https:\/\/www.europesays.com\/fr\/wp-json\/wp\/v2\/tags?post=1167762"}],"curies":[{"name":"wp","href":"https:\/\/api.w.org\/{rel}","templated":true}]}}