{"id":116777,"date":"2025-05-21T11:51:13","date_gmt":"2025-05-21T11:51:13","guid":{"rendered":"https:\/\/www.europesays.com\/fr\/116777\/"},"modified":"2025-05-21T11:51:13","modified_gmt":"2025-05-21T11:51:13","slug":"les-pompiers-prepares-a-sauver-les-oeuvres-dart-de-la-cathedrale-de-strasbourg-en-cas-dincendie","status":"publish","type":"post","link":"https:\/\/www.europesays.com\/fr\/116777\/","title":{"rendered":"Les pompiers pr\u00e9par\u00e9s \u00e0 sauver les \u0153uvres d\u2019art de la cath\u00e9drale de Strasbourg, en cas d\u2019incendie"},"content":{"rendered":"<p>Pas moins de 80 sapeurs-pompiers ont \u00e9t\u00e9 mobilis\u00e9s, mardi, pour une simulation de d\u00e9part de feu afin d\u2019\u00e9valuer l\u2019efficacit\u00e9 du \u00ab\u00a0plan de sauvegarde des biens culturels\u00a0\u00bb expos\u00e9s dans l\u2019\u00e9difice religieux.<\/p>\n<p class=\"fig-paragraph\"><a href=\"http:\/\/www.lefigaro.fr\/actualite-france\/dossier\/notre-dame-paris-incendie-cathedrale-reconstruction\" target=\"_blank\" data-fig-type=\"Topic\" rel=\"noopener\" data-gtm-custom-categorie=\"navigation\" data-gtm-custom-action=\"crossclick\" data-gtm-custom-label=\"Contextuel\" data-gtm-event=\"customEventSPE\" data-fig-domain=\"LEFIGARO\">L\u2019incendie de Notre-Dame<\/a>\u00a0est devenu un cas d\u2019\u00e9cole en France pour les secours. D\u00e9tonations, fum\u00e9e, alarme incendie et lance \u00e0 eau\u00a0: un exercice de s\u00e9curit\u00e9 civile \u00ab\u00a0en conditions r\u00e9elles\u00a0\u00bb s&rsquo;est d\u00e9roul\u00e9 mardi pour entra\u00eener les pompiers \u00e0 prot\u00e9ger, en cas d&rsquo;incendie, les \u0153uvres expos\u00e9es au sein de la cath\u00e9drale de Strasbourg.<\/p>\n<p class=\"fig-paragraph\">Au total, 120 personnes dont 80 sapeurs-pompiers ont \u00e9t\u00e9 mobilis\u00e9s lors de cet exercice qui simulait un d\u00e9part de feu provoqu\u00e9 par un individu dans la partie sud de la cath\u00e9drale. Une Piet\u00e0 du XVe si\u00e8cle, de l&rsquo;orf\u00e8vrerie ou des tapisseries du XVIIIe si\u00e8cle&#8230; 34 \u0153uvres sont class\u00e9es monuments historiques et 12 sont inscrites \u00e0 l&rsquo;inventaire des biens culturels \u00e0 prot\u00e9ger.<\/p>\n<p class=\"fig-paragraph\">L&rsquo;objectif de cet exercice \u00e9tait d&rsquo;\u00e9valuer l&rsquo;efficacit\u00e9 du \u00ab\u00a0plan de sauvegarde des biens culturels\u00a0\u00bb de la cath\u00e9drale, qui indique aux services de secours quelles \u0153uvres doivent \u00eatre en priorit\u00e9 \u00e9vacu\u00e9es, b\u00e2ch\u00e9es ou prot\u00e9g\u00e9es d&rsquo;\u00e9ventuelles chutes d&rsquo;objets lors d&rsquo;un incendie.<\/p>\n<p class=\"fig-paragraph\">\u00ab\u00a0Nous avons tous en m\u00e9moire les images traumatisantes de\u00a0<a href=\"http:\/\/www.lefigaro.fr\/actualite-france\/dossier\/notre-dame-paris-incendie-cathedrale-reconstruction\" target=\"_blank\" data-fig-type=\"Topic\" rel=\"noopener\" data-gtm-custom-categorie=\"navigation\" data-gtm-custom-action=\"crossclick\" data-gtm-custom-label=\"Contextuel\" data-gtm-event=\"customEventSPE\" data-fig-domain=\"LEFIGARO\">l&rsquo;incendie de Notre-Dame de Paris<\/a> . Voir que la soci\u00e9t\u00e9 civile et les autorit\u00e9s de l&rsquo;\u00c9tat prennent de telles mesures, c&rsquo;est rassurant\u00a0\u00bb, a d\u00e9clar\u00e9 Didier Muntzinger, l&rsquo;archipr\u00eatre de la cath\u00e9drale, venu assister \u00e0 l&rsquo;exercice coordonn\u00e9 par la pr\u00e9fecture, les sapeurs-pompiers et des agents de la Direction r\u00e9gionale des affaires culturelles (DRAC).<\/p>\n<p>\u00c9vacuer puis s\u00e9curiser les \u0153uvres<\/p>\n<p class=\"fig-paragraph\">Apr\u00e8s avoir simul\u00e9 la ma\u00eetrise d&rsquo;un incendie, vient le moment de la s\u00e9curisation des \u0153uvres. Un autel est recouvert d&rsquo;une b\u00e2che pour le sauvegarder des projections d&rsquo;eau. Les torch\u00e8res du ch\u0153ur, trop lourdes pour \u00eatre d\u00e9plac\u00e9es, mobilisent \u00e0 elles seules sept pompiers qui les \u00e9quipent de structures de protection en bois.<\/p>\n<p class=\"fig-paragraph\">Les 12 ap\u00f4tres de bois du XVIIIe si\u00e8cle situ\u00e9s dans le ch\u0153ur liturgique ont \u00e9t\u00e9 remplac\u00e9s pour l&rsquo;exercice par de grandes vasques, \u00e9vacu\u00e9es par les pompiers. \u00ab\u00a0L&rsquo;id\u00e9e est de voir concr\u00e8tement sur le terrain s&rsquo;il y a des failles, comment est-ce que l&rsquo;on peut s&rsquo;am\u00e9liorer, comment tous s&rsquo;entra\u00eener pour acqu\u00e9rir des r\u00e9flexes\u00a0\u00bb, r\u00e9sume la sous-pr\u00e9f\u00e8te C\u00e9cile Rackette. Ceci afin d&rsquo;\u00e9viter un \u00ab\u00a0effet de d\u00e9couverte\u00a0\u00bb pour les secouristes, en cas d&rsquo;incendie r\u00e9el.<\/p>\n<p class=\"fig-paragraph\">Depuis 2020, un plan \u00ab\u00a0s\u00e9curit\u00e9 cath\u00e9drale\u00a0\u00bb assure le suivi des 87 cath\u00e9drales de France qui appartiennent \u00e0 l&rsquo;\u00c9tat et pr\u00e9voit une visite de s\u00e9curit\u00e9 incendie tous les cinq ans. Deuxi\u00e8me \u00e9difice religieux le plus visit\u00e9 de France, la cath\u00e9drale Notre-Dame de Strasbourg dispose d&rsquo;un budget annuel de 180\u00a0000 euros pour son entretien et sa s\u00e9curit\u00e9, selon la pr\u00e9fecture.<\/p>\n","protected":false},"excerpt":{"rendered":"Pas moins de 80 sapeurs-pompiers ont \u00e9t\u00e9 mobilis\u00e9s, mardi, pour une simulation de d\u00e9part de feu afin d\u2019\u00e9valuer&hellip;\n","protected":false},"author":2,"featured_media":116778,"comment_status":"","ping_status":"","sticky":false,"template":"","format":"standard","meta":{"footnotes":""},"categories":[2820],"tags":[1111,11,14818,17458,1777,674,1011,27,775,13834,12,2551,25,640,17459],"class_list":{"0":"post-116777","1":"post","2":"type-post","3":"status-publish","4":"format-standard","5":"has-post-thumbnail","7":"category-strasbourg","8":"tag-actu","9":"tag-actualites","10":"tag-chateaux","11":"tag-conservation","12":"tag-eu","13":"tag-europe","14":"tag-fr","15":"tag-france","16":"tag-grand-est","17":"tag-monuments-historiques","18":"tag-news","19":"tag-patrimoine","20":"tag-republique-francaise","21":"tag-strasbourg","22":"tag-trophee-dassault"},"share_on_mastodon":{"url":"https:\/\/pubeurope.com\/@fr\/114545681076307273","error":""},"_links":{"self":[{"href":"https:\/\/www.europesays.com\/fr\/wp-json\/wp\/v2\/posts\/116777","targetHints":{"allow":["GET"]}}],"collection":[{"href":"https:\/\/www.europesays.com\/fr\/wp-json\/wp\/v2\/posts"}],"about":[{"href":"https:\/\/www.europesays.com\/fr\/wp-json\/wp\/v2\/types\/post"}],"author":[{"embeddable":true,"href":"https:\/\/www.europesays.com\/fr\/wp-json\/wp\/v2\/users\/2"}],"replies":[{"embeddable":true,"href":"https:\/\/www.europesays.com\/fr\/wp-json\/wp\/v2\/comments?post=116777"}],"version-history":[{"count":0,"href":"https:\/\/www.europesays.com\/fr\/wp-json\/wp\/v2\/posts\/116777\/revisions"}],"wp:featuredmedia":[{"embeddable":true,"href":"https:\/\/www.europesays.com\/fr\/wp-json\/wp\/v2\/media\/116778"}],"wp:attachment":[{"href":"https:\/\/www.europesays.com\/fr\/wp-json\/wp\/v2\/media?parent=116777"}],"wp:term":[{"taxonomy":"category","embeddable":true,"href":"https:\/\/www.europesays.com\/fr\/wp-json\/wp\/v2\/categories?post=116777"},{"taxonomy":"post_tag","embeddable":true,"href":"https:\/\/www.europesays.com\/fr\/wp-json\/wp\/v2\/tags?post=116777"}],"curies":[{"name":"wp","href":"https:\/\/api.w.org\/{rel}","templated":true}]}}