{"id":1167770,"date":"2026-09-04T23:10:23","date_gmt":"2026-09-04T23:10:23","guid":{"rendered":"https:\/\/www.europesays.com\/fr\/1167770\/"},"modified":"2026-09-04T23:10:23","modified_gmt":"2026-09-04T23:10:23","slug":"21-enfants-confines-dans-une-creche-a-toulouse-un-feu-de-poubelle-embrase-une-conduite-de-gaz-500-logements-touches","status":"publish","type":"post","link":"https:\/\/www.europesays.com\/fr\/1167770\/","title":{"rendered":"21 enfants confin\u00e9s dans une cr\u00e8che \u00e0 Toulouse : un feu de poubelle embrase une conduite de gaz, 500 logements touch\u00e9s"},"content":{"rendered":"<p>\n                                                                    l&rsquo;essentiel<br \/>\n                                                                Vingt et un enfants et une dizaine d&rsquo;adultes sont confin\u00e9s, ce vendredi 4 septembre \u00e0 17 heures, dans la cr\u00e8che multi-accueil Bordeblanche, dans le quartier des Pradettes \u00e0 Toulouse. Un feu d\u00e9clar\u00e9 dans un local poubelle s\u2019est propag\u00e9 \u00e0 une conduite de gaz situ\u00e9e sur la voie publique. Un p\u00e9rim\u00e8tre de s\u00e9curit\u00e9 a \u00e9t\u00e9 \u00e9tabli pendant l\u2019intervention des pompiers et de GRDF. Quelques logements ont \u00e9t\u00e9 \u00e9vacu\u00e9s. Environ 500 foyers sont priv\u00e9s de gaz et une centaine d\u2019autres sont touch\u00e9s par une coupure d\u2019\u00e9lectricit\u00e9. La s\u00e9curisation des lieux pourrait durer deux heures.\n                            <\/p>\n<p>\u00c0 l\u2019int\u00e9rieur du multi-accueil Bordeblanche, 21 enfants et neuf adultes restent confin\u00e9s pendant que les secours s\u00e9curisent les lieux. Ce vendredi 4 septembre, une importante intervention est en cours au 16, chemin de Bordeblanche, dans le quartier des Pradettes, \u00e0 Toulouse.<\/p>\n<p>Une conduite s\u2019embrase<\/p>\n<p>Tout commence par un incendie dans un local poubelle vers 16 heures. Alert\u00e9s, les sapeurs-pompiers se rendent sur place. Mais le feu ne reste pas cantonn\u00e9 \u00e0 cet espace. Les flammes atteignent une conduite de gaz install\u00e9e sur la voie publique, qui s\u2019embrase \u00e0 son tour.<\/p>\n<p class=\"std-elt__inline\">\n        <strong>\u00c0 lire aussi :<\/strong><br \/>\n        <a href=\"https:\/\/www.ladepeche.fr\/2020\/03\/24\/a-toulouse-confines-a-5-dans-55-m2-notre-joie-cest-les-enfants-8816105.php\" rel=\"nofollow noopener\" target=\"_blank\">\u00c0 Toulouse, confin\u00e9s \u00e0 5 dans 55 m2 : \u00ab\u00a0Notre joie, c\u2019est les enfants\u00a0\u00bb<\/a>\n    <\/p>\n<p>Face au risque, les secours \u00e9tablissent un p\u00e9rim\u00e8tre de s\u00e9curit\u00e9 autour de la zone concern\u00e9e. La cr\u00e8che multi-accueil Bordeblanche est directement concern\u00e9e par ces mesures de pr\u00e9caution. Les 21 enfants pr\u00e9sents ainsi que neuf adultes sont confin\u00e9s \u00e0 l\u2019int\u00e9rieur de l\u2019\u00e9tablissement pendant l\u2019intervention.<\/p>\n<p class=\"std-elt__inline\">\n        <strong>\u00c0 lire aussi :<\/strong><br \/>\n        <a href=\"https:\/\/www.ladepeche.fr\/article\/2018\/11\/29\/2915881-vingtaine-enfants-confines-creche-pres-toulouse-cause-fuite-gaz.html\" rel=\"nofollow noopener\" target=\"_blank\">Une vingtaine d&rsquo;enfants confin\u00e9s dans une cr\u00e8che pr\u00e8s de Toulouse \u00e0 cause d&rsquo;une fuite de gaz<\/a>\n    <\/p>\n<p>Quelques logements situ\u00e9s dans le secteur ont \u00e9galement \u00e9t\u00e9 \u00e9vacu\u00e9s. Leur nombre pr\u00e9cis n\u2019a pas encore \u00e9t\u00e9 communiqu\u00e9.<\/p>\n<p>        <img decoding=\"async\" class=\"std-img__img responsive-img\" src=\"https:\/\/www.europesays.com\/fr\/wp-content\/uploads\/2026\/09\/1788563423_627_image.jpg\" alt=\"Les sapeurs-pompiers sont intervenus chemin de Bordeblanche \u00e0 Toulouse.\"\/><\/p>\n<p>                Les sapeurs-pompiers sont intervenus chemin de Bordeblanche \u00e0 Toulouse.<br \/>\n                                    DDM &#8211; FREDERIC CHARMEUX<\/p>\n<p>500 logements touch\u00e9s<\/p>\n<p>L\u2019incendie et les op\u00e9rations de mise en s\u00e9curit\u00e9 provoquent d\u2019importantes coupures dans le quartier. Environ 500 logements sont priv\u00e9s de gaz. Une centaine de foyers sont \u00e9galement touch\u00e9s par une coupure d\u2019\u00e9lectricit\u00e9.<\/p>\n<p>Les \u00e9quipes de GRDF interviennent aux c\u00f4t\u00e9s des pompiers pour s\u00e9curiser la conduite endommag\u00e9e. Selon les premi\u00e8res estimations des secours, environ deux heures pourraient \u00eatre n\u00e9cessaires pour d\u00e9compresser la conduite de gaz et s\u00e9curiser les lieux.<\/p>\n<p class=\"std-elt__inline\">\n        <strong>\u00c0 lire aussi :<\/strong><br \/>\n        <a href=\"https:\/\/www.ladepeche.fr\/2020\/04\/29\/le-chu-de-toulouse-alerte-sur-les-accidents-domestiques-graves-chez-les-enfants-pendant-le-confinement,8867807.php\" rel=\"nofollow noopener\" target=\"_blank\">Le CHU de Toulouse alerte sur les accidents domestiques graves chez les enfants pendant le confinement<\/a>\n    <\/p>\n<p>L\u2019intervention \u00e9tait toujours en cours en fin d\u2019apr\u00e8s-midi. Les enfants et les adultes de la cr\u00e8che restaient confin\u00e9s dans l\u2019attente de la s\u00e9curisation compl\u00e8te du secteur.<\/p>\n","protected":false},"excerpt":{"rendered":"l&rsquo;essentiel Vingt et un enfants et une dizaine d&rsquo;adultes sont confin\u00e9s, ce vendredi 4 septembre \u00e0 17 heures,&hellip;\n","protected":false},"author":2,"featured_media":1167771,"comment_status":"","ping_status":"","sticky":false,"template":"","format":"standard","meta":{"footnotes":"","_share_on_mastodon":"0"},"categories":[2816],"tags":[1111,11,1777,674,118,1011,27,2722,12,2680,25,2312],"class_list":["post-1167770","post","type-post","status-publish","format-standard","has-post-thumbnail","category-toulouse","tag-actu","tag-actualites","tag-eu","tag-europe","tag-faits-divers","tag-fr","tag-france","tag-haute-garonne","tag-news","tag-occitanie","tag-republique-francaise","tag-toulouse"],"share_on_mastodon":{"url":"https:\/\/pubeurope.com\/@fr\/117215300990671384","error":""},"_links":{"self":[{"href":"https:\/\/www.europesays.com\/fr\/wp-json\/wp\/v2\/posts\/1167770","targetHints":{"allow":["GET"]}}],"collection":[{"href":"https:\/\/www.europesays.com\/fr\/wp-json\/wp\/v2\/posts"}],"about":[{"href":"https:\/\/www.europesays.com\/fr\/wp-json\/wp\/v2\/types\/post"}],"author":[{"embeddable":true,"href":"https:\/\/www.europesays.com\/fr\/wp-json\/wp\/v2\/users\/2"}],"replies":[{"embeddable":true,"href":"https:\/\/www.europesays.com\/fr\/wp-json\/wp\/v2\/comments?post=1167770"}],"version-history":[{"count":0,"href":"https:\/\/www.europesays.com\/fr\/wp-json\/wp\/v2\/posts\/1167770\/revisions"}],"wp:featuredmedia":[{"embeddable":true,"href":"https:\/\/www.europesays.com\/fr\/wp-json\/wp\/v2\/media\/1167771"}],"wp:attachment":[{"href":"https:\/\/www.europesays.com\/fr\/wp-json\/wp\/v2\/media?parent=1167770"}],"wp:term":[{"taxonomy":"category","embeddable":true,"href":"https:\/\/www.europesays.com\/fr\/wp-json\/wp\/v2\/categories?post=1167770"},{"taxonomy":"post_tag","embeddable":true,"href":"https:\/\/www.europesays.com\/fr\/wp-json\/wp\/v2\/tags?post=1167770"}],"curies":[{"name":"wp","href":"https:\/\/api.w.org\/{rel}","templated":true}]}}