{"id":1167772,"date":"2026-09-04T23:11:19","date_gmt":"2026-09-04T23:11:19","guid":{"rendered":"https:\/\/www.europesays.com\/fr\/1167772\/"},"modified":"2026-09-04T23:11:19","modified_gmt":"2026-09-04T23:11:19","slug":"toulouse-previsions-meteo-du-vendredi-04-septembre-2026","status":"publish","type":"post","link":"https:\/\/www.europesays.com\/fr\/1167772\/","title":{"rendered":"Toulouse : pr\u00e9visions m\u00e9t\u00e9o du vendredi 04 septembre 2026"},"content":{"rendered":"<p>\u00c0 Toulouse, ce vendredi 4 septembre 2026, le soleil brille sans interruption sous un ciel d\u00e9gag\u00e9. La chaleur est intense l\u2019apr\u00e8s-midi avec des temp\u00e9ratures grimpant jusqu\u2019\u00e0 36\u00b0C, accompagn\u00e9e d\u2019une vigilance canicule jaune.<\/p>\n<p>    Alerte en cours<\/p>\n<p>\n    Le d\u00e9partement de la Haute-Garonne, incluant Toulouse, est plac\u00e9 aujourd\u2019hui en vigilance <b>Jaune canicule<\/b> depuis 00 h00. Les services m\u00e9t\u00e9o signalent une masse d\u2019air tr\u00e8s chaude et s\u00e8che, entra\u00eenant des temp\u00e9ratures sup\u00e9rieures aux normales pour un d\u00e9but septembre.\n<\/p>\n<p>\n    Ces pics de chaleur tardifs s\u2019inscrivent dans une tendance relev\u00e9e par Copernicus : des vagues de chaleur plus longues et plus fr\u00e9quentes en Europe, cons\u00e9quence directe du r\u00e9chauffement climatique d\u2019origine humaine.\n<\/p>\n<ul>\n<li>Hydratez-vous r\u00e9guli\u00e8rement, au minimum 1,5 L d\u2019eau par jour.<\/li>\n<li>Limitez les efforts physiques aux heures les plus fra\u00eeches.<\/li>\n<li>Surveillez les personnes fragiles et les animaux.<\/li>\n<\/ul>\n<p>N\u2019h\u00e9sitez pas \u00e0 consulter notre <a href=\"https:\/\/www.meteocity.com\/france\/alertes\" rel=\"nofollow noopener\" target=\"_blank\">page d\u00e9di\u00e9e aux alertes m\u00e9t\u00e9orologiques<\/a>.<\/p>\n<p>Matin : soleil matinal et douceur (lever 07 h 21)<\/p>\n<p>\n    Le soleil se l\u00e8ve \u00e0 07 h 21 sur la Ville rose, offrant un ciel parfaitement d\u00e9gag\u00e9. \u00c0 09 h, le thermom\u00e8tre affiche <b>17 \u00b0C<\/b>, avec un ressenti similaire et une humidit\u00e9 de <b>76 %<\/b>.\n<\/p>\n<p>\n    Une brise de 4 km\/h en provenance du sud-sud-ouest laisse l\u2019air presque immobile. Profitez de cette fra\u00eecheur pour a\u00e9rer votre logement et accomplir les t\u00e2ches physiques avant l\u2019arriv\u00e9e de la chaleur.\n<\/p>\n<p>Apr\u00e8s-midi : forte chaleur sous un ciel bleu<\/p>\n<p>\n    \u00c0 15 h, l\u2019apr\u00e8s-midi vire \u00e0 la fournaise : <b>36 \u00b0C<\/b> sous un ciel d\u2019un bleu uniforme, avec une humidit\u00e9 tomb\u00e9e \u00e0 <b>27 %<\/b>. Le vent de nord atteint 13 km\/h, insuffisant pour rafra\u00eechir l\u2019atmosph\u00e8re.\n<\/p>\n<p>\n    Les chauss\u00e9es chauffent, l\u2019\u00e9vaporation s\u2019acc\u00e9l\u00e8re et le risque d\u2019ozone augmente. Il est pr\u00e9f\u00e9rable d\u2019\u00e9viter les sorties prolong\u00e9es entre 14 h et 18 h, d\u2019hydrater les enfants et de reporter le jogging en soir\u00e9e.\n<\/p>\n<p>Soir : persistance de la chaleur (coucher 20 h 24)<\/p>\n<p>\n    Bien que le soleil se couche \u00e0 20 h 24, la chaleur demeure. \u00c0 21 h, le mercure indique encore <b>31 \u00b0C<\/b>, avec une humidit\u00e9 de 31 % et un vent quasi nul (3 km\/h) venant du nord.\n<\/p>\n<p>\n    La temp\u00e9rature restera sup\u00e9rieure \u00e0 25 \u00b0C jusqu\u2019\u00e0 minuit, emp\u00eachant un v\u00e9ritable rafra\u00eechissement nocturne. Pensez \u00e0 fermer les volets d\u00e8s la fin d\u2019apr\u00e8s-midi et \u00e0 ventiler apr\u00e8s 23 h, lorsque l\u2019air atteindra <b>25 \u00b0C<\/b>.\n<\/p>\n<p>Tendance g\u00e9n\u00e9rale pour demain<\/p>\n<p>\n    Samedi 5 septembre, la chaleur persistera mais s\u2019att\u00e9nuera : minimale pr\u00e9vue <b>18 \u00b0C<\/b>, maximale <b>34 \u00b0C<\/b>, sous un ciel variable ponctu\u00e9 de quelques altocumulus. Le vent tournera au nord-ouest, autour de 10 km\/h.\n<\/p>\n<p>\n    Pour organiser vos sorties et trouver des coins ombrag\u00e9s, consultez <a href=\"https:\/\/www.meteocity.com\/france\/toulouse-v2972315\/tourisme\" rel=\"nofollow noopener\" target=\"_blank\">notre page tourisme<\/a>. En attendant, gardez \u00e0 l\u2019esprit les conseils suivants :\n<\/p>\n<ul>\n<li>Hydratez-vous r\u00e9guli\u00e8rement, m\u00eame si la temp\u00e9rature baisse l\u00e9g\u00e8rement.<\/li>\n<li>Faites des pauses \u00e0 l\u2019ombre entre 13 h et 17 h.<\/li>\n<li>Maintenez une vigilance accrue aupr\u00e8s des personnes vuln\u00e9rables.<\/li>\n<\/ul>\n","protected":false},"excerpt":{"rendered":"\u00c0 Toulouse, ce vendredi 4 septembre 2026, le soleil brille sans interruption sous un ciel d\u00e9gag\u00e9. La chaleur&hellip;\n","protected":false},"author":2,"featured_media":1167773,"comment_status":"","ping_status":"","sticky":false,"template":"","format":"standard","meta":{"footnotes":"","_share_on_mastodon":"0"},"categories":[2816],"tags":[1111,11,1777,674,1011,27,12,2680,25,2312],"class_list":["post-1167772","post","type-post","status-publish","format-standard","has-post-thumbnail","category-toulouse","tag-actu","tag-actualites","tag-eu","tag-europe","tag-fr","tag-france","tag-news","tag-occitanie","tag-republique-francaise","tag-toulouse"],"share_on_mastodon":{"url":"https:\/\/pubeurope.com\/@fr\/117215303128651032","error":""},"_links":{"self":[{"href":"https:\/\/www.europesays.com\/fr\/wp-json\/wp\/v2\/posts\/1167772","targetHints":{"allow":["GET"]}}],"collection":[{"href":"https:\/\/www.europesays.com\/fr\/wp-json\/wp\/v2\/posts"}],"about":[{"href":"https:\/\/www.europesays.com\/fr\/wp-json\/wp\/v2\/types\/post"}],"author":[{"embeddable":true,"href":"https:\/\/www.europesays.com\/fr\/wp-json\/wp\/v2\/users\/2"}],"replies":[{"embeddable":true,"href":"https:\/\/www.europesays.com\/fr\/wp-json\/wp\/v2\/comments?post=1167772"}],"version-history":[{"count":0,"href":"https:\/\/www.europesays.com\/fr\/wp-json\/wp\/v2\/posts\/1167772\/revisions"}],"wp:featuredmedia":[{"embeddable":true,"href":"https:\/\/www.europesays.com\/fr\/wp-json\/wp\/v2\/media\/1167773"}],"wp:attachment":[{"href":"https:\/\/www.europesays.com\/fr\/wp-json\/wp\/v2\/media?parent=1167772"}],"wp:term":[{"taxonomy":"category","embeddable":true,"href":"https:\/\/www.europesays.com\/fr\/wp-json\/wp\/v2\/categories?post=1167772"},{"taxonomy":"post_tag","embeddable":true,"href":"https:\/\/www.europesays.com\/fr\/wp-json\/wp\/v2\/tags?post=1167772"}],"curies":[{"name":"wp","href":"https:\/\/api.w.org\/{rel}","templated":true}]}}