{"id":1167778,"date":"2026-09-04T23:14:39","date_gmt":"2026-09-04T23:14:39","guid":{"rendered":"https:\/\/www.europesays.com\/fr\/1167778\/"},"modified":"2026-09-04T23:14:39","modified_gmt":"2026-09-04T23:14:39","slug":"le-petit-pavillon-celebre-restaurant-de-la-corniche-a-marseille-condamne-pour-ses-constructions-illegales","status":"publish","type":"post","link":"https:\/\/www.europesays.com\/fr\/1167778\/","title":{"rendered":"Le Petit Pavillon, c\u00e9l\u00e8bre restaurant de la Corniche \u00e0 Marseille, condamn\u00e9 pour ses constructions ill\u00e9gales"},"content":{"rendered":"<p>C\u2019est une adresse historique et tr\u00e8s fr\u00e9quent\u00e9e de la Corniche. N\u00e9 en\u00a01848, Le bar-restaurant le Petit Pavillon aura encore \u00e9t\u00e9 un des tubes de l\u2019\u00e9t\u00e9 apr\u00e8s la r\u00e9ouverture en avril de<a href=\"https:\/\/www.laprovence.com\/article\/sortie-loisirs\/741603384985214\/rooftop-terrasse-ou-au-bord-de-leau-a-marseille-5-spots-ou-lon-se-croit-deja-en-ete\" target=\"_self\" rel=\"nofollow noopener\"> son c\u00e9l\u00e8bre ponton,<\/a> les pieds dans l\u2019eau, suivant plusieurs ann\u00e9es de travaux. Le midi ou \u00e0 l\u2019heure de l\u2019ap\u00e9ro, une foule dense de clients se masse sur sa grande terrasse en bois, buvant du ros\u00e9 et d\u00e9gustant des tapas au son des Dj\u2019s, avec vue plongeante sur la mer.<\/p>\n<p>Mais derri\u00e8re la <a href=\"https:\/\/www.laprovence.com\/article\/edition-marseille\/2468419\/le-petit-pavillon-balcon-poetique-accroche-a-la-grande-bleue.html\" target=\"_self\" rel=\"nofollow noopener\">carte postale<\/a>, la r\u00e9alit\u00e9 est moins idyllique\u00a0: dans une d\u00e9cision rendue ce vendredi matin 4\u00a0septembre\u00a02026, le tribunal correctionnel de Marseille a lourdement condamn\u00e9 l\u2019\u00e9tablissement et son patron, Georges Jacomino, pour une s\u00e9rie de travaux non autoris\u00e9s effectu\u00e9e sur le domaine public, et qui plus est, sur un site class\u00e9. En cause, des constructions r\u00e9alis\u00e9es entre\u00a02020 et\u00a02023 sans s\u2019embarrasser des r\u00e8glements\u00a0: un escalier en b\u00e9ton volumineux alors qu\u2019il \u00e9tait pr\u00e9vu, dans la d\u00e9claration initiale, pour \u00eatre en boit brut et de petite taille, la cr\u00e9ation d\u2019une nouvelle v\u00e9randa, des baies vitr\u00e9es, un ravalement de fa\u00e7ades et des bouchages en b\u00e9ton, toujours sans autorisation. En r\u00e9sum\u00e9, tout \u00e0 la volont\u00e9 de rentabiliser&#8230;<\/p>\n","protected":false},"excerpt":{"rendered":"C\u2019est une adresse historique et tr\u00e8s fr\u00e9quent\u00e9e de la Corniche. N\u00e9 en\u00a01848, Le bar-restaurant le Petit Pavillon aura&hellip;\n","protected":false},"author":2,"featured_media":1167779,"comment_status":"","ping_status":"","sticky":false,"template":"","format":"standard","meta":{"footnotes":"","_share_on_mastodon":"0"},"categories":[2814],"tags":[5734,1111,11,3010,8652,7958,1777,674,274,1011,27,884,12,9402,15864,882,25,1340],"class_list":["post-1167778","post","type-post","status-publish","format-standard","has-post-thumbnail","category-marseille","tag-5734","tag-actu","tag-actualites","tag-celebre","tag-condamne","tag-corniche","tag-eu","tag-europe","tag-faits-divers-justice","tag-fr","tag-france","tag-marseille","tag-news","tag-pavillon","tag-petit","tag-provence-alpes-cote-dazur","tag-republique-francaise","tag-restaurant"],"share_on_mastodon":{"url":"https:\/\/pubeurope.com\/@fr\/117215314955296690","error":""},"_links":{"self":[{"href":"https:\/\/www.europesays.com\/fr\/wp-json\/wp\/v2\/posts\/1167778","targetHints":{"allow":["GET"]}}],"collection":[{"href":"https:\/\/www.europesays.com\/fr\/wp-json\/wp\/v2\/posts"}],"about":[{"href":"https:\/\/www.europesays.com\/fr\/wp-json\/wp\/v2\/types\/post"}],"author":[{"embeddable":true,"href":"https:\/\/www.europesays.com\/fr\/wp-json\/wp\/v2\/users\/2"}],"replies":[{"embeddable":true,"href":"https:\/\/www.europesays.com\/fr\/wp-json\/wp\/v2\/comments?post=1167778"}],"version-history":[{"count":0,"href":"https:\/\/www.europesays.com\/fr\/wp-json\/wp\/v2\/posts\/1167778\/revisions"}],"wp:featuredmedia":[{"embeddable":true,"href":"https:\/\/www.europesays.com\/fr\/wp-json\/wp\/v2\/media\/1167779"}],"wp:attachment":[{"href":"https:\/\/www.europesays.com\/fr\/wp-json\/wp\/v2\/media?parent=1167778"}],"wp:term":[{"taxonomy":"category","embeddable":true,"href":"https:\/\/www.europesays.com\/fr\/wp-json\/wp\/v2\/categories?post=1167778"},{"taxonomy":"post_tag","embeddable":true,"href":"https:\/\/www.europesays.com\/fr\/wp-json\/wp\/v2\/tags?post=1167778"}],"curies":[{"name":"wp","href":"https:\/\/api.w.org\/{rel}","templated":true}]}}