{"id":1167780,"date":"2026-09-04T23:16:23","date_gmt":"2026-09-04T23:16:23","guid":{"rendered":"https:\/\/www.europesays.com\/fr\/1167780\/"},"modified":"2026-09-04T23:16:23","modified_gmt":"2026-09-04T23:16:23","slug":"om-weah-prefere-a-hojbjerg-bruno-genesio-a-choisi-le-capitaine-de-marseille","status":"publish","type":"post","link":"https:\/\/www.europesays.com\/fr\/1167780\/","title":{"rendered":"OM. Weah pr\u00e9f\u00e9r\u00e9 \u00e0\u00a0H\u00f6jbjerg, Bruno Genesio a choisi le capitaine de Marseille"},"content":{"rendered":"<p data-ofstats-scroll=\"read_depth_30\">La sc\u00e8ne remonte au 14\u00a0ao\u00fbt. Pierre-Emile H\u00f6jbjerg, cadre important du vestiaire de <a href=\"https:\/\/www.ouest-france.fr\/sport\/football\/olympique-de-marseille\/\" target=\"_blank\" rel=\"nofollow noopener\">l\u2019Olympique de Marseille<\/a>, se voit retirer son brassard de capitaine, avant le match amical contre l\u2019Atl\u00e9tico de Madrid. Pas une volont\u00e9 de Bruno Genesio, l\u2019entra\u00eeneur, mais un ordre de la direction et du nouveau pr\u00e9sident St\u00e9phane Richard, frustr\u00e9s de voir le milieu de terrain danois refuser une offre de Newcastle. Car oui, le club avait\u00a0besoin d\u2019argent. Interrog\u00e9 par RMC quant \u00e0 un possible retour d\u2019H\u00f6jbjerg comme capitaine, St\u00e9phane Richard n\u2019a pas ferm\u00e9 la porte\u00a0:<strong> \u00ab\u00a0Si Bruno l\u2019estime, je ne m\u2019y opposerai pas.\u00a0\u00bb<\/strong><\/p>\n<p data-ofstats-scroll=\"read_depth_30\">Ce vendredi 4\u00a0septembre, en conf\u00e9rence de presse d\u2019avant-match contre le Paris FC\u00a0(dimanche \u00e0 20\u00a0h\u00a045), Bruno Genesio a tranch\u00e9. Timothy Weah, capitaine du d\u00e9but de saison, garde le brassard.<\/p>\n<\/p>\n<p>        \u00ab\u00a0J\u2019estime qu\u2019on a encore trois ou quatre autres capitaines\u00a0\u00bb<\/p>\n<p data-ofstats-scroll=\"read_depth_60\"><strong>\u00ab\u00a0Pour moi, le brassard n\u2019est pas anecdotique, mais un petit peu quand m\u00eame,<\/strong> a d\u00e9taill\u00e9 l\u2019entra\u00eeneur de 60\u00a0ans. <strong>J\u2019ai plusieurs capitaines, qui animent le groupe, qui ont plus d\u2019exp\u00e9rience, ont d\u00e9j\u00e0 v\u00e9cu des choses positives comme n\u00e9gatives dans leur carri\u00e8re. Timothy en fait partie. Je vais bien \u00e9videmment lui laisser le brassard, puisque c\u2019est la d\u00e9cision que j\u2019ai prise <\/strong>(le 14\u00a0ao\u00fbt avant OM-Atl\u00e9tico de Madrid)<strong>, suite \u00e0 celle qu\u2019on m\u2019a impos\u00e9 d\u2019enlever le brassard \u00e0 Pierre-Emile. Je pense que, ni vis-\u00e0-vis de Pierre, ni vis-\u00e0-vis de Tim\u2019, ce serait la bonne d\u00e9cision de changer de nouveau. Pierre reste un de nos capitaines, dans les faits, dans les actes, tous les jours \u00e0 l\u2019entra\u00eenement, sur le terrain pendant les matches. Tim\u2019 en fait partie aussi.\u00a0\u00bb<\/strong><\/p>\n<p data-ofstats-scroll=\"read_depth_70\"><strong>Lire aussi\u00a0:<\/strong> <a href=\"https:\/\/www.ouest-france.fr\/sport\/football\/transferts\/mercato-lolympique-de-marseille-et-un-autre-club-du-big-5-sans-la-moindre-recrue-pari-risque-ou-pari-gagnant-afb34b2e-a6a7-11f1-8a27-1e0c4eb5e395\" target=\"_blank\" rel=\"nofollow noopener\">Mercato. L\u2019Olympique de Marseille et un autre club du \u00ab\u00a0Big 5\u00a0\u00bb sans la moindre recrue\u00a0: pari risqu\u00e9 ou pari gagnant\u00a0?<\/a><\/p>\n<p data-ofstats-scroll=\"read_depth_90\">Genesio a notamment pr\u00e9cis\u00e9 qu\u2019il s\u2019appuyait sur un groupe de joueurs d\u2019exp\u00e9rience &#8211; titulaires ou non &#8211; faisant office de conseil des sages au sein du club\u00a0: <strong>\u00ab\u00a0J\u2019estime qu\u2019on a encore trois ou quatre autres capitaines, qui ne sont pas tous des joueurs titulaires d\u2019ailleurs. Ils sont l\u00e0 pour amener du calme et de la s\u00e9r\u00e9nit\u00e9 \u00e0 un groupe qui manque un peu de maturit\u00e9, pour trouver les bons mots.\u00a0\u00bb<\/strong><\/p>\n<p data-ofstats-scroll=\"read_depth_100\">Ce groupe de capitaine serait constitu\u00e9 de Neal Maupay, Nayef Aguerd, Emerson Palmieri et donc H\u00f6jbjerg et Weah. Un peu de s\u00e9r\u00e9nit\u00e9 \u00e0 l\u2019OM, \u00e7a ne fait pas de mal. <a href=\"https:\/\/www.ouest-france.fr\/sport\/football\/olympique-de-marseille\/on-netait-pas-loin-du-point-de-rupture-le-president-de-lom-reconnait-des-tensions-avec-genesio-lors-du-mercato-ca2443c0-a6ff-11f1-95a1-d7cb1b3759ac\" target=\"_blank\" rel=\"nofollow noopener\">Surtout apr\u00e8s un \u00e9t\u00e9 mouvement\u00e9.<\/a><\/p>\n","protected":false},"excerpt":{"rendered":"La sc\u00e8ne remonte au 14\u00a0ao\u00fbt. Pierre-Emile H\u00f6jbjerg, cadre important du vestiaire de l\u2019Olympique de Marseille, se voit retirer&hellip;\n","protected":false},"author":2,"featured_media":1167781,"comment_status":"","ping_status":"","sticky":false,"template":"","format":"standard","meta":{"footnotes":"","_share_on_mastodon":"0"},"categories":[2814],"tags":[1111,74853,11,1777,674,63,1011,27,66,884,12,1176,882,25,517],"class_list":["post-1167780","post","type-post","status-publish","format-standard","has-post-thumbnail","category-marseille","tag-actu","tag-actualite-en-continu","tag-actualites","tag-eu","tag-europe","tag-football","tag-fr","tag-france","tag-ligue-1","tag-marseille","tag-news","tag-olympique-de-marseille","tag-provence-alpes-cote-dazur","tag-republique-francaise","tag-sport"],"share_on_mastodon":{"url":"https:\/\/pubeurope.com\/@fr\/117215323001793886","error":""},"_links":{"self":[{"href":"https:\/\/www.europesays.com\/fr\/wp-json\/wp\/v2\/posts\/1167780","targetHints":{"allow":["GET"]}}],"collection":[{"href":"https:\/\/www.europesays.com\/fr\/wp-json\/wp\/v2\/posts"}],"about":[{"href":"https:\/\/www.europesays.com\/fr\/wp-json\/wp\/v2\/types\/post"}],"author":[{"embeddable":true,"href":"https:\/\/www.europesays.com\/fr\/wp-json\/wp\/v2\/users\/2"}],"replies":[{"embeddable":true,"href":"https:\/\/www.europesays.com\/fr\/wp-json\/wp\/v2\/comments?post=1167780"}],"version-history":[{"count":0,"href":"https:\/\/www.europesays.com\/fr\/wp-json\/wp\/v2\/posts\/1167780\/revisions"}],"wp:featuredmedia":[{"embeddable":true,"href":"https:\/\/www.europesays.com\/fr\/wp-json\/wp\/v2\/media\/1167781"}],"wp:attachment":[{"href":"https:\/\/www.europesays.com\/fr\/wp-json\/wp\/v2\/media?parent=1167780"}],"wp:term":[{"taxonomy":"category","embeddable":true,"href":"https:\/\/www.europesays.com\/fr\/wp-json\/wp\/v2\/categories?post=1167780"},{"taxonomy":"post_tag","embeddable":true,"href":"https:\/\/www.europesays.com\/fr\/wp-json\/wp\/v2\/tags?post=1167780"}],"curies":[{"name":"wp","href":"https:\/\/api.w.org\/{rel}","templated":true}]}}