{"id":1167784,"date":"2026-09-04T23:18:22","date_gmt":"2026-09-04T23:18:22","guid":{"rendered":"https:\/\/www.europesays.com\/fr\/1167784\/"},"modified":"2026-09-04T23:18:22","modified_gmt":"2026-09-04T23:18:22","slug":"lyon-auxerre-ernest-nuamah-regale-will-still-decoit-encore-les-tops-et-flops-dun-match-anime","status":"publish","type":"post","link":"https:\/\/www.europesays.com\/fr\/1167784\/","title":{"rendered":"Lyon-Auxerre : Ernest Nuamah r\u00e9gale, Will Still d\u00e9\u00e7oit (encore)&#8230; Les tops et flops d\u2019un match anim\u00e9"},"content":{"rendered":"<p>\n    Ce vendredi, l\u2019Olympique Lyonnais s\u2019est impos\u00e9 sans trembler (3-1) face \u00e0 la lanterne rouge du championnat, Auxerre. Retrouvez ce qui a retenu l\u2019attention de la r\u00e9daction.<\/p>\n<p>                            <strong>TOPS<\/strong><br \/>\n                                            Ernest Nuamah en feu<\/p>\n<p class=\"fig-paragraph\">L\u2019ailier de 22 ans a fait un match excellent du d\u00e9but \u00e0 la fin\u00a0<a href=\"http:\/\/www.lefigaro.fr\/sports\/football\/ligue-1\/ligue-1-lyon-dispose-d-auxerre-et-prend-provisoirement-la-tete-du-championnat-20260904\" data-fig-type=\"NewsFlash\" data-gtm-custom-categorie=\"navigation\" data-gtm-custom-action=\"crossclick\" data-gtm-custom-label=\"Contextuel\" data-gtm-event=\"customEventSPE\" data-fig-domain=\"LEFIGARO\" rel=\"nofollow noopener\" target=\"_blank\">(victoire de l\u2019OL 3-1)<\/a>. Titulaire sur la feuille de match, le Ghan\u00e9en est impliqu\u00e9 sur deux buts. En premier temps passeur sur l\u2019ouverture du score de Felix Bacher sur corner \u00e0 la 28e minute. Et en second temps, buteur \u00e0 la 53e sur un super travail de sa part, se jouant de la d\u00e9fense adverse avec une grande facilit\u00e9. Cela faisait 18 mois qu\u2019il n\u2019avait pas marqu\u00e9 avec Lyon. Le jeune ailier aura pondu un match d\u2019une qualit\u00e9 exceptionnel. Remplac\u00e9 \u00e0 l\u2019heure de jeu par Merah. L\u2019homme du match.<\/p>\n<p>                                            Cameron Archer, une bonne impression<\/p>\n<p class=\"fig-paragraph\">Pr\u00eat\u00e9 par Southampton sans option d\u2019achat, l\u2019attaquant anglais n\u2019a pas \u00e9t\u00e9 aid\u00e9 par son \u00e9quipe. \u00c0 l\u2019origine de l\u2019ouverture du score auxerroise, finalement refus\u00e9 par l\u2019arbitre de la rencontre Ruddy Buquet, apr\u00e8s l\u2019appel de la VAR \u00e0 la 22e. Il a \u00e9t\u00e9 l\u2019un des rares joueurs de son \u00e9quipe \u00e0 montrer ses qualit\u00e9s. Il finira par \u00eatre r\u00e9compens\u00e9 individuellement \u00e0 la 42e avec un but, r\u00e9duisant le score. Son premier but sous les couleurs d\u2019Auxerre.<\/p>\n<p class=\"fig-body-link\">\n            \u00c0 lire aussi<br \/>\n        <a class=\"fig-body-link__link\" href=\"http:\/\/www.lefigaro.fr\/sports\/football\/ligue-1\/ligue-1-lyon-dispose-d-auxerre-et-prend-provisoirement-la-tete-du-championnat-20260904\" data-fig-type=\"NewsFlash\" data-gtm-custom-categorie=\"navigation\" data-gtm-custom-action=\"crossclick\" data-gtm-custom-label=\"Contextuel\" data-gtm-event=\"customEventSPE\" data-fig-domain=\"LEFIGARO\" rel=\"nofollow noopener\" target=\"_blank\"><br \/>\n                Ligue 1\u00a0: Lyon dispose d\u2019Auxerre et prend provisoirement la t\u00eate du championnat<br \/>\n    <\/a>\n<\/p>\n<p>                                            <a class=\"fig-a11y-skip\" href=\"#fig-a11y-skip-main-inarticle\" is=\"fig-a11y-skip\" data-trigger-mode=\"visible-once\"><br \/>\n    Passer la publicit\u00e9<br \/>\n<\/a>            <\/p>\n<p>                                            <strong>FLOPS<\/strong><br \/>\n                                            Will Still d\u00e9\u00e7oit (encore)<\/p>\n<p class=\"fig-paragraph\">Sans surprise. Arriv\u00e9 cet \u00e9t\u00e9 \u00e0 l\u2019AJ Auxerre, Will Still aura r\u00e9alis\u00e9 un d\u00e9but de saison 2026\/2027 en Ligue 1&#8230; catastrophique. Apr\u00e8s la d\u00e9b\u00e2cle \u00e0 Lens (5-2) lors de la premi\u00e8re journ\u00e9e puis la d\u00e9faite \u00e0 domicile (3-1) face \u00e0 Angers, le coach auxerrois comptabilise (d\u00e9j\u00e0) un bilan ex\u00e9crable en 3 journ\u00e9es\u00a0: 0 point en 3 matchs et un total de 11 buts encaiss\u00e9s. Invraisemblable. Dans ce match, Will Still n\u2019aura pas fait les bons choix. \u00c0 l\u2019image de la rentr\u00e9e de Romain Faivre notamment. Des d\u00e9cisions depuis son banc qui n\u2019auront rien apport\u00e9.\u00a0Du tout.<\/p>\n<p>                                            La VAR encore une fois&#8230;<\/p>\n<p class=\"fig-paragraph\">Dans un match qui partait bien, avec beaucoup de rythme en premi\u00e8re p\u00e9riode, l\u2019assistance vid\u00e9o \u00e0 l\u2019arbitrage aura encore jou\u00e9 les trouble-f\u00eates. L\u2019arbitre de la rencontre, Ruddy Buquet, a \u00e9t\u00e9 interpell\u00e9 d\u00e8s la 7e minute pour un tacle sur Lo\u00efs Openda, puis pour une main auxerroise dans la foul\u00e9e. Il a encore \u00e9t\u00e9 appel\u00e9 \u00e0 seulement quatre minutes d\u2019intervalle, \u00e0 la 18e sur le but d\u2019Openda, refus\u00e9 pour une position de hors-jeu, puis \u00e0 la 22e sur la r\u00e9duction du score d\u2019Archer, pour une faute au tout d\u00e9but de l\u2019action. Elle aura cass\u00e9 la dynamique d\u2019un match \u00abping-pong\u00bb qui pouvait \u00eatre encore plus fou et haletant.<\/p>\n","protected":false},"excerpt":{"rendered":"Ce vendredi, l\u2019Olympique Lyonnais s\u2019est impos\u00e9 sans trembler (3-1) face \u00e0 la lanterne rouge du championnat, Auxerre. Retrouvez&hellip;\n","protected":false},"author":2,"featured_media":1167785,"comment_status":"","ping_status":"","sticky":false,"template":"","format":"standard","meta":{"footnotes":"","_share_on_mastodon":"0"},"categories":[1889],"tags":[1111,11,2430,4245,1777,674,1011,27,66,2428,12,25],"class_list":["post-1167784","post","type-post","status-publish","format-standard","has-post-thumbnail","category-lyon","tag-actu","tag-actualites","tag-auvergne-rhone-alpes","tag-auxerre","tag-eu","tag-europe","tag-fr","tag-france","tag-ligue-1","tag-lyon","tag-news","tag-republique-francaise"],"share_on_mastodon":{"url":"https:\/\/pubeurope.com\/@fr\/117215330811272278","error":""},"_links":{"self":[{"href":"https:\/\/www.europesays.com\/fr\/wp-json\/wp\/v2\/posts\/1167784","targetHints":{"allow":["GET"]}}],"collection":[{"href":"https:\/\/www.europesays.com\/fr\/wp-json\/wp\/v2\/posts"}],"about":[{"href":"https:\/\/www.europesays.com\/fr\/wp-json\/wp\/v2\/types\/post"}],"author":[{"embeddable":true,"href":"https:\/\/www.europesays.com\/fr\/wp-json\/wp\/v2\/users\/2"}],"replies":[{"embeddable":true,"href":"https:\/\/www.europesays.com\/fr\/wp-json\/wp\/v2\/comments?post=1167784"}],"version-history":[{"count":0,"href":"https:\/\/www.europesays.com\/fr\/wp-json\/wp\/v2\/posts\/1167784\/revisions"}],"wp:featuredmedia":[{"embeddable":true,"href":"https:\/\/www.europesays.com\/fr\/wp-json\/wp\/v2\/media\/1167785"}],"wp:attachment":[{"href":"https:\/\/www.europesays.com\/fr\/wp-json\/wp\/v2\/media?parent=1167784"}],"wp:term":[{"taxonomy":"category","embeddable":true,"href":"https:\/\/www.europesays.com\/fr\/wp-json\/wp\/v2\/categories?post=1167784"},{"taxonomy":"post_tag","embeddable":true,"href":"https:\/\/www.europesays.com\/fr\/wp-json\/wp\/v2\/tags?post=1167784"}],"curies":[{"name":"wp","href":"https:\/\/api.w.org\/{rel}","templated":true}]}}