{"id":1167788,"date":"2026-09-04T23:20:15","date_gmt":"2026-09-04T23:20:15","guid":{"rendered":"https:\/\/www.europesays.com\/fr\/1167788\/"},"modified":"2026-09-04T23:20:15","modified_gmt":"2026-09-04T23:20:15","slug":"la-ministre-de-la-culture-catherine-pegard-confirme-la-rupture-de-deux-fils-sur-la-tapisserie-de-bayeux","status":"publish","type":"post","link":"https:\/\/www.europesays.com\/fr\/1167788\/","title":{"rendered":"La ministre de la Culture Catherine P\u00e9gard confirme la \u00ab\u00a0rupture de deux fils\u00a0\u00bb sur la tapisserie de Bayeux"},"content":{"rendered":"<p>Une \u00ab\u00a0rupture de deux fils\u00a0\u00bb a \u00e9t\u00e9 constat\u00e9e sur la tapisserie de Bayeux apr\u00e8s son transfert \u00e0 Londres, sans toutefois que l\u2019\u00e9tat g\u00e9n\u00e9ral de cette broderie du XIe\u00a0si\u00e8cle en soit alt\u00e9r\u00e9, a d\u00e9clar\u00e9 vendredi la ministre fran\u00e7aise de la Culture Catherine P\u00e9gard \u00e0 l&rsquo;AFP. Une information qu&rsquo;elle a confirm\u00e9e cet apr\u00e8s-midi \u00e0 Paris Match.<\/p>\n<p>Mi-juillet, la tapisserie a travers\u00e9 la Manche au cours d\u2019un trajet \u00e0 hauts risques pour le chef-d\u2019\u0153uvre de pr\u00e8s de 70\u00a0m de long. Elle a \u00e9t\u00e9 achemin\u00e9e au British Museum de Londres o\u00f9 elle doit \u00eatre expos\u00e9e au public \u00e0 partir du 10\u00a0septembre dans le cadre d\u2019un pr\u00eat historique d\u00e9cid\u00e9 par le pr\u00e9sident fran\u00e7ais Emmanuel Macron.<\/p>\n<p>Peu apr\u00e8s son arriv\u00e9e dans la capitale britannique, les premi\u00e8res constatations n\u2019avaient relev\u00e9 \u00ab\u00a0aucune alt\u00e9ration visible\u00a0\u00bb sur l\u2019\u0153uvre, avait alors indiqu\u00e9 \u00e0 l\u2019AFP le minist\u00e8re fran\u00e7ais de la Culture.<\/p>\n<p>R\u00e9alis\u00e9 par la suite par des experts fran\u00e7ais et britanniques, un constat d\u2019\u00e9tat plus complet a confirm\u00e9 \u00ab\u00a0l\u2019absence de d\u00e9gradation majeure\u00a0\u00bb tout en relevant de \u00ab\u00a0petites ruptures l\u00e9g\u00e8res sur deux zones\u00a0\u00bb, selon les premi\u00e8res conclusions r\u00e9v\u00e9l\u00e9es par le journal La Croix.<\/p>\n<p>\u00ab\u00a0On a signal\u00e9 une rupture de deux fils sur 70\u00a0m de long d\u2019une\u00a0tapisserie\u00a0\u00bb, a confirm\u00e9 Mme\u00a0P\u00e9gard sur la radio RTL. \u00ab\u00a0Alors c\u2019est vrai qu\u2019elle a \u00e9t\u00e9 examin\u00e9e avec une particuli\u00e8re attention, \u00e7a a pris beaucoup de temps puisque les experts l\u2019ont examin\u00e9e centim\u00e8tre par centim\u00e8tre\u00a0\u00bb.<\/p>\n<p>\u00ab\u00a0Donc je peux vous dire qu\u2019aujourd\u2019hui, si on dit qu\u2019elle est dans le m\u00eame \u00e9tat en arrivant \u00e0 Londres qu\u2019elle \u00e9tait avant de partir de Bayeux, je crois qu\u2019on ne se trompe pas beaucoup\u00a0\u00bb, a ajout\u00e9 la ministre.<\/p>\n<p>Contact\u00e9 par l\u2019AFP, le British Museum a soulign\u00e9 qu\u2019il ressort du rapport d\u2019experts que \u00ab\u00a0l\u2019\u00e9tat de la tapisserie est demeur\u00e9 quasiment inchang\u00e9\u00a0\u00bb entre son arriv\u00e9e \u00e0 Londres en juillet et des photographies prises en septembre\u00a02025, avant son retrait du mus\u00e9e de Bayeux.<\/p>\n<p>Des sueurs froides\u00a0<\/p>\n<p>Mais le mus\u00e9e pr\u00e9cise que ce rapport \u00ab\u00a0n\u2019est pas d\u00e9finitif et doit encore \u00eatre valid\u00e9\u00a0\u00bb par les \u00e9quipes de conservation fran\u00e7aise et britannique. Le transfert historique depuis Bayeux, en Normandie (ouest), avait donn\u00e9 des sueurs froides \u00e0 des experts et d\u00e9fenseurs du patrimoine en France qui redoutaient une d\u00e9gradation irr\u00e9versible de cette \u0153uvre fragilis\u00e9e par les ann\u00e9es.<\/p>\n<p>Mercredi, Emmanuel Macron s\u2019est rendu \u00e0 Londres pour visiter en avant-premi\u00e8re, avec le roi Charles III et le Premier ministre Andy Burnham, l\u2019exposition de la tapisserie de Bayeux et c\u00e9l\u00e9brer les liens entre les deux pays.<\/p>\n<p>La tapisserie doit retourner en France en juillet\u00a02027 pour regagner son mus\u00e9e de Bayeux o\u00f9 elle doit faire l\u2019objet d\u2019une restauration plusieurs fois repouss\u00e9e.<\/p>\n","protected":false},"excerpt":{"rendered":"Une \u00ab\u00a0rupture de deux fils\u00a0\u00bb a \u00e9t\u00e9 constat\u00e9e sur la tapisserie de Bayeux apr\u00e8s son transfert \u00e0 Londres,&hellip;\n","protected":false},"author":2,"featured_media":1167789,"comment_status":"","ping_status":"","sticky":false,"template":"","format":"standard","meta":{"footnotes":"","_share_on_mastodon":"0"},"categories":[1888],"tags":[1111,1928,11,1927,1777,674,1011,27,12,1926,626,1925,25],"class_list":["post-1167788","post","type-post","status-publish","format-standard","has-post-thumbnail","category-paris","tag-actu","tag-actu-paris","tag-actualites","tag-actualites-paris","tag-eu","tag-europe","tag-fr","tag-france","tag-news","tag-news-paris","tag-paris","tag-paris-news","tag-republique-francaise"],"share_on_mastodon":{"url":"https:\/\/pubeurope.com\/@fr\/117215338744041573","error":""},"_links":{"self":[{"href":"https:\/\/www.europesays.com\/fr\/wp-json\/wp\/v2\/posts\/1167788","targetHints":{"allow":["GET"]}}],"collection":[{"href":"https:\/\/www.europesays.com\/fr\/wp-json\/wp\/v2\/posts"}],"about":[{"href":"https:\/\/www.europesays.com\/fr\/wp-json\/wp\/v2\/types\/post"}],"author":[{"embeddable":true,"href":"https:\/\/www.europesays.com\/fr\/wp-json\/wp\/v2\/users\/2"}],"replies":[{"embeddable":true,"href":"https:\/\/www.europesays.com\/fr\/wp-json\/wp\/v2\/comments?post=1167788"}],"version-history":[{"count":0,"href":"https:\/\/www.europesays.com\/fr\/wp-json\/wp\/v2\/posts\/1167788\/revisions"}],"wp:featuredmedia":[{"embeddable":true,"href":"https:\/\/www.europesays.com\/fr\/wp-json\/wp\/v2\/media\/1167789"}],"wp:attachment":[{"href":"https:\/\/www.europesays.com\/fr\/wp-json\/wp\/v2\/media?parent=1167788"}],"wp:term":[{"taxonomy":"category","embeddable":true,"href":"https:\/\/www.europesays.com\/fr\/wp-json\/wp\/v2\/categories?post=1167788"},{"taxonomy":"post_tag","embeddable":true,"href":"https:\/\/www.europesays.com\/fr\/wp-json\/wp\/v2\/tags?post=1167788"}],"curies":[{"name":"wp","href":"https:\/\/api.w.org\/{rel}","templated":true}]}}