{"id":1167790,"date":"2026-09-04T23:21:15","date_gmt":"2026-09-04T23:21:15","guid":{"rendered":"https:\/\/www.europesays.com\/fr\/1167790\/"},"modified":"2026-09-04T23:21:15","modified_gmt":"2026-09-04T23:21:15","slug":"revis-le-duel-entre-las-monaco-et-le-psg-au-parc-en-images","status":"publish","type":"post","link":"https:\/\/www.europesays.com\/fr\/1167790\/","title":{"rendered":"Revis le duel entre l&rsquo;AS Monaco et le PSG au Parc en images"},"content":{"rendered":"<p>            Revis le duel entre l&rsquo;AS Monaco et le PSG au Parc en images | AS Monaco<\/p>\n<p>    <a href=\"https:\/\/www.asmonaco.com\/fr\/\" class=\"siteLogo\" data-component=\"SiteLogo\" rel=\"nofollow noopener\" target=\"_blank\"><\/p>\n<p>                                <img loading=\"lazy\" decoding=\"async\" alt=\"\" src=\"https:\/\/www.asmonaco.com\/build\/asm-club\/img\/site-logo.8eae14c0.svg\" width=\"180\" height=\"312\" class=\"siteLogoImg\"\/><\/p>\n<p>            <\/a><\/p>\n<p>            <a href=\"https:\/\/www.asmonaco.com\/fr\/news\" class=\"u-with-ico ctntHeadBack\" rel=\"nofollow noopener\" target=\"_blank\"><\/p>\n<p>            Retour<br \/>\n        <\/a><\/p>\n<p>            Photos<\/p>\n<p>D\u00e9couvre les plus belles photos de l&rsquo;affiche renversante de la 3e journ\u00e9e de Ligue 1 McDonald&rsquo;s entre l&rsquo;AS Monaco et le Paris Saint-Germain, remport\u00e9e par les Rouge et Blanc au Parc des Princes (1-2).<\/p>\n<p>                            Image pr\u00e9c\u00e9dente<\/p>\n<p>                        1 \/ 52<\/p>\n<p>                            Image suivante<\/p>\n<p>        Voir aussi        <\/p>\n<p>Une erreur s&rsquo;est produite<\/p>\n<p>Notre plateforme rencontre actuellement un probl\u00e8me,<br \/>\n                nous nous excusons pour la g\u00eane occasionn\u00e9e et vous invitons \u00e0 revenir plus tard.<\/p>\n","protected":false},"excerpt":{"rendered":"Revis le duel entre l&rsquo;AS Monaco et le PSG au Parc en images | AS Monaco Retour Photos&hellip;\n","protected":false},"author":2,"featured_media":840590,"comment_status":"","ping_status":"","sticky":false,"template":"","format":"standard","meta":{"footnotes":"","_share_on_mastodon":"0"},"categories":[1888],"tags":[1111,1928,11,1927,1777,674,1011,27,12,1926,626,1925,25],"class_list":["post-1167790","post","type-post","status-publish","format-standard","has-post-thumbnail","category-paris","tag-actu","tag-actu-paris","tag-actualites","tag-actualites-paris","tag-eu","tag-europe","tag-fr","tag-france","tag-news","tag-news-paris","tag-paris","tag-paris-news","tag-republique-francaise"],"share_on_mastodon":{"url":"https:\/\/pubeurope.com\/@fr\/117215343954820935","error":""},"_links":{"self":[{"href":"https:\/\/www.europesays.com\/fr\/wp-json\/wp\/v2\/posts\/1167790","targetHints":{"allow":["GET"]}}],"collection":[{"href":"https:\/\/www.europesays.com\/fr\/wp-json\/wp\/v2\/posts"}],"about":[{"href":"https:\/\/www.europesays.com\/fr\/wp-json\/wp\/v2\/types\/post"}],"author":[{"embeddable":true,"href":"https:\/\/www.europesays.com\/fr\/wp-json\/wp\/v2\/users\/2"}],"replies":[{"embeddable":true,"href":"https:\/\/www.europesays.com\/fr\/wp-json\/wp\/v2\/comments?post=1167790"}],"version-history":[{"count":0,"href":"https:\/\/www.europesays.com\/fr\/wp-json\/wp\/v2\/posts\/1167790\/revisions"}],"wp:featuredmedia":[{"embeddable":true,"href":"https:\/\/www.europesays.com\/fr\/wp-json\/wp\/v2\/media\/840590"}],"wp:attachment":[{"href":"https:\/\/www.europesays.com\/fr\/wp-json\/wp\/v2\/media?parent=1167790"}],"wp:term":[{"taxonomy":"category","embeddable":true,"href":"https:\/\/www.europesays.com\/fr\/wp-json\/wp\/v2\/categories?post=1167790"},{"taxonomy":"post_tag","embeddable":true,"href":"https:\/\/www.europesays.com\/fr\/wp-json\/wp\/v2\/tags?post=1167790"}],"curies":[{"name":"wp","href":"https:\/\/api.w.org\/{rel}","templated":true}]}}