{"id":11678,"date":"2025-04-09T03:10:09","date_gmt":"2025-04-09T03:10:09","guid":{"rendered":"https:\/\/www.europesays.com\/fr\/11678\/"},"modified":"2025-04-09T03:10:09","modified_gmt":"2025-04-09T03:10:09","slug":"lechange-muscle-entre-ancelotti-et-camavinga-avant-arsenal-je-men-fous","status":"publish","type":"post","link":"https:\/\/www.europesays.com\/fr\/11678\/","title":{"rendered":"L\u2019\u00e9change muscl\u00e9 entre Ancelotti et Camavinga avant Arsenal : \u00ab\u00a0Je m&rsquo;en fous&#8230;\u00a0\u00bb"},"content":{"rendered":"<p data-testid=\"article-teaser\">Un message fort, presque brutal, mais n\u00e9cessaire : Camavinga a re\u00e7u un avertissement clair avant le choc face \u00e0 Arsenal.<\/p>\n<p>Le Real Madrid est en mission en Angleterre. Ce mardi soir, les Merengues affrontent Arsenal \u00e0 l\u2019Emirates Stadium, pour le compte du quart de finale aller de la Ligue des champions. Un choc crucial pour le club espagnol, d\u00e9termin\u00e9 \u00e0 rebondir apr\u00e8s <a href=\"https:\/\/www.goal.com\/fr\/listes\/mbappe-et-le-real-madrid-chutent-face-a-valence-1-2\/bltd106da68460c0efc\" target=\"_self\" rel=\"nofollow noopener\">une d\u00e9faite inqui\u00e9tante face \u00e0 Valence (1-2) en championnat<\/a>. Parmi les joueurs attendus au tournant : Eduardo Camavinga, qui a eu droit \u00e0 une mise au point directe de Davide Ancelotti, adjoint et fils de Carlo Ancelotti.<\/p>\n<p>L&rsquo;article continue ci-dessous<\/p>\n","protected":false},"excerpt":{"rendered":"Un message fort, presque brutal, mais n\u00e9cessaire : Camavinga a re\u00e7u un avertissement clair avant le choc face&hellip;\n","protected":false},"author":2,"featured_media":11679,"comment_status":"","ping_status":"","sticky":false,"template":"","format":"standard","meta":{"footnotes":""},"categories":[9],"tags":[5357,5527,5525,5526,5524,1011,27,447,4790,60],"class_list":{"0":"post-11678","1":"post","2":"type-post","3":"status-publish","4":"format-standard","5":"has-post-thumbnail","7":"category-sports","8":"tag-arsenal","9":"tag-arsenal-vs-real-madrid","10":"tag-c-ancelotti","11":"tag-d-ancelotti","12":"tag-e-camavinga","13":"tag-fr","14":"tag-france","15":"tag-ligue-des-champions","16":"tag-real-madrid","17":"tag-sports"},"share_on_mastodon":{"url":"https:\/\/pubeurope.com\/@fr\/114305815318342121","error":""},"_links":{"self":[{"href":"https:\/\/www.europesays.com\/fr\/wp-json\/wp\/v2\/posts\/11678","targetHints":{"allow":["GET"]}}],"collection":[{"href":"https:\/\/www.europesays.com\/fr\/wp-json\/wp\/v2\/posts"}],"about":[{"href":"https:\/\/www.europesays.com\/fr\/wp-json\/wp\/v2\/types\/post"}],"author":[{"embeddable":true,"href":"https:\/\/www.europesays.com\/fr\/wp-json\/wp\/v2\/users\/2"}],"replies":[{"embeddable":true,"href":"https:\/\/www.europesays.com\/fr\/wp-json\/wp\/v2\/comments?post=11678"}],"version-history":[{"count":0,"href":"https:\/\/www.europesays.com\/fr\/wp-json\/wp\/v2\/posts\/11678\/revisions"}],"wp:featuredmedia":[{"embeddable":true,"href":"https:\/\/www.europesays.com\/fr\/wp-json\/wp\/v2\/media\/11679"}],"wp:attachment":[{"href":"https:\/\/www.europesays.com\/fr\/wp-json\/wp\/v2\/media?parent=11678"}],"wp:term":[{"taxonomy":"category","embeddable":true,"href":"https:\/\/www.europesays.com\/fr\/wp-json\/wp\/v2\/categories?post=11678"},{"taxonomy":"post_tag","embeddable":true,"href":"https:\/\/www.europesays.com\/fr\/wp-json\/wp\/v2\/tags?post=11678"}],"curies":[{"name":"wp","href":"https:\/\/api.w.org\/{rel}","templated":true}]}}