{"id":1167800,"date":"2026-09-04T23:29:39","date_gmt":"2026-09-04T23:29:39","guid":{"rendered":"https:\/\/www.europesays.com\/fr\/1167800\/"},"modified":"2026-09-04T23:29:39","modified_gmt":"2026-09-04T23:29:39","slug":"le-parti-reform-uk-secoue-par-une-nouvelle-affaire-de-dons-bardella-apporte-son-soutien-04-09-2026-a-2127","status":"publish","type":"post","link":"https:\/\/www.europesays.com\/fr\/1167800\/","title":{"rendered":"Le parti Reform UK secou\u00e9 par une nouvelle affaire de dons, Bardella apporte son soutien &#8211; 04\/09\/2026 \u00e0 21:27"},"content":{"rendered":"<p>        <img decoding=\"async\" src=\"https:\/\/www.europesays.com\/fr\/wp-content\/uploads\/2026\/09\/42bca53beb74076531e8780dc959bd7d-760x506.jpg\" alt=\"Le leader du parti Reform UK, Nigel Farage, le 4 septembre 2026 \u00e0 Birmingham, au Royaume-Uni ( AFP \/ Oli SCARFF )\" loading=\"eager\" fetchpriority=\"high\" width=\"760\" height=\"506\" style=\"max-width: 100%!important; height: auto;\"\/><\/p>\n<p class=\"c-image-news__legend\">Le leader du parti Reform UK, Nigel Farage, le 4 septembre 2026 \u00e0 Birmingham, au Royaume-Uni ( AFP \/ Oli SCARFF )<\/p>\n<p>\n Le chef du parti britannique anti-immigration Reform UK, Nigel Farage, s&rsquo;est employ\u00e9 vendredi devant ses militants r\u00e9unis en congr\u00e8s \u00e0 r\u00e9futer de nouvelles accusations d&rsquo;irr\u00e9gularit\u00e9s de financement, qui fragilisent son parti au moment o\u00f9 il tente de se projeter en futur Premier ministre.\n<\/p>\n<p>\n Emp\u00eatr\u00e9 depuis plusieurs mois dans une controverse sur des dons de plusieurs millions de livres dont lui et son parti ont b\u00e9n\u00e9fici\u00e9, Nigel Farage a re\u00e7u le soutien appuy\u00e9 de ses sympathisants et de Jordan Bardella, pr\u00e9sident du parti d&rsquo;extr\u00eame droite fran\u00e7ais Rassemblement national, \u00e0 l&rsquo;occasion du congr\u00e8s annuel de la formation \u00e0 Birmingham, dans le centre de l&rsquo;Angleterre.\n<\/p>\n<p>\n \u00ab\u00a0Nous avons \u00e9t\u00e9 la cible d&rsquo;une campagne d&rsquo;attaques hautement coordonn\u00e9es\u00a0\u00bb, car les partis traditionnels \u00ab\u00a0ont peur de nous\u00a0\u00bb, a affirm\u00e9 le v\u00e9t\u00e9ran de la politique, \u00e2g\u00e9 de 62 ans, dans un discours cl\u00f4turant la journ\u00e9e, o\u00f9 il s&rsquo;est de nouveau pos\u00e9 en victime du \u00ab\u00a0syst\u00e8me\u00a0\u00bb.\n<\/p>\n<p>\n La controverse autour du financement de Reform a rebondi apr\u00e8s la diffusion jeudi d&rsquo;un reportage en cam\u00e9ra cach\u00e9e sur Channel 4, o\u00f9 l&rsquo;on voit un collaborateur de Nigel Farage proposer de contourner la loi pour obtenir un don de 500.000 livres d&rsquo;un citoyen am\u00e9ricain.\n<\/p>\n<p>\n Le reportage accuse ce m\u00eame collaborateur et un autre responsable du parti d&rsquo;avoir enfreint les r\u00e8gles \u00e9lectorales en faisant financer des sondages par une soci\u00e9t\u00e9 \u00e9trang\u00e8re. Ils ont tous deux d\u00e9missionn\u00e9 vendredi matin.\n<\/p>\n<p>\n \u00ab\u00a0Le parti n&rsquo;a rien fait de mal, il n&rsquo;a pris aucun argent ill\u00e9gal (&#8230;) je n&rsquo;ai enfreint aucune loi, d\u00e9tourn\u00e9 aucun fonds public\u00a0\u00bb, a martel\u00e9 le chef de Reform, d\u00e9non\u00e7ant un \u00ab\u00a0pi\u00e8ge\u00a0\u00bb devant ses partisans lev\u00e9s, qui redoublaient d&rsquo;applaudissements.\n<\/p>\n<p>\n Un peu plus t\u00f4t, il avait d\u00e9j\u00e0 fermement rejet\u00e9 les accusations, lors d&rsquo;une conf\u00e9rence de presse avec Jordan Bardella.\n<\/p>\n<p>\n Il a qualifi\u00e9 le reportage, r\u00e9alis\u00e9 par des journalistes d&rsquo;investigation de l&rsquo;organisation Verbatim, de \u00ab\u00a0canular\u00a0\u00bb orchestr\u00e9 par des \u00ab\u00a0militants d&rsquo;extr\u00eame gauche\u00a0\u00bb.\n<\/p>\n<p>\n Son discours \u00e0 Birmingham a \u00e9t\u00e9 retard\u00e9 de pr\u00e8s d&rsquo;une heure pour des raisons de s\u00e9curit\u00e9, puis interrompu \u00e0 plusieurs reprises par des personnes dans la salle, vivement rabrou\u00e9es par les partisans et promptement \u00e9vacu\u00e9es par la s\u00e9curit\u00e9.\n<\/p>\n<p>\n Des militants pour le climat, du groupe Climate Resistance, ont revendiqu\u00e9 les interruptions, selon l&rsquo;un deux qui en a parl\u00e9 sur Times Radio.\n<\/p>\n<p>\n Les repr\u00e9sentants du parti ont insist\u00e9 vendredi sur leur capacit\u00e9 \u00e0 exercer le pouvoir, pr\u00e9sentant des mesures qu&rsquo;un gouvernement Reform mettrait en \u0153uvre lors de ses 100 premiers jours, comme celle d'\u00a0\u00bbarr\u00eater les arriv\u00e9es de bateaux\u00a0\u00bb de migrants depuis la France.\n<\/p>\n<p>\n Lors de son intervention, Jordan Bardella a promis qu&rsquo;en cas d&rsquo;arriv\u00e9e \u00e0 la t\u00eate de l&rsquo;ex\u00e9cutif en 2027, il ferait \u00ab\u00a0tout ce qui est en son pouvoir pour que la France ne soit plus la porte d&rsquo;entr\u00e9e de l&rsquo;immigration clandestine vers le Royaume-Uni\u00a0\u00bb. Promesse mat\u00e9rialis\u00e9e par la signature, \u00e0 la tribune du congr\u00e8s, d&rsquo;un \u00ab\u00a0protocole d&rsquo;accord\u00a0\u00bb avec M. Farage.\n<\/p>\n<p> \u00ab\u00a0Chasse au sorcier\u00a0\u00bb<\/p>\n<p>\n Au Centre des congr\u00e8s de Birmingham, les sympathisants de Reform UK, portant maillot de football floqu\u00e9 Farage ou cravate turquoise aux couleurs du parti, ont serr\u00e9 les rangs derri\u00e8re leur champion.\n<\/p>\n<p>\n \u00ab\u00a0Son discours \u00e9tait tr\u00e8s bon, tr\u00e8s direct, tr\u00e8s encourageant\u00a0\u00bb, se r\u00e9jouit June Murray-Jenkins, militante de 63 ans, qui ne pense pas que la nouvelle pol\u00e9mique puisse entamer l&rsquo;ascension de Reform. \u00ab\u00a0C&rsquo;est toujours pareil (&#8230;) \u00e7a revient sans cesse\u00a0\u00bb, dit-elle.\n<\/p>\n<p>\n Son \u00e9poux Keith, 68 ans, d\u00e9nonce lui une \u00ab\u00a0chasse au sorcier\u00a0\u00bb contre Nigel Farage.\n<\/p>\n<p>        <img decoding=\"async\" src=\"https:\/\/www.europesays.com\/fr\/wp-content\/uploads\/2026\/09\/605a073d1b95cfc82475230b2e4bd5e5-760x462.jpg\" alt=\"Des d\u00e9l\u00e9gu\u00e9s assistent au deuxi\u00e8me jour du congr\u00e8s annuel du parti Reform UK \u00e0 Birmingham, dans le centre de l'Angleterre, le 4 septembre 2026 ( AFP \/ Paul ELLIS )\" loading=\"eager\" fetchpriority=\"high\" width=\"760\" height=\"462\" style=\"max-width: 100%!important; height: auto;\"\/><\/p>\n<p class=\"c-image-news__legend\">Des d\u00e9l\u00e9gu\u00e9s assistent au deuxi\u00e8me jour du congr\u00e8s annuel du parti Reform UK \u00e0 Birmingham, dans le centre de l&rsquo;Angleterre, le 4 septembre 2026 ( AFP \/ Paul ELLIS )<\/p>\n<p>\n Ces nouvelles accusations interviennent apr\u00e8s un \u00e9t\u00e9 difficile pour le patron de Reform. Il est vis\u00e9 par une enqu\u00eate parlementaire pour ne pas avoir d\u00e9clar\u00e9 un don de cinq millions de livres (5,7 millions d&rsquo;euros), re\u00e7u d&rsquo;un milliardaire peu avant son \u00e9lection comme d\u00e9put\u00e9 en 2024.\n<\/p>\n<p>\n Reform UK fait aussi l&rsquo;objet d&rsquo;une enqu\u00eate polici\u00e8re sur son financement.\n<\/p>\n<p>\n Nigel Farage a en juillet remis en jeu son si\u00e8ge de d\u00e9put\u00e9 dans la circonscription de Clacton, dans le sud-est de l&rsquo;Angleterre, affirmant voulant laisser les \u00e9lecteurs \u00ab\u00a0juges\u00a0\u00bb.\n<\/p>\n<p>\n Il a \u00e9t\u00e9 largement r\u00e9\u00e9lu. Mais le scrutin, boycott\u00e9 par tous les partis, a tourn\u00e9 \u00e0 la farce, son principal adversaire \u00e9tant un candidat fantaisiste.\n<\/p>\n<p>\n Un revers pour Farage, vainqueur des \u00e9lections locales de mai, qui ont contribu\u00e9 \u00e0 la chute en juillet du Premier ministre travailliste Keir Starmer, remplac\u00e9 par Andy Burnham.\n<\/p>\n<p>\n Ses d\u00e9boires ont profit\u00e9 au nouveau Premier ministre et au Labour, repass\u00e9 en t\u00eate dans les derniers sondages.\n<\/p>\n<p>\n Si les prochaines l\u00e9gislatives ne sont pas attendues avant 2029, plus des deux tiers des Britanniques jugent que Nigel Farage n&rsquo;est pas pr\u00eat \u00e0 devenir Premier ministre, selon une r\u00e9cente \u00e9tude Ipsos.<\/p>\n","protected":false},"excerpt":{"rendered":"Le leader du parti Reform UK, Nigel Farage, le 4 septembre 2026 \u00e0 Birmingham, au Royaume-Uni ( AFP&hellip;\n","protected":false},"author":2,"featured_media":1167801,"comment_status":"","ping_status":"","sticky":false,"template":"","format":"standard","meta":{"footnotes":"","_share_on_mastodon":"0"},"categories":[1588],"tags":[400,11,398,408,405,1777,674,403,402,399,404,12,473,1853,401,406,1851,1850,1852,407],"class_list":["post-1167800","post","type-post","status-publish","format-standard","has-post-thumbnail","category-royaume-uni","tag-action-cac-40","tag-actualites","tag-bourse-de-paris","tag-boursorama","tag-cotations","tag-eu","tag-europe","tag-indices-devises","tag-investir","tag-investissement","tag-marche-boursier","tag-news","tag-royaume-uni","tag-royaume-uni-de-grande-bretagne-et-dirlande-du-nord","tag-sicav","tag-trackers","tag-uk","tag-united-kingdom","tag-united-kingdom-of-great-britain-and-northern-ireland","tag-warrants"],"share_on_mastodon":{"url":"https:\/\/pubeurope.com\/@fr\/117215376609263235","error":""},"_links":{"self":[{"href":"https:\/\/www.europesays.com\/fr\/wp-json\/wp\/v2\/posts\/1167800","targetHints":{"allow":["GET"]}}],"collection":[{"href":"https:\/\/www.europesays.com\/fr\/wp-json\/wp\/v2\/posts"}],"about":[{"href":"https:\/\/www.europesays.com\/fr\/wp-json\/wp\/v2\/types\/post"}],"author":[{"embeddable":true,"href":"https:\/\/www.europesays.com\/fr\/wp-json\/wp\/v2\/users\/2"}],"replies":[{"embeddable":true,"href":"https:\/\/www.europesays.com\/fr\/wp-json\/wp\/v2\/comments?post=1167800"}],"version-history":[{"count":0,"href":"https:\/\/www.europesays.com\/fr\/wp-json\/wp\/v2\/posts\/1167800\/revisions"}],"wp:featuredmedia":[{"embeddable":true,"href":"https:\/\/www.europesays.com\/fr\/wp-json\/wp\/v2\/media\/1167801"}],"wp:attachment":[{"href":"https:\/\/www.europesays.com\/fr\/wp-json\/wp\/v2\/media?parent=1167800"}],"wp:term":[{"taxonomy":"category","embeddable":true,"href":"https:\/\/www.europesays.com\/fr\/wp-json\/wp\/v2\/categories?post=1167800"},{"taxonomy":"post_tag","embeddable":true,"href":"https:\/\/www.europesays.com\/fr\/wp-json\/wp\/v2\/tags?post=1167800"}],"curies":[{"name":"wp","href":"https:\/\/api.w.org\/{rel}","templated":true}]}}