{"id":1167808,"date":"2026-09-04T23:34:23","date_gmt":"2026-09-04T23:34:23","guid":{"rendered":"https:\/\/www.europesays.com\/fr\/1167808\/"},"modified":"2026-09-04T23:34:23","modified_gmt":"2026-09-04T23:34:23","slug":"ol-lyonnes-corrige-severement-fleury-pour-la-reprise-de-larkema-premiere-ligue","status":"publish","type":"post","link":"https:\/\/www.europesays.com\/fr\/1167808\/","title":{"rendered":"OL Lyonnes corrige s\u00e9v\u00e8rement Fleury pour la reprise de l&rsquo;Arkema Premi\u00e8re Ligue"},"content":{"rendered":"<p class=\"Paragraph__content\" data-v-fefe221a=\"\">Comme le dit l&rsquo;expression consacr\u00e9e, il ne fallait pas \u00eatre en retard pour la reprise de l&rsquo;Arkema Premi\u00e8re Ligue, ce vendredi soir, \u00e0 Bondoufle, o\u00f9 Fleury recevait OL Lyonnes, le tenant du titre. Apr\u00e8s seulement trois minutes de jeu, Tarciane, la d\u00e9fenseuse des Lyonnes, avait d\u00e9j\u00e0 marqu\u00e9 le premier but de la saison en Championnat \u00e0 la suite d&rsquo;un corner de Jule Brand qu&rsquo;elle a repris de la t\u00eate (0-1, 3e). Six minutes plus tard, Shana Chossenotte a \u00e9galis\u00e9 pour les Essonniennes (1-1, 9e), \u00e9galement de la t\u00eate, et a relanc\u00e9 un suspens. Ce dernier a dur\u00e9 exactement deux minutes, le temps pour Melchie Dumornay, trouv\u00e9e par Damaris Egurrola, de redonner l&rsquo;avantage aux visiteuses (1-2, 11e).<\/p>\n<p class=\"Paragraph__content\" data-v-fefe221a=\"\">Apr\u00e8s ce but, les Lyonnaises ont compl\u00e8tement d\u00e9roul\u00e9 m\u00eame si Louna Ribadeira a eu l&rsquo;occasion d&rsquo;\u00e9galiser et qu&rsquo;elle a but\u00e9 sur un Christiane Endler, capitaine en l&rsquo;absence de Wendie Renard, impeccable (22e). Servie par Lily Yohannes, Vicki Becho a centr\u00e9 fort devant le but de Katriina Talaslahti et pouss\u00e9 Lena Goetsch \u00e0 marquer contre son camp (28e, 1-3). Le calvaire de Fleury ne faisait que commencer. Endler a r\u00e9alis\u00e9 un bel arr\u00eat sur une frappe lointaine de Ketna Louis (31e) et dans la foul\u00e9e Becho, bien d\u00e9cal\u00e9e par Katoto, a tromp\u00e9 de nouveau Talaslahti (31e, 1-4).<\/p>\n<p>Un tripl\u00e9 pour Dumornay<\/p>\n<p class=\"Paragraph__content\" data-v-fefe221a=\"\">Puis Dumornay s&rsquo;est offert un doubl\u00e9 d&rsquo;une frappe puissante en lucarne \u00e0 la suite d&rsquo;un nouveau service d&rsquo;Egurrola (41e, 1-5). Les Fenottes sont m\u00eame rentr\u00e9es au vestiaire avec cinq buts d&rsquo;avance \u00e0 la pause puisque Dumornay a marqu\u00e9 un troisi\u00e8me but sur un service de Brand qui a d\u00e9livr\u00e9 sa deuxi\u00e8me passe d\u00e9cisive de la rencontre (45e + 2, 1-6). La milieu ha\u00eftienne, sortie \u00e0 la 63e pour c\u00e9der sa place \u00e0 Ada Hegerberg, a donc d\u00e9marr\u00e9 cette saison comme elle avait termin\u00e9 la pr\u00e9c\u00e9dente, en marquant un tripl\u00e9.<\/p>\n<p class=\"Paragraph__content\" data-v-fefe221a=\"\">L&rsquo;orage qui s&rsquo;est abattu sur les Floriacumoises s&rsquo;est calm\u00e9 durant vingt-cinq minutes au retour des vestiaires, mais Julie Swierot, entr\u00e9e \u00e0 la place d&rsquo;Egurrola, a voulu participer aux festivit\u00e9s et a tromp\u00e9 \u00e0 son tour la porti\u00e8re de Fleury d&rsquo;un joli lob (71e, 1-7). Malgr\u00e9 une ultime frappe non cadr\u00e9e de Katoto (90e + 1), la punition s&rsquo;est finalement arr\u00eat\u00e9e l\u00e0 pour les joueuses d&rsquo;Antoine Ponroy qui ont v\u00e9cu une rentr\u00e9e douloureuse.<\/p>\n<p class=\"Paragraph__content\" data-v-fefe221a=\"\">La premi\u00e8re journ\u00e9e se poursuivra ce samedi avec notamment le d\u00e9placement du PSG \u00e0 Lens (20 heures) ou encore la r\u00e9ception de Nantes par le Paris FC, dimanche (15 heures).<\/p>\n","protected":false},"excerpt":{"rendered":"Comme le dit l&rsquo;expression consacr\u00e9e, il ne fallait pas \u00eatre en retard pour la reprise de l&rsquo;Arkema Premi\u00e8re&hellip;\n","protected":false},"author":2,"featured_media":1167809,"comment_status":"","ping_status":"","sticky":false,"template":"","format":"standard","meta":{"footnotes":"","_share_on_mastodon":"0"},"categories":[2],"tags":[11,113526,20335,120384,120383,63,1011,27,87817,12,25,86796,105443,29249,90470],"class_list":["post-1167808","post","type-post","status-publish","format-standard","has-post-thumbnail","category-actualites","tag-actualites","tag-aller-1re-journe","tag-arkema-premiere-ligue","tag-fleury-f","tag-fleury-f-lyon-f","tag-football","tag-fr","tag-france","tag-lyon-f","tag-news","tag-republique-francaise","tag-resumes-et-cr","tag-saison-2026-2027","tag-sport-feminin","tag-syanie-dalmat"],"share_on_mastodon":{"url":"https:\/\/pubeurope.com\/@fr\/117215393677433480","error":""},"_links":{"self":[{"href":"https:\/\/www.europesays.com\/fr\/wp-json\/wp\/v2\/posts\/1167808","targetHints":{"allow":["GET"]}}],"collection":[{"href":"https:\/\/www.europesays.com\/fr\/wp-json\/wp\/v2\/posts"}],"about":[{"href":"https:\/\/www.europesays.com\/fr\/wp-json\/wp\/v2\/types\/post"}],"author":[{"embeddable":true,"href":"https:\/\/www.europesays.com\/fr\/wp-json\/wp\/v2\/users\/2"}],"replies":[{"embeddable":true,"href":"https:\/\/www.europesays.com\/fr\/wp-json\/wp\/v2\/comments?post=1167808"}],"version-history":[{"count":0,"href":"https:\/\/www.europesays.com\/fr\/wp-json\/wp\/v2\/posts\/1167808\/revisions"}],"wp:featuredmedia":[{"embeddable":true,"href":"https:\/\/www.europesays.com\/fr\/wp-json\/wp\/v2\/media\/1167809"}],"wp:attachment":[{"href":"https:\/\/www.europesays.com\/fr\/wp-json\/wp\/v2\/media?parent=1167808"}],"wp:term":[{"taxonomy":"category","embeddable":true,"href":"https:\/\/www.europesays.com\/fr\/wp-json\/wp\/v2\/categories?post=1167808"},{"taxonomy":"post_tag","embeddable":true,"href":"https:\/\/www.europesays.com\/fr\/wp-json\/wp\/v2\/tags?post=1167808"}],"curies":[{"name":"wp","href":"https:\/\/api.w.org\/{rel}","templated":true}]}}