{"id":1167817,"date":"2026-09-04T23:40:17","date_gmt":"2026-09-04T23:40:17","guid":{"rendered":"https:\/\/www.europesays.com\/fr\/1167817\/"},"modified":"2026-09-04T23:40:17","modified_gmt":"2026-09-04T23:40:17","slug":"finaliste-de-wimbledon-la-7e-mondiale-karolina-muchova-evincee-des-le-3e-tour-de-lus-open-par-emma-navarro-lequipe","status":"publish","type":"post","link":"https:\/\/www.europesays.com\/fr\/1167817\/","title":{"rendered":"Finaliste de Wimbledon, la 7e mondiale Karolina Muchova \u00e9vinc\u00e9e d\u00e8s le 3e tour de l&#039;US Open par Emma Navarro &#8211; L&#039;\u00c9quipe"},"content":{"rendered":"<ol>\n<li><a href=\"https:\/\/news.google.com\/rss\/articles\/CBMi7AFBVV95cUxOUnRqanExZWFNX255TlBSaVF0NkJzaUpYTERpaTNxd0FYSUgzREtpamppZHo3R3ZQdjZTblFDUGg2VjVPbjBPT1pqSzhEOFRPVDF5eVlVTHB3VWRDMjhJZVB2Snk1X0VURnJFaklqYnBfTXUzaEI5Y251Q2xkUy13M2JWRHR4cTZQaWkwUUVQclhUTnFDb1NmeXpPWFZXMkJiQmtOTTlJM3QwLUtUZk9fRXFwOTBPbm94VEdfTVRsejdfNWE3WkZOYnhXUHZOSjJwR1lDZ2JiOHEtWDhlVnNpNXlENnV0YzNyYkdUVw?oc=5\" target=\"_blank\" rel=\"nofollow noopener\">Finaliste de Wimbledon, la 7e mondiale Karolina Muchova \u00e9vinc\u00e9e d\u00e8s le 3e tour de l&rsquo;US Open par Emma Navarro<\/a>&nbsp;&nbsp;L&rsquo;\u00c9quipe<\/li>\n<li><a href=\"https:\/\/news.google.com\/rss\/articles\/CBMiwAFBVV95cUxOeTFyQlAtRXhnbm9LUTdxVmFPMGg3UXhteUliLS1rYkJtU29VWkFwVVhadVkyREcySUxrRy04akUwTFl2end4bzl1ZGQ2aWRRQUVBaWZtbk9RZktubXdDdjZJWVVXbUVfV0I5YmJNWjMyMDlsZlJaWGc2amZTZlZ5emkwaXJPMDFkbWthMklHNGxZc0J4bGE1OXNnN0ZLNG81ODFQV2lqN2U5ZHBqejRncGNkZUJ3eS1lMms3MXJIc0E?oc=5\" target=\"_blank\" rel=\"nofollow noopener\">US Open : finaliste de Wimbledon, Muchova \u00e9ject\u00e9e d\u00e8s le troisi\u00e8me tour<\/a>&nbsp;&nbsp;Le Figaro<\/li>\n<li><a href=\"https:\/\/news.google.com\/rss\/articles\/CBMi9AFBVV95cUxQSnRhWUhZbk0xR1owaXpHenNkWnZhM1l3Ml9MeXdjN2ttUGp5Y2s5OVdPNHdvaVNGUjdxM2N5RVFJNXBtbnRYNHZwNG85QWhwSjdJc1ZrcTU4ZFY1VjBobHV0eU9DYmRGNzBpUmxIWXQ0bjgtcDZMUlFCcUtNTUN6NVVRYlpFRFVzRkJDT0FxOWZYSF9aWGFqUkhKak93eXR2YWdqQzA2OHd3dmRBOGVOVnV6RW9TNUpBajVQNWRJZEF5N2dxaFMyWlpTN2t2Y3VnZGIwR21ITjFmbUxkaUhRek9VUDc3V0w5UW9XdGFQYXRFeG9W?oc=5\" target=\"_blank\" rel=\"nofollow noopener\">US Open : Emma Navarro reste concentr\u00e9e, s\u2019offre Karolina Muchova et rallie les huiti\u00e8mes de finale<\/a>&nbsp;&nbsp;Tennis World France<\/li>\n<li><a href=\"https:\/\/news.google.com\/rss\/articles\/CBMigwFBVV95cUxPTUZOUzZId3BWbzdvWjN6X21rVXdPYXZQTTVqWHN1SVJPbWRxcS0xMFdOc2k1QXVWb0VHNW9IbXRvR0xtMnhlZWhER3JCWDE3eEdFaV9NdVlQTS0zRzRPQ0ZGZC1nQ3l2LTVYUDhhTEJmRnVBNlhMVFE3X1IzMUFoQkVqbw?oc=5\" target=\"_blank\" rel=\"nofollow noopener\">Pronostic Emma Navarro &#8211; Karolina Muchova, WTA US Open &#8211; 04\/09\/2026<\/a>&nbsp;&nbsp;SportyTrader<\/li>\n<li><a href=\"https:\/\/news.google.com\/rss\/articles\/CBMiigFBVV95cUxORkphODNScmZDU0Z3eDdfZmdWallGWGlPQUNnYW9QUldJcnJIbGJKZV9LX3Z3WlliTGdNRUhnUTAzUWhWMFBWSGVka2xjYVprR29YTmFFWmlabUdYTHI0enpoeVRYQUxBTG1lV2Q0T0lSWUhSX01XNTd1U21hd2k3WnNkQnZwY2NlVmc?oc=5\" target=\"_blank\" rel=\"nofollow noopener\">Pronostic Emma Navarro &#8211; Karolina Muchova<\/a>&nbsp;&nbsp;RueDesJoueurs<\/li>\n<\/ol>\n","protected":false},"excerpt":{"rendered":"Finaliste de Wimbledon, la 7e mondiale Karolina Muchova \u00e9vinc\u00e9e d\u00e8s le 3e tour de l&rsquo;US Open par Emma&hellip;\n","protected":false},"author":2,"featured_media":1167818,"comment_status":"","ping_status":"","sticky":false,"template":"","format":"standard","meta":{"footnotes":"","_share_on_mastodon":"0"},"categories":[1415],"tags":[86798,10309,1011,27,42502,1833,60,1467,4172],"class_list":["post-1167817","post","type-post","status-publish","format-standard","has-post-thumbnail","category-tennis","tag-breves-et-depeches","tag-emma-navarro","tag-fr","tag-france","tag-karolina-muchova","tag-redaction","tag-sports","tag-tennis","tag-us-open"],"share_on_mastodon":{"url":"https:\/\/pubeurope.com\/@fr\/117215416989637138","error":""},"_links":{"self":[{"href":"https:\/\/www.europesays.com\/fr\/wp-json\/wp\/v2\/posts\/1167817","targetHints":{"allow":["GET"]}}],"collection":[{"href":"https:\/\/www.europesays.com\/fr\/wp-json\/wp\/v2\/posts"}],"about":[{"href":"https:\/\/www.europesays.com\/fr\/wp-json\/wp\/v2\/types\/post"}],"author":[{"embeddable":true,"href":"https:\/\/www.europesays.com\/fr\/wp-json\/wp\/v2\/users\/2"}],"replies":[{"embeddable":true,"href":"https:\/\/www.europesays.com\/fr\/wp-json\/wp\/v2\/comments?post=1167817"}],"version-history":[{"count":0,"href":"https:\/\/www.europesays.com\/fr\/wp-json\/wp\/v2\/posts\/1167817\/revisions"}],"wp:featuredmedia":[{"embeddable":true,"href":"https:\/\/www.europesays.com\/fr\/wp-json\/wp\/v2\/media\/1167818"}],"wp:attachment":[{"href":"https:\/\/www.europesays.com\/fr\/wp-json\/wp\/v2\/media?parent=1167817"}],"wp:term":[{"taxonomy":"category","embeddable":true,"href":"https:\/\/www.europesays.com\/fr\/wp-json\/wp\/v2\/categories?post=1167817"},{"taxonomy":"post_tag","embeddable":true,"href":"https:\/\/www.europesays.com\/fr\/wp-json\/wp\/v2\/tags?post=1167817"}],"curies":[{"name":"wp","href":"https:\/\/api.w.org\/{rel}","templated":true}]}}