{"id":1167819,"date":"2026-09-04T23:44:22","date_gmt":"2026-09-04T23:44:22","guid":{"rendered":"https:\/\/www.europesays.com\/fr\/1167819\/"},"modified":"2026-09-04T23:44:22","modified_gmt":"2026-09-04T23:44:22","slug":"un-leger-changement-de-date-pour-une-worldtour-en-2027-actualite","status":"publish","type":"post","link":"https:\/\/www.europesays.com\/fr\/1167819\/","title":{"rendered":"Un l\u00e9ger changement de date pour une WorldTour en 2027 &#8211; Actualit\u00e9"},"content":{"rendered":"<p dir=\"ltr\" style=\"text-align: justify;\">Initialement plac\u00e9e le 2 mai au moment o\u00f9 le calendrier WorldTour 2027 a \u00e9t\u00e9 d\u00e9voil\u00e9, la course allemande Eschborn-Frankfurt aura finalement lieu la veille, le samedi 1er mai.<\/p>\n<p dir=\"ltr\" style=\"text-align: justify;\">La demande a \u00e9t\u00e9 faite par l\u2019organisation afin de garder la date traditionnelle de la course remport\u00e9e cette ann\u00e9e par <strong><a href=\"https:\/\/www.directvelo.com\/epreuve\/48763\/eschborn-francfort-2026\" target=\"_blank\" rel=\"noopener nofollow\">l\u2019Allemand Georg Zimmermann<\/a><\/strong>.\u00a0<\/p>\n<p>Eschborn-Frankfurt se retrouve pour rappel face \u00e0 une autre \u00e9preuve du WorldTour, le Tour de Romandie qui se disputera du 27 avril au 2 mai 2027. <\/p>\n<p>Retrouvez le calendrier WorldTour 2027 <strong><a href=\"https:\/\/www.directvelo.com\/actualite\/129391\/worldtour-hommes-le-calendrier-2027\" target=\"_blank\" rel=\"noopener nofollow\">en cliquant ici<\/a><\/strong>.<\/p>\n","protected":false},"excerpt":{"rendered":"Initialement plac\u00e9e le 2 mai au moment o\u00f9 le calendrier WorldTour 2027 a \u00e9t\u00e9 d\u00e9voil\u00e9, la course allemande&hellip;\n","protected":false},"author":2,"featured_media":1167820,"comment_status":"","ping_status":"","sticky":false,"template":"","format":"standard","meta":{"footnotes":"","_share_on_mastodon":"0"},"categories":[1411],"tags":[834,828,836,829,837,827,83,826,824,823,1154,207,814,817,815,816,822,821,832,211,839,1011,27,820,818,819,835,831,830,833,838,60,212,208,825],"class_list":["post-1167819","post","type-post","status-publish","format-standard","has-post-thumbnail","category-cyclisme","tag-attaque","tag-belgique","tag-braquet","tag-bretagne","tag-chute","tag-competition","tag-coupe-de-france","tag-coureur","tag-course-cyclisme","tag-course-cycliste","tag-cycling","tag-cyclisme","tag-direct","tag-direct-velo","tag-directvelo","tag-directvelo-com","tag-epreuve","tag-epreuve-cycliste","tag-federation-francaise-de-cyclisme","tag-ffc","tag-flandres","tag-fr","tag-france","tag-live","tag-live-course","tag-live-epreuve","tag-peloton","tag-radio-peloton","tag-radio-tour","tag-ravitaillement","tag-relance","tag-sports","tag-uci","tag-velo","tag-velos"],"share_on_mastodon":{"url":"https:\/\/pubeurope.com\/@fr\/117215432826096987","error":""},"_links":{"self":[{"href":"https:\/\/www.europesays.com\/fr\/wp-json\/wp\/v2\/posts\/1167819","targetHints":{"allow":["GET"]}}],"collection":[{"href":"https:\/\/www.europesays.com\/fr\/wp-json\/wp\/v2\/posts"}],"about":[{"href":"https:\/\/www.europesays.com\/fr\/wp-json\/wp\/v2\/types\/post"}],"author":[{"embeddable":true,"href":"https:\/\/www.europesays.com\/fr\/wp-json\/wp\/v2\/users\/2"}],"replies":[{"embeddable":true,"href":"https:\/\/www.europesays.com\/fr\/wp-json\/wp\/v2\/comments?post=1167819"}],"version-history":[{"count":0,"href":"https:\/\/www.europesays.com\/fr\/wp-json\/wp\/v2\/posts\/1167819\/revisions"}],"wp:featuredmedia":[{"embeddable":true,"href":"https:\/\/www.europesays.com\/fr\/wp-json\/wp\/v2\/media\/1167820"}],"wp:attachment":[{"href":"https:\/\/www.europesays.com\/fr\/wp-json\/wp\/v2\/media?parent=1167819"}],"wp:term":[{"taxonomy":"category","embeddable":true,"href":"https:\/\/www.europesays.com\/fr\/wp-json\/wp\/v2\/categories?post=1167819"},{"taxonomy":"post_tag","embeddable":true,"href":"https:\/\/www.europesays.com\/fr\/wp-json\/wp\/v2\/tags?post=1167819"}],"curies":[{"name":"wp","href":"https:\/\/api.w.org\/{rel}","templated":true}]}}