{"id":116783,"date":"2025-05-21T11:54:52","date_gmt":"2025-05-21T11:54:52","guid":{"rendered":"https:\/\/www.europesays.com\/fr\/116783\/"},"modified":"2025-05-21T11:54:52","modified_gmt":"2025-05-21T11:54:52","slug":"les-agriculteurs-ont-denonce-la-concurrence-deloyale-dans-un-hypermarche","status":"publish","type":"post","link":"https:\/\/www.europesays.com\/fr\/116783\/","title":{"rendered":"les agriculteurs ont d\u00e9nonc\u00e9 la \u00ab\u00a0concurrence d\u00e9loyale\u00a0\u00bb dans un hypermarch\u00e9"},"content":{"rendered":"<p>            Par<br \/>\n        <strong><br \/>\n            <a href=\"https:\/\/actu.fr\/auteur\/tristan-mahe-actu-fr\" title=\"Consulter tous les articles de Tristan Mah\u00e9\" target=\"_blank\" rel=\"noopener\">Tristan Mah\u00e9<\/a><br \/>\n        <\/strong><\/p>\n<p>        Publi\u00e9 le<\/p>\n<p>            20 mai 2025 \u00e0 18h13        <\/p>\n<p>C\u2019est d\u2019un pas d\u00e9termin\u00e9 qu\u2019une troupe d\u2019une douzaine de mara\u00eechers entre dans le Carrefour de la Beaujoire, ce mardi 20\u00a0mai. Leurs revendications sont simples\u2009: <strong>que les distributeurs et les pouvoirs publics agissent pour r\u00e9\u00e9quilibrer le march\u00e9<\/strong>.<\/p>\n<p class=\" wall-content\">Arriv\u00e9s au rayon des tomates, ils y hissent des drapeaux de la <a href=\"https:\/\/www.facebook.com\/FNSEA44\/\" target=\"_blank\" rel=\"noopener\">FNSEA 44<\/a>, et collent des stickers sur lesquels on peut lire \u201cmarge abusive\u201d, ou encore \u201cprovenance Maroc\u201d.<\/p>\n<p>\u00ab\u00a0Il faut sensibiliser le public\u00a0\u00bb<\/p>\n<p class=\" wall-content\">Olivier, ouvrier dans la production de tomates \u00e0 <a href=\"https:\/\/actu.fr\/pays-de-la-loire\/haute-goulaine_44071\" target=\"_blank\" rel=\"noopener\">Haute-Goulaine<\/a>, d\u00e9plore l\u2019<strong>in\u00e9galit\u00e9 des charges<\/strong> impos\u00e9es au secteur agricole selon les pays. \u00ab\u2009On produit bien assez, surtout dans la r\u00e9gion. Mais les produits marocains sont moins chers et plus mis en avant\u2026\u2009\u00bb, explique-t-il.<\/p>\n<p class=\" wall-content\">Car l\u00e0 o\u00f9 les barquettes de tomates cerises marocaines sont \u00e0 moins d\u2019un euro, celles de la r\u00e9gion d\u00e9passent cinq euros. Pour certaines r\u00e9f\u00e9rences, il y a m\u00eame plus de <strong>70\u2009% de la production qui vient de l\u2019\u00e9tranger<\/strong>.<\/p>\n<p>    <img   decoding=\"async\" loading=\"lazy\" src=\"https:\/\/www.europesays.com\/fr\/wp-content\/uploads\/2025\/05\/fnsea-drapeau-manifestation-tomates-960x640.jpg\" alt=\"Le collectif a coll\u00e9 des vignettes pour d\u00e9noncer les marges abusives des grandes enseignes sur les produits locaux.\" width=\"960\" height=\"640\"\/><br \/>\n    Le collectif a coll\u00e9 des vignettes pour d\u00e9noncer les marges abusives des grandes enseignes sur les produits locaux. (\u00a9Tristan Mah\u00e9 \/ actu Nantes)Vid\u00e9os : en ce moment sur Actu<\/p>\n<p class=\" wall-content\">\u00ab\u2009C\u2019est compr\u00e9hensible de regarder les prix les plus bas quand on fait ses courses, mais on emploie au local, et le prix de la main-d\u2019\u0153uvre n\u2019est pas du tout le m\u00eame. C\u2019est de la <strong>concurrence d\u00e9loyale<\/strong>.\u2009\u00bb, d\u00e9plore Thomas, un confr\u00e8re mara\u00eecher de <a href=\"https:\/\/actu.fr\/pays-de-la-loire\/saint-julien-de-concelles_44169\" target=\"_blank\" rel=\"noopener\">Saint-Julien-de-Concelles<\/a>. Bien que cela \u00ab\u2009d\u00e9pende des saisons et des enseignes\u2009\u00bb, un volume consid\u00e9rable de produits finis invendu.<\/p>\n<p class=\" wall-content\">Patricia, une cliente passant faire ses courses, comprend totalement l\u2019action de producteurs\u2009: \u00ab\u2009La France est un vrai jardin qui pourrait nourrir toute sa population. Il faut <strong>sensibiliser le public<\/strong>.\u2009\u00bb<\/p>\n<p class=\" wall-content\">Suivez toute l\u2019actualit\u00e9 de vos villes et m\u00e9dias favoris en vous inscrivant \u00e0 <a href=\"https:\/\/moncompte.actu.fr\" title=\"D\u00e9couvez Mon Actu\" rel=\"nofollow noopener\" data-trk=\"{&quot;cta&quot;:{&quot;action&quot;:&quot;https:\\\/\\\/moncompte.actu.fr&quot;,&quot;category&quot;:&quot;mon compte&quot;,&quot;from&quot;:&quot;article footer&quot;,&quot;name&quot;:&quot;Mon actu&quot;,&quot;type&quot;:&quot;cta&quot;}}\" target=\"_blank\">Mon Actu<\/a>.<\/p>\n","protected":false},"excerpt":{"rendered":"Par Tristan Mah\u00e9 Publi\u00e9 le 20 mai 2025 \u00e0 18h13 C\u2019est d\u2019un pas d\u00e9termin\u00e9 qu\u2019une troupe d\u2019une douzaine&hellip;\n","protected":false},"author":2,"featured_media":116784,"comment_status":"","ping_status":"","sticky":false,"template":"","format":"standard","meta":{"footnotes":""},"categories":[2818],"tags":[1111,11,327,4304,1777,674,1011,27,23719,766,12,2636,25,104],"class_list":{"0":"post-116783","1":"post","2":"type-post","3":"status-publish","4":"format-standard","5":"has-post-thumbnail","7":"category-nantes","8":"tag-actu","9":"tag-actualites","10":"tag-agriculture","11":"tag-carrefour","12":"tag-eu","13":"tag-europe","14":"tag-fr","15":"tag-france","16":"tag-maraichage","17":"tag-nantes","18":"tag-news","19":"tag-pays-de-la-loire","20":"tag-republique-francaise","21":"tag-societe"},"share_on_mastodon":{"url":"https:\/\/pubeurope.com\/@fr\/114545696865405909","error":""},"_links":{"self":[{"href":"https:\/\/www.europesays.com\/fr\/wp-json\/wp\/v2\/posts\/116783","targetHints":{"allow":["GET"]}}],"collection":[{"href":"https:\/\/www.europesays.com\/fr\/wp-json\/wp\/v2\/posts"}],"about":[{"href":"https:\/\/www.europesays.com\/fr\/wp-json\/wp\/v2\/types\/post"}],"author":[{"embeddable":true,"href":"https:\/\/www.europesays.com\/fr\/wp-json\/wp\/v2\/users\/2"}],"replies":[{"embeddable":true,"href":"https:\/\/www.europesays.com\/fr\/wp-json\/wp\/v2\/comments?post=116783"}],"version-history":[{"count":0,"href":"https:\/\/www.europesays.com\/fr\/wp-json\/wp\/v2\/posts\/116783\/revisions"}],"wp:featuredmedia":[{"embeddable":true,"href":"https:\/\/www.europesays.com\/fr\/wp-json\/wp\/v2\/media\/116784"}],"wp:attachment":[{"href":"https:\/\/www.europesays.com\/fr\/wp-json\/wp\/v2\/media?parent=116783"}],"wp:term":[{"taxonomy":"category","embeddable":true,"href":"https:\/\/www.europesays.com\/fr\/wp-json\/wp\/v2\/categories?post=116783"},{"taxonomy":"post_tag","embeddable":true,"href":"https:\/\/www.europesays.com\/fr\/wp-json\/wp\/v2\/tags?post=116783"}],"curies":[{"name":"wp","href":"https:\/\/api.w.org\/{rel}","templated":true}]}}