{"id":1167837,"date":"2026-09-04T23:56:17","date_gmt":"2026-09-04T23:56:17","guid":{"rendered":"https:\/\/www.europesays.com\/fr\/1167837\/"},"modified":"2026-09-04T23:56:17","modified_gmt":"2026-09-04T23:56:17","slug":"panique-des-chercheurs-architecture-opaque-capacites-demesurees-ce-quil-faut-savoir-sur-astra-la-nouvelle-ia-qui-nous-fait-entrer-dans-lere-de-la-superintelligence","status":"publish","type":"post","link":"https:\/\/www.europesays.com\/fr\/1167837\/","title":{"rendered":"Panique des chercheurs, architecture opaque, capacit\u00e9s d\u00e9mesur\u00e9es\u00a0: ce qu\u2019il faut savoir sur Astra, la nouvelle IA qui nous fait \u00abentrer dans l\u2019\u00e8re de la superintelligence\u00bb"},"content":{"rendered":"<p>\n    <strong>D\u00c9CRYPTAGE <\/strong>&#8211; Capable d\u2019utiliser seul votre ordinateur, le nouveau mod\u00e8le d\u2019OpenAI est pr\u00e9sent\u00e9 comme \u00e9tant \u00able plus align\u00e9\u00bb \u00e0 ce jour. Et ce, malgr\u00e9 l\u2019inqui\u00e9tude de certains experts, qui qualifient Astra de \u00abpire \u00e9volution jamais observ\u00e9e en mati\u00e8re de s\u00fbret\u00e9 de l\u2019IA\u00bb.<\/p>\n<p class=\"fig-paragraph\">Certains pointent d\u00e9j\u00e0 une \u00abr\u00e9volution\u00bb. D\u2019autres, plus sceptiques, craignent qu\u2019elle n\u2019entra\u00eene une \u00abcatastrophe\u00bb. La nouvelle\u00a0<a href=\"http:\/\/www.lefigaro.fr\/secteur\/high-tech\/allah-nous-a-aides-l-ia-nous-aidera-aussi-l-intelligence-artificielle-nouvelle-obsession-des-groupes-terroristes-20260715\" target=\"_blank\" data-fig-type=\"NewsFlash\" rel=\"noopener nofollow\" data-gtm-custom-categorie=\"navigation\" data-gtm-custom-action=\"crossclick\" data-gtm-custom-label=\"Contextuel\" data-gtm-event=\"customEventSPE\" data-fig-domain=\"LEFIGARO\">intelligence artificielle<\/a>\u00a0d\u2019<a href=\"http:\/\/www.lefigaro.fr\/secteur\/high-tech\/nous-ne-sommes-pas-prets-a-ce-qui-va-suivre-les-puissants-modeles-d-openai-et-anthropic-une-menace-sans-precedent-pour-la-cybersecurite-mondiale-20260904\" target=\"_blank\" data-fig-type=\"Article\" rel=\"noopener nofollow\" data-gtm-custom-categorie=\"navigation\" data-gtm-custom-action=\"crossclick\" data-gtm-custom-label=\"Contextuel\" data-gtm-event=\"customEventSPE\" data-fig-domain=\"LEFIGARO\">OpenAI<\/a>, GPT-6 Astra, a officiellement \u00e9t\u00e9 lanc\u00e9e ce vendredi, apr\u00e8s avoir \u00e9t\u00e9 d\u00e9voil\u00e9e en grande pompe par la firme californienne jeudi soir.<\/p>\n<p class=\"fig-paragraph\">Dans une vid\u00e9o spectaculaire devenue tr\u00e8s rapidement virale, l\u2019entreprise pr\u00e9sente son mod\u00e8le comme \u00e9tant capable de prendre le contr\u00f4le total de votre\u00a0<a href=\"http:\/\/www.lefigaro.fr\/conso\/peluches-interactives-faux-ordinateur-les-jouets-sous-ia-debarquent-prudemment-dans-les-catalogues-de-noel-20260904\" target=\"_blank\" data-fig-type=\"NewsFlash\" rel=\"noopener nofollow\" data-gtm-custom-categorie=\"navigation\" data-gtm-custom-action=\"crossclick\" data-gtm-custom-label=\"Contextuel\" data-gtm-event=\"customEventSPE\" data-fig-domain=\"LEFIGARO\">ordinateur<\/a>, et de r\u00e9aliser toutes vos t\u00e2ches \u00e0 votre place, de mani\u00e8re totalement autonome. Astra peut donc naviguer sur Internet de lui-m\u00eame, remplir des d\u00e9clarations fiscales avec vos donn\u00e9es, prendre des rendez-vous en votre nom, cr\u00e9er et tester un site internet, d\u00e9velopper un jeu vid\u00e9o, diagnostiquer vos probl\u00e8mes informatiques&#8230;<\/p>\n<p class=\"fig-paragraph\">Mais l\u00e0 o\u00f9 le mod\u00e8le d\u2019OpenAI impressionne, c\u2019est que vous n\u2019aurez plus besoin de lui donner une succession d\u2019instructions, comme nous le faisons actuellement avec les autres mod\u00e8les d\u2019IA, pour qu\u2019il accomplisse ses\u2026<\/p>\n<p class=\"fig-premium-paywall__infos\">\n        Cet article est r\u00e9serv\u00e9 aux abonn\u00e9s.        Il vous reste 90% \u00e0 d\u00e9couvrir.\n    <\/p>\n<p>                <img  data- alt=\"Le Figaro\" class=\"fig-img--complete fig-img\"\/><\/p>\n<p class=\"fig-premium-paywall__title\">Vente Flash<\/p>\n<p class=\"fig-premium-paywall__subtitle\">-70% sur votre abonnement. Sans engagement.<\/p>\n<p class=\"fig-premium-paywall__connect\">\n                D\u00e9j\u00e0 abonn\u00e9\u00a0?                <a class=\"fig-premium-paywall__connect-link\" href=\"https:\/\/connect.lefigaro.fr\/login?client=horizon_web&amp;type=main&amp;redirect_uri=https%3A%2F%2Fwww.lefigaro.fr%2Fsecteur%2Fhigh-tech%2Fpanique-des-chercheurs-architecture-opaque-capacites-demesurees-ce-qu-il-faut-savoir-sur-astra-la-nouvelle-ia-qui-nous-fait-entrer-dans-l-ere-de-la-superintelligence-20260904\" data-js-gtm=\"{&quot;event&quot;:&quot;customEventGA4&quot;,&quot;eventName&quot;:&quot;click_action&quot;,&quot;feature&quot;:&quot;paywall&quot;,&quot;location&quot;:&quot;paywall&quot;,&quot;button_action&quot;:&quot;connect&quot;,&quot;click_text&quot;:&quot;Connectez-vous&quot;}\" rel=\"nofollow noopener\" target=\"_blank\"><br \/>\n                    Connectez-vous<br \/>\n                <\/a>\n            <\/p>\n","protected":false},"excerpt":{"rendered":"D\u00c9CRYPTAGE &#8211; Capable d\u2019utiliser seul votre ordinateur, le nouveau mod\u00e8le d\u2019OpenAI est pr\u00e9sent\u00e9 comme \u00e9tant \u00able plus align\u00e9\u00bb&hellip;\n","protected":false},"author":2,"featured_media":1167838,"comment_status":"","ping_status":"","sticky":false,"template":"","format":"standard","meta":{"footnotes":"","_share_on_mastodon":"0"},"categories":[7],"tags":[1011,27,223,143,43,40,41,39,42,44],"class_list":["post-1167837","post","type-post","status-publish","format-standard","has-post-thumbnail","category-sciences-et-technologies","tag-fr","tag-france","tag-intelligence-artificielle","tag-openai","tag-science","tag-science-and-technology","tag-sciences","tag-sciences-et-technologies","tag-technologies","tag-technology"],"share_on_mastodon":{"url":"https:\/\/pubeurope.com\/@fr\/117215480157223560","error":""},"_links":{"self":[{"href":"https:\/\/www.europesays.com\/fr\/wp-json\/wp\/v2\/posts\/1167837","targetHints":{"allow":["GET"]}}],"collection":[{"href":"https:\/\/www.europesays.com\/fr\/wp-json\/wp\/v2\/posts"}],"about":[{"href":"https:\/\/www.europesays.com\/fr\/wp-json\/wp\/v2\/types\/post"}],"author":[{"embeddable":true,"href":"https:\/\/www.europesays.com\/fr\/wp-json\/wp\/v2\/users\/2"}],"replies":[{"embeddable":true,"href":"https:\/\/www.europesays.com\/fr\/wp-json\/wp\/v2\/comments?post=1167837"}],"version-history":[{"count":0,"href":"https:\/\/www.europesays.com\/fr\/wp-json\/wp\/v2\/posts\/1167837\/revisions"}],"wp:featuredmedia":[{"embeddable":true,"href":"https:\/\/www.europesays.com\/fr\/wp-json\/wp\/v2\/media\/1167838"}],"wp:attachment":[{"href":"https:\/\/www.europesays.com\/fr\/wp-json\/wp\/v2\/media?parent=1167837"}],"wp:term":[{"taxonomy":"category","embeddable":true,"href":"https:\/\/www.europesays.com\/fr\/wp-json\/wp\/v2\/categories?post=1167837"},{"taxonomy":"post_tag","embeddable":true,"href":"https:\/\/www.europesays.com\/fr\/wp-json\/wp\/v2\/tags?post=1167837"}],"curies":[{"name":"wp","href":"https:\/\/api.w.org\/{rel}","templated":true}]}}