{"id":1167841,"date":"2026-09-04T23:58:17","date_gmt":"2026-09-04T23:58:17","guid":{"rendered":"https:\/\/www.europesays.com\/fr\/1167841\/"},"modified":"2026-09-04T23:58:17","modified_gmt":"2026-09-04T23:58:17","slug":"guerre-en-iran-cest-de-la-gnognotte-pour-nous-affirme-donald-trump","status":"publish","type":"post","link":"https:\/\/www.europesays.com\/fr\/1167841\/","title":{"rendered":"Guerre en Iran : \u00abC&rsquo;est de la \u201cgnognotte\u201d pour nous\u00bb, affirme Donald Trump"},"content":{"rendered":"<p>\n    Comme son vice-pr\u00e9sident jeudi, Donald Trump a cherch\u00e9 \u00e0 minimiser l\u2019impact pour les \u00c9tats-Unis de la guerre en Iran \u00e0 l\u2019approche des \u00e9lections l\u00e9gislatives cruciales de mi-mandat.<\/p>\n<p class=\"fig-paragraph\">Donald Trump a cherch\u00e9 vendredi \u00e0 minimiser l&rsquo;impact pour les\u00a0<a href=\"http:\/\/www.lefigaro.fr\/international\/etats-unis-l-agence-de-securite-routiere-ouvre-une-enquete-sur-le-cybercab-de-tesla-20260904\" data-fig-type=\"NewsFlash\" data-gtm-custom-categorie=\"navigation\" data-gtm-custom-action=\"crossclick\" data-gtm-custom-label=\"Contextuel\" data-gtm-event=\"customEventSPE\" data-fig-domain=\"LEFIGARO\" rel=\"nofollow noopener\" target=\"_blank\">\u00c9tats-Unis<\/a>\u00a0de la guerre en Iran \u00e0 l&rsquo;approche des \u00e9lections l\u00e9gislatives cruciales de mi-mandat. \u00abBeaucoup de gens n&rsquo;appellent pas \u00e7a une guerre. Je dis que c&rsquo;est un conflit militaire, parce que c&rsquo;est de la gnognotte pour nous. Ce n&rsquo;est pas un gros truc. On a fait le Venezuela et on a fait \u00e7a\u00bb, a-t-il r\u00e9pondu aux journalistes dans le Bureau ovale, interrog\u00e9 \u00e0 propos de son vice-pr\u00e9sident\u00a0<a href=\"http:\/\/www.lefigaro.fr\/flash-actu\/je-n-appellerais-pas-ca-une-guerre-jd-vance-minimise-le-conflit-avec-l-iran-20260903\" data-fig-type=\"NewsFlash\" data-gtm-custom-categorie=\"navigation\" data-gtm-custom-action=\"crossclick\" data-gtm-custom-label=\"Contextuel\" data-gtm-event=\"customEventSPE\" data-fig-domain=\"LEFIGARO\" rel=\"nofollow noopener\" target=\"_blank\">JD Vance<\/a>, qui avait dit ne pas vouloir d\u00e9crire le conflit comme une guerre la veille.<\/p>\n<p class=\"fig-paragraph\">Apr\u00e8s un mois d\u2019accalmie, les affrontements entre Washington et T\u00e9h\u00e9ran ont repris dimanche \u00e0 l\u2019initiative de l\u2019arm\u00e9e am\u00e9ricaine, qui a dit vouloir emp\u00eacher des roquettes charg\u00e9es de mines marines d\u2019\u00eatre tir\u00e9es dans le strat\u00e9gique d\u00e9troit d\u2019Ormuz. T\u00e9h\u00e9ran a r\u00e9pondu en ciblant ses voisins du Golfe, comme depuis le d\u00e9but du conflit d\u00e9clench\u00e9 par une offensive am\u00e9ricano-isra\u00e9lienne fin f\u00e9vrier.<\/p>\n<p>                                            <a class=\"fig-a11y-skip\" href=\"#fig-a11y-skip-main-inarticle\" is=\"fig-a11y-skip\" data-trigger-mode=\"visible-once\"><br \/>\n    Passer la publicit\u00e9<br \/>\n<\/a>            <\/p>\n<p>                                            <strong>\u00abCe que nous avons accompli est remarquable\u00bb<\/strong><\/p>\n<p class=\"fig-paragraph\"><strong>A<\/strong>lors que la flamb\u00e9e des prix du carburant li\u00e9e \u00e0 la guerre menace de co\u00fbter aux r\u00e9publicains de Donald Trump leur majorit\u00e9 au Congr\u00e8s lors des \u00e9lections de mi-mandat en novembre, son administration s\u2019efforce de minimiser le conflit. Selon le pr\u00e9sident, les \u00c9tats-Unis m\u00e8nent des \u00abfrappes ponctuelles\u00bb, assurant \u00abne pas \u00eatre actuellement en train de se battre\u00bb. Il a \u00e9galement affirm\u00e9 qu\u2019ils contr\u00f4laient le d\u00e9troit d\u2019Ormuz et avaient d\u00e9cim\u00e9 les forces arm\u00e9es iraniennes.<\/p>\n<p class=\"fig-paragraph\">\u00abCe que nous avons accompli est remarquable. Nous avons pris le contr\u00f4le du Venezuela et nous avons, pour l\u2019essentiel, pris le contr\u00f4le de l\u2019Iran\u00bb, a-t-il d\u00e9clar\u00e9. Interrog\u00e9 sur le terme \u00abgnognotte\u00bb, alors que 18 militaires am\u00e9ricains ont trouv\u00e9 la mort dans ce conflit, Donald Trump, de plus en plus agac\u00e9, a compar\u00e9 la guerre en Iran \u00e0 celles men\u00e9es par les \u00c9tats-Unis au Vietnam et en Afghanistan. \u00abJe ne pense pas que la mani\u00e8re dont on l\u2019appelle soit importante. Ce qui l\u2019est, c\u2019est que nous avons eu beaucoup de succ\u00e8s. Nous avons emp\u00each\u00e9 l\u2019Iran de se doter de l\u2019arme nucl\u00e9aire\u00bb, a-t-il soutenu.<\/p>\n","protected":false},"excerpt":{"rendered":"Comme son vice-pr\u00e9sident jeudi, Donald Trump a cherch\u00e9 \u00e0 minimiser l\u2019impact pour les \u00c9tats-Unis de la guerre en&hellip;\n","protected":false},"author":2,"featured_media":1167842,"comment_status":"","ping_status":"","sticky":false,"template":"","format":"standard","meta":{"footnotes":"","_share_on_mastodon":"0"},"categories":[5],"tags":[11,75,1011,27,85394,14,12,28],"class_list":["post-1167841","post","type-post","status-publish","format-standard","has-post-thumbnail","category-international","tag-actualites","tag-donald-trump","tag-fr","tag-france","tag-guerre-en-iran","tag-international","tag-news","tag-world"],"share_on_mastodon":{"url":"https:\/\/pubeurope.com\/@fr\/117215487933579612","error":""},"_links":{"self":[{"href":"https:\/\/www.europesays.com\/fr\/wp-json\/wp\/v2\/posts\/1167841","targetHints":{"allow":["GET"]}}],"collection":[{"href":"https:\/\/www.europesays.com\/fr\/wp-json\/wp\/v2\/posts"}],"about":[{"href":"https:\/\/www.europesays.com\/fr\/wp-json\/wp\/v2\/types\/post"}],"author":[{"embeddable":true,"href":"https:\/\/www.europesays.com\/fr\/wp-json\/wp\/v2\/users\/2"}],"replies":[{"embeddable":true,"href":"https:\/\/www.europesays.com\/fr\/wp-json\/wp\/v2\/comments?post=1167841"}],"version-history":[{"count":0,"href":"https:\/\/www.europesays.com\/fr\/wp-json\/wp\/v2\/posts\/1167841\/revisions"}],"wp:featuredmedia":[{"embeddable":true,"href":"https:\/\/www.europesays.com\/fr\/wp-json\/wp\/v2\/media\/1167842"}],"wp:attachment":[{"href":"https:\/\/www.europesays.com\/fr\/wp-json\/wp\/v2\/media?parent=1167841"}],"wp:term":[{"taxonomy":"category","embeddable":true,"href":"https:\/\/www.europesays.com\/fr\/wp-json\/wp\/v2\/categories?post=1167841"},{"taxonomy":"post_tag","embeddable":true,"href":"https:\/\/www.europesays.com\/fr\/wp-json\/wp\/v2\/tags?post=1167841"}],"curies":[{"name":"wp","href":"https:\/\/api.w.org\/{rel}","templated":true}]}}