{"id":1167843,"date":"2026-09-04T23:59:20","date_gmt":"2026-09-04T23:59:20","guid":{"rendered":"https:\/\/www.europesays.com\/fr\/1167843\/"},"modified":"2026-09-04T23:59:20","modified_gmt":"2026-09-04T23:59:20","slug":"vosges-quatre-hommes-condamnes-pour-avoir-vole-le-cuivre-des-canons-a-neige","status":"publish","type":"post","link":"https:\/\/www.europesays.com\/fr\/1167843\/","title":{"rendered":"Vosges\u00a0: Quatre hommes condamn\u00e9s pour avoir vol\u00e9 le cuivre des canons \u00e0 neige"},"content":{"rendered":"<p>La revente du <a href=\"https:\/\/www.20minutes.fr\/societe\/cuivre\/\" target=\"_blank\" class=\"c-link c-link--is-underlined\" rel=\"nofollow noopener\">cuivre<\/a> a conduit quatre hommes devant la justice. Ils ont \u00e9t\u00e9 condamn\u00e9s vendredi 4\u00a0septembre apr\u00e8s une s\u00e9rie de vols de c\u00e2bles reliant les canons \u00e0 neige de la station de ski de La Bresse-Hohneck, dans les <a href=\"https:\/\/www.20minutes.fr\/dossier\/vosges\" target=\"_blank\" class=\"c-link c-link--is-underlined\" rel=\"nofollow noopener\">Vosges<\/a>, a annonc\u00e9 le procureur de la R\u00e9publique d\u2019Epinal, Fr\u00e9d\u00e9ric Nahon.<\/p>\n<p>Entre le 22\u00a0juillet et le 26\u00a0ao\u00fbt, la <a href=\"https:\/\/www.20minutes.fr\/dossier\/station_de_ski\" target=\"_blank\" class=\"c-link c-link--is-underlined\" rel=\"nofollow noopener\">station<\/a> avait \u00e9t\u00e9 cibl\u00e9e \u00e0 quatre reprises. Les vols portaient sur des c\u00e2bles de cuivre reliant les installations de canons \u00e0 neige sur les pistes. Plac\u00e9s sous surveillance, les suspects ont \u00e9t\u00e9 interpell\u00e9s par les gendarmes lors d\u2019une nouvelle tentative dans la nuit du 1er au 2\u00a0septembre. En <a href=\"https:\/\/www.20minutes.fr\/dossier\/garde_a_vue\" target=\"_blank\" class=\"c-link c-link--is-underlined\" rel=\"nofollow noopener\">garde \u00e0 vue<\/a>, ils ont tous \u00ab\u00a0int\u00e9gralement reconnu\u00a0\u00bb les faits, motiv\u00e9s selon eux par \u00ab\u00a0l\u2019int\u00e9r\u00eat financier que repr\u00e9sente la revente du cuivre\u00a0\u00bb.<\/p>\n<\/p>\n<p>Ils auraient vol\u00e9 pr\u00e8s de 800\u00a0kg vol\u00e9s<\/p>\n<p>Au total, 800\u00a0kg de c\u00e2bles ont \u00e9t\u00e9 d\u00e9rob\u00e9s, selon Vosges Matin. Le pr\u00e9judice de la soci\u00e9t\u00e9 exploitant la station reste en cours d\u2019\u00e9valuation mais atteint d\u00e9j\u00e0 200.000 euros, selon le parquet.<\/p>\n<p>Jug\u00e9s dans le cadre d\u2019une comparution sur reconnaissance pr\u00e9alable de culpabilit\u00e9, les quatre hommes ont \u00e9cop\u00e9 de trois ans de prison, dont 24 ou 27 mois assortis d\u2019un sursis probatoire selon les cas, ainsi que de 5.000 euros d\u2019amende chacun. Originaires du <a href=\"https:\/\/www.20minutes.fr\/dossier\/territoire-belfort\" target=\"_blank\" class=\"c-link c-link--is-underlined\" rel=\"nofollow noopener\">Territoire de Belfort<\/a>, ils ne sont \u00ab\u00a0pas ou peu connus des services de police et de la justice\u00a0\u00bb.<\/p>\n","protected":false},"excerpt":{"rendered":"La revente du cuivre a conduit quatre hommes devant la justice. Ils ont \u00e9t\u00e9 condamn\u00e9s vendredi 4\u00a0septembre apr\u00e8s&hellip;\n","protected":false},"author":2,"featured_media":1167844,"comment_status":"","ping_status":"","sticky":false,"template":"","format":"standard","meta":{"footnotes":"","_share_on_mastodon":"0"},"categories":[4],"tags":[47,11,961,1011,27,775,303,776,12,2694,25,10912,774],"class_list":["post-1167843","post","type-post","status-publish","format-standard","has-post-thumbnail","category-france","tag-actualite","tag-actualites","tag-cuivre","tag-fr","tag-france","tag-grand-est","tag-justice","tag-lorraine","tag-news","tag-proces","tag-republique-francaise","tag-voleur","tag-vosges"],"share_on_mastodon":{"url":"https:\/\/pubeurope.com\/@fr\/117215491979055290","error":""},"_links":{"self":[{"href":"https:\/\/www.europesays.com\/fr\/wp-json\/wp\/v2\/posts\/1167843","targetHints":{"allow":["GET"]}}],"collection":[{"href":"https:\/\/www.europesays.com\/fr\/wp-json\/wp\/v2\/posts"}],"about":[{"href":"https:\/\/www.europesays.com\/fr\/wp-json\/wp\/v2\/types\/post"}],"author":[{"embeddable":true,"href":"https:\/\/www.europesays.com\/fr\/wp-json\/wp\/v2\/users\/2"}],"replies":[{"embeddable":true,"href":"https:\/\/www.europesays.com\/fr\/wp-json\/wp\/v2\/comments?post=1167843"}],"version-history":[{"count":0,"href":"https:\/\/www.europesays.com\/fr\/wp-json\/wp\/v2\/posts\/1167843\/revisions"}],"wp:featuredmedia":[{"embeddable":true,"href":"https:\/\/www.europesays.com\/fr\/wp-json\/wp\/v2\/media\/1167844"}],"wp:attachment":[{"href":"https:\/\/www.europesays.com\/fr\/wp-json\/wp\/v2\/media?parent=1167843"}],"wp:term":[{"taxonomy":"category","embeddable":true,"href":"https:\/\/www.europesays.com\/fr\/wp-json\/wp\/v2\/categories?post=1167843"},{"taxonomy":"post_tag","embeddable":true,"href":"https:\/\/www.europesays.com\/fr\/wp-json\/wp\/v2\/tags?post=1167843"}],"curies":[{"name":"wp","href":"https:\/\/api.w.org\/{rel}","templated":true}]}}