{"id":116785,"date":"2025-05-21T11:55:09","date_gmt":"2025-05-21T11:55:09","guid":{"rendered":"https:\/\/www.europesays.com\/fr\/116785\/"},"modified":"2025-05-21T11:55:09","modified_gmt":"2025-05-21T11:55:09","slug":"un-homme-dans-un-etat-grave-apres-une-chute-de-trois-etages-depuis-un-logement-airbnb","status":"publish","type":"post","link":"https:\/\/www.europesays.com\/fr\/116785\/","title":{"rendered":"un homme dans un \u00e9tat grave apr\u00e8s une chute de trois \u00e9tages, depuis un logement Airbnb"},"content":{"rendered":"<p>Les secours sont intervenus en urgence dans le centre-ville de Nantes (<a target=\"_self\" href=\"https:\/\/www.lanouvellerepublique.fr\/loire-atlantique\" rel=\"noopener\">Loire-Atlantique<\/a>), dans la nuit du lundi 19 au mardi 20\u00a0mai 2025. Ils ont pris en charge un homme de 33\u00a0ans qui avait chut\u00e9 du troisi\u00e8me \u00e9tage d\u2019un immeuble, rapporte <a target=\"_blank\" href=\"https:\/\/www.ouest-france.fr\/societe\/faits-divers\/un-trentenaire-entre-la-vie-et-la-mort-apres-une-chute-du-troisieme-etage-a-nantes-07087478-3546-11f0-a239-9c8da3da27ee\" rel=\"noopener\">Ouest-France<\/a>. La victime, inconsciente \u00e0 l\u2019arriv\u00e9e des pompiers, a \u00e9t\u00e9 transf\u00e9r\u00e9e dans un \u00e9tat critique au CHU. Son pronostic vital \u00e9tait toujours engag\u00e9 mardi matin, selon <a target=\"_blank\" href=\"https:\/\/www.lefigaro.fr\/nantes\/nantes-ivre-un-homme-chute-du-3e-etage-d-un-logement-airbnb-20250520\" rel=\"noopener\">Le Figaro<\/a>.<\/p>\n<p>Une soir\u00e9e tr\u00e8s alcoolis\u00e9e<\/p>\n<p>Le trentenaire avait lou\u00e9 un appartement sur Airbnb avec un coll\u00e8gue de travail. Les deux hommes devaient suivre une formation \u00e0 Nantes. Ils auraient fait la tourn\u00e9e des bars lundi soir avant de poursuivre leur consommation d\u2019alcool dans le logement. L\u2019un d\u2019eux serait ensuite sorti sur le balcon pour fumer une cigarette avant de basculer dans le vide et de tomber d\u2019une dizaine de m\u00e8tres.<\/p>\n<p>Une enqu\u00eate a \u00e9t\u00e9 ouverte par la police pour \u00ab\u00a0tentative d\u2019homicide\u00a0\u00bb. Le coll\u00e8gue, \u00e2g\u00e9 de 35\u00a0ans, a \u00e9t\u00e9 plac\u00e9 en cellule de d\u00e9grisement avant une garde \u00e0 vue. Cependant, la piste de l\u2019accident reste privil\u00e9gi\u00e9e par les enqu\u00eateurs.<\/p>\n","protected":false},"excerpt":{"rendered":"Les secours sont intervenus en urgence dans le centre-ville de Nantes (Loire-Atlantique), dans la nuit du lundi 19&hellip;\n","protected":false},"author":2,"featured_media":116786,"comment_status":"","ping_status":"","sticky":false,"template":"","format":"standard","meta":{"footnotes":""},"categories":[2818],"tags":[1111,11,1674,1777,674,274,1011,27,3047,766,12,2636,25],"class_list":{"0":"post-116785","1":"post","2":"type-post","3":"status-publish","4":"format-standard","5":"has-post-thumbnail","7":"category-nantes","8":"tag-actu","9":"tag-actualites","10":"tag-communes","11":"tag-eu","12":"tag-europe","13":"tag-faits-divers-justice","14":"tag-fr","15":"tag-france","16":"tag-loire-atlantique","17":"tag-nantes","18":"tag-news","19":"tag-pays-de-la-loire","20":"tag-republique-francaise"},"share_on_mastodon":{"url":"https:\/\/pubeurope.com\/@fr\/114545696939614802","error":""},"_links":{"self":[{"href":"https:\/\/www.europesays.com\/fr\/wp-json\/wp\/v2\/posts\/116785","targetHints":{"allow":["GET"]}}],"collection":[{"href":"https:\/\/www.europesays.com\/fr\/wp-json\/wp\/v2\/posts"}],"about":[{"href":"https:\/\/www.europesays.com\/fr\/wp-json\/wp\/v2\/types\/post"}],"author":[{"embeddable":true,"href":"https:\/\/www.europesays.com\/fr\/wp-json\/wp\/v2\/users\/2"}],"replies":[{"embeddable":true,"href":"https:\/\/www.europesays.com\/fr\/wp-json\/wp\/v2\/comments?post=116785"}],"version-history":[{"count":0,"href":"https:\/\/www.europesays.com\/fr\/wp-json\/wp\/v2\/posts\/116785\/revisions"}],"wp:featuredmedia":[{"embeddable":true,"href":"https:\/\/www.europesays.com\/fr\/wp-json\/wp\/v2\/media\/116786"}],"wp:attachment":[{"href":"https:\/\/www.europesays.com\/fr\/wp-json\/wp\/v2\/media?parent=116785"}],"wp:term":[{"taxonomy":"category","embeddable":true,"href":"https:\/\/www.europesays.com\/fr\/wp-json\/wp\/v2\/categories?post=116785"},{"taxonomy":"post_tag","embeddable":true,"href":"https:\/\/www.europesays.com\/fr\/wp-json\/wp\/v2\/tags?post=116785"}],"curies":[{"name":"wp","href":"https:\/\/api.w.org\/{rel}","templated":true}]}}