{"id":1167860,"date":"2026-09-05T00:12:19","date_gmt":"2026-09-05T00:12:19","guid":{"rendered":"https:\/\/www.europesays.com\/fr\/1167860\/"},"modified":"2026-09-05T00:12:19","modified_gmt":"2026-09-05T00:12:19","slug":"meteo-montpellier-previsions-du-samedi-5-septembre-2026","status":"publish","type":"post","link":"https:\/\/www.europesays.com\/fr\/1167860\/","title":{"rendered":"M\u00e9t\u00e9o Montpellier : pr\u00e9visions du samedi 5 septembre 2026"},"content":{"rendered":"<p>Montpellier aura le plaisir de pouvoir profiter d&rsquo;une belle journ\u00e9e ensoleill\u00e9e. Il va faire 26\u00b0C en moyenne. Les valeurs s&rsquo;\u00e9chelonneront entre 24 et 27\u00b0C le matin. Un vent de nord rafra\u00eechira un peu l&rsquo;atmosph\u00e8re. Les temp\u00e9ratures afficheront entre 27 et 28\u00b0C pendant l&rsquo;apr\u00e8s-midi. Le soir, on anticipe des valeurs avoisinant 28\u00b0C. Le passage de samedi \u00e0 dimanche s&rsquo;effectuera sous un ciel clair.<\/p>\n<p>Demain, les temp\u00e9ratures seront comprises entre 24 et 28\u00b0C \u00e0 Montpellier. Une petite brise de sud sera ressentie par les habitants. On annonce une embellie pour cette matin\u00e9e. Les valeurs seront de 26\u00b0C. Le soleil sera dominant, la promesse d&rsquo;un magnifique apr\u00e8s-midi ! Les maximales iront jusqu&rsquo;\u00e0 28\u00b0C tandis que les minimales seront de 25\u00b0C. Demain soir, le mercure affichera 25\u00b0C en moyenne.<\/p>\n<p>Les jours se suivent et ne changent pas. On pr\u00e9voit des journ\u00e9es ensoleill\u00e9es, accompagn\u00e9es par des temp\u00e9ratures dans les 27\u00b0C en moyenne.<\/p>\n<p><\/p>\n","protected":false},"excerpt":{"rendered":"Montpellier aura le plaisir de pouvoir profiter d&rsquo;une belle journ\u00e9e ensoleill\u00e9e. Il va faire 26\u00b0C en moyenne. Les&hellip;\n","protected":false},"author":2,"featured_media":1167861,"comment_status":"","ping_status":"","sticky":false,"template":"","format":"standard","meta":{"footnotes":"","_share_on_mastodon":"0"},"categories":[9599],"tags":[1111,11,1777,674,1011,27,2208,12,2680,2119,25],"class_list":["post-1167860","post","type-post","status-publish","format-standard","has-post-thumbnail","category-montpellier","tag-actu","tag-actualites","tag-eu","tag-europe","tag-fr","tag-france","tag-montpellier","tag-news","tag-occitanie","tag-previsions-meteo","tag-republique-francaise"],"share_on_mastodon":{"url":"https:\/\/pubeurope.com\/@fr\/117215543334110079","error":""},"_links":{"self":[{"href":"https:\/\/www.europesays.com\/fr\/wp-json\/wp\/v2\/posts\/1167860","targetHints":{"allow":["GET"]}}],"collection":[{"href":"https:\/\/www.europesays.com\/fr\/wp-json\/wp\/v2\/posts"}],"about":[{"href":"https:\/\/www.europesays.com\/fr\/wp-json\/wp\/v2\/types\/post"}],"author":[{"embeddable":true,"href":"https:\/\/www.europesays.com\/fr\/wp-json\/wp\/v2\/users\/2"}],"replies":[{"embeddable":true,"href":"https:\/\/www.europesays.com\/fr\/wp-json\/wp\/v2\/comments?post=1167860"}],"version-history":[{"count":0,"href":"https:\/\/www.europesays.com\/fr\/wp-json\/wp\/v2\/posts\/1167860\/revisions"}],"wp:featuredmedia":[{"embeddable":true,"href":"https:\/\/www.europesays.com\/fr\/wp-json\/wp\/v2\/media\/1167861"}],"wp:attachment":[{"href":"https:\/\/www.europesays.com\/fr\/wp-json\/wp\/v2\/media?parent=1167860"}],"wp:term":[{"taxonomy":"category","embeddable":true,"href":"https:\/\/www.europesays.com\/fr\/wp-json\/wp\/v2\/categories?post=1167860"},{"taxonomy":"post_tag","embeddable":true,"href":"https:\/\/www.europesays.com\/fr\/wp-json\/wp\/v2\/tags?post=1167860"}],"curies":[{"name":"wp","href":"https:\/\/api.w.org\/{rel}","templated":true}]}}