{"id":1167874,"date":"2026-09-05T00:21:29","date_gmt":"2026-09-05T00:21:29","guid":{"rendered":"https:\/\/www.europesays.com\/fr\/1167874\/"},"modified":"2026-09-05T00:21:29","modified_gmt":"2026-09-05T00:21:29","slug":"alsace-mort-de-tony-gatlif-le-realisateur-avait-tourne-a-plusieurs-reprises-dans-la-region","status":"publish","type":"post","link":"https:\/\/www.europesays.com\/fr\/1167874\/","title":{"rendered":"Alsace. Mort de Tony Gatlif : le r\u00e9alisateur avait tourn\u00e9 \u00e0 plusieurs reprises dans la r\u00e9gion"},"content":{"rendered":"<p>Pour le r\u00e9alisateur Tony Gatlif, <a href=\"https:\/\/www.dna.fr\/culture-loisirs\/2026\/09\/04\/i-gadgo-dilo-i-i-exils-i-le-cineaste-et-comedien-francais-tony-gatlif-est-mort\" target=\"_blank\" rel=\"nofollow noopener\">disparu ce mercredi<\/a> , l\u2019Alsace, est \u00ab\u00a0un peu le berceau de la musique manouche\u00a0\u00bb, confiait-il dans nos colonnes en 2001. Le septuag\u00e9naire laisse derri\u00e8re lui un <a href=\"https:\/\/www.dna.fr\/culture-loisirs\/2019\/10\/28\/tony-gatlif-quatre-decennies-pour-un-chant-gitan\" target=\"_blank\" rel=\"nofollow noopener\"> important h\u00e9ritage sur la culture gitane<\/a> de France et a marqu\u00e9 le territoire alsacien de son empreinte.\u00a0Comme \u00e0 travers le tournage de plusieurs de ses \u0153uvres telles que Je suis n\u00e9 d\u2019une cigogne , long-m\u00e9trage sorti en 1998. \u00ab\u00a0Je me souviens l\u2019avoir crois\u00e9 \u00e0 Barr, je n\u2019en revenais pas\u00a0\u00bb, se souvient le musicien compositeur guitariste manouche alsacien, Eng\u00e9 Helmstetter. L\u2019artiste rend un hommage \u00e9mu \u00e0 ce personnage \u00ab\u00a0tr\u00e8s important de la culture tzigane, un des seuls \u00e0 l\u2019avoir mise au c\u0153ur de son travail\u00a0\u00bb.<\/p>\n<p>Raconter l\u2019histoire complexe et diverse de son peuple \u00e0 travers sa musique et son esth\u00e9tique, tel a \u00e9t\u00e9 le travail du r\u00e9alisateur. Pour cela, Tony Gatlif a fait jouer dans ses films des membres de la communaut\u00e9, comme dans Swing , tourn\u00e9 en 2001 \u00e0 Lucelle dans le Sundau et \u00e0 Strasbourg.<\/p>\n<p>Le film raconte l\u2019histoire d\u2019un gar\u00e7on passionn\u00e9 de guitare jazz manouche d\u00e9couvrant l\u2019amiti\u00e9 et une autre culture. Pour raconter cette histoire, mais aussi celle de l\u2019holocauste v\u00e9cu par les gens du voyage, le r\u00e9alisateur a confi\u00e9 \u00e0 <a href=\"https:\/\/www.dna.fr\/culture-loisirs\/2026\/08\/15\/une-berceuse-musicale-pour-voyager-jusqu-au-mexique\" target=\"_blank\" rel=\"nofollow noopener\">Tchavolo Schmitt<\/a> et \u00e0 Mandino Reinhart, deux c\u00e9l\u00e8bres guitaristes alsaciens de jazz manouche, la t\u00e2che de jouer leur propre personnage.<\/p>\n","protected":false},"excerpt":{"rendered":"Pour le r\u00e9alisateur Tony Gatlif, disparu ce mercredi , l\u2019Alsace, est \u00ab\u00a0un peu le berceau de la musique&hellip;\n","protected":false},"author":2,"featured_media":1167875,"comment_status":"","ping_status":"","sticky":false,"template":"","format":"standard","meta":{"footnotes":"","_share_on_mastodon":"0"},"categories":[2820],"tags":[1111,11,2389,9223,650,1687,1777,674,107,1011,27,775,873,1391,12,25,104,640],"class_list":["post-1167874","post","type-post","status-publish","format-standard","has-post-thumbnail","category-strasbourg","tag-actu","tag-actualites","tag-alsace","tag-carnet-du-jour","tag-cinema","tag-culture-loisirs","tag-eu","tag-europe","tag-fil-info","tag-fr","tag-france","tag-grand-est","tag-musique","tag-necrologie","tag-news","tag-republique-francaise","tag-societe","tag-strasbourg"],"share_on_mastodon":{"url":"https:\/\/pubeurope.com\/@fr\/117215578255048368","error":""},"_links":{"self":[{"href":"https:\/\/www.europesays.com\/fr\/wp-json\/wp\/v2\/posts\/1167874","targetHints":{"allow":["GET"]}}],"collection":[{"href":"https:\/\/www.europesays.com\/fr\/wp-json\/wp\/v2\/posts"}],"about":[{"href":"https:\/\/www.europesays.com\/fr\/wp-json\/wp\/v2\/types\/post"}],"author":[{"embeddable":true,"href":"https:\/\/www.europesays.com\/fr\/wp-json\/wp\/v2\/users\/2"}],"replies":[{"embeddable":true,"href":"https:\/\/www.europesays.com\/fr\/wp-json\/wp\/v2\/comments?post=1167874"}],"version-history":[{"count":0,"href":"https:\/\/www.europesays.com\/fr\/wp-json\/wp\/v2\/posts\/1167874\/revisions"}],"wp:featuredmedia":[{"embeddable":true,"href":"https:\/\/www.europesays.com\/fr\/wp-json\/wp\/v2\/media\/1167875"}],"wp:attachment":[{"href":"https:\/\/www.europesays.com\/fr\/wp-json\/wp\/v2\/media?parent=1167874"}],"wp:term":[{"taxonomy":"category","embeddable":true,"href":"https:\/\/www.europesays.com\/fr\/wp-json\/wp\/v2\/categories?post=1167874"},{"taxonomy":"post_tag","embeddable":true,"href":"https:\/\/www.europesays.com\/fr\/wp-json\/wp\/v2\/tags?post=1167874"}],"curies":[{"name":"wp","href":"https:\/\/api.w.org\/{rel}","templated":true}]}}