{"id":1167876,"date":"2026-09-05T00:23:22","date_gmt":"2026-09-05T00:23:22","guid":{"rendered":"https:\/\/www.europesays.com\/fr\/1167876\/"},"modified":"2026-09-05T00:23:22","modified_gmt":"2026-09-05T00:23:22","slug":"meteo-strasbourg-previsions-du-samedi-5-septembre-2026","status":"publish","type":"post","link":"https:\/\/www.europesays.com\/fr\/1167876\/","title":{"rendered":"M\u00e9t\u00e9o Strasbourg : pr\u00e9visions du samedi 5 septembre 2026"},"content":{"rendered":"<p>Aujourd&rsquo;hui, on pr\u00e9voit pour Strasbourg des valeurs avoisinant 23\u00b0C. La matin\u00e9e va rester voil\u00e9e \u00e0 cause de nuages qui se maintiennent dans le ciel. Du mauvais temps est \u00e0 pr\u00e9voir. Des pluies \u00e9parses vont tomber. Il va faire environ 20\u00b0C. Un modeste vent de sud-ouest sera ressenti par les habitants. Des \u00e9claircies sont attendues : on passera un apr\u00e8s-midi agr\u00e9able. C&rsquo;est une hausse de plusieurs degr\u00e9s que vont conna\u00eetre les temp\u00e9ratures. Ces valeurs afficheront entre 25\u00b0C et 27\u00b0C. Une nuit claire vous attendra entre samedi et dimanche.<\/p>\n<p>Demain, le soleil sera dissimul\u00e9 derri\u00e8re des nuages \u00e0 Strasbourg, o\u00f9 le temps sera couvert. Les temp\u00e9ratures vont descendre de quelques degr\u00e9s. Le thermom\u00e8tre affichera 20\u00b0C en moyenne. D&rsquo;un autre c\u00f4t\u00e9, la matin\u00e9e qui s&rsquo;annonce, promet d&rsquo;\u00eatre belle et ensoleill\u00e9e ! Les valeurs tourneront autour des 17\u00b0C. Une l\u00e9g\u00e8re brise de nord-est soufflera. Un ciel voil\u00e9 avec une apparition de nuages est annonc\u00e9 dans l&rsquo;apr\u00e8s-midi. En revanche, les temp\u00e9ratures vont enregistrer une augmentation de plusieurs degr\u00e9s. Les valeurs seront comprises entre 24 et 27\u00b0C. Toujours de la grisaille demain soir. Les nuages vont stationner. Les temp\u00e9ratures tourneront autour des 24\u00b0C. Un vent de nord-est rafra\u00eechira l\u00e9g\u00e8rement l&rsquo;atmosph\u00e8re.<\/p>\n<p>Les conditions m\u00e9t\u00e9orologiques seront relativement mitig\u00e9es les jours suivants. La m\u00e9t\u00e9o sera pluvieuse lundi mais elle conna\u00eetra une am\u00e9lioration mardi.<\/p>\n<p><\/p>\n","protected":false},"excerpt":{"rendered":"Aujourd&rsquo;hui, on pr\u00e9voit pour Strasbourg des valeurs avoisinant 23\u00b0C. La matin\u00e9e va rester voil\u00e9e \u00e0 cause de nuages&hellip;\n","protected":false},"author":2,"featured_media":1167877,"comment_status":"","ping_status":"","sticky":false,"template":"","format":"standard","meta":{"footnotes":"","_share_on_mastodon":"0"},"categories":[2820],"tags":[1111,11,1777,674,1011,27,775,12,2119,25,640],"class_list":["post-1167876","post","type-post","status-publish","format-standard","has-post-thumbnail","category-strasbourg","tag-actu","tag-actualites","tag-eu","tag-europe","tag-fr","tag-france","tag-grand-est","tag-news","tag-previsions-meteo","tag-republique-francaise","tag-strasbourg"],"share_on_mastodon":{"url":"https:\/\/pubeurope.com\/@fr\/117215586082026128","error":""},"_links":{"self":[{"href":"https:\/\/www.europesays.com\/fr\/wp-json\/wp\/v2\/posts\/1167876","targetHints":{"allow":["GET"]}}],"collection":[{"href":"https:\/\/www.europesays.com\/fr\/wp-json\/wp\/v2\/posts"}],"about":[{"href":"https:\/\/www.europesays.com\/fr\/wp-json\/wp\/v2\/types\/post"}],"author":[{"embeddable":true,"href":"https:\/\/www.europesays.com\/fr\/wp-json\/wp\/v2\/users\/2"}],"replies":[{"embeddable":true,"href":"https:\/\/www.europesays.com\/fr\/wp-json\/wp\/v2\/comments?post=1167876"}],"version-history":[{"count":0,"href":"https:\/\/www.europesays.com\/fr\/wp-json\/wp\/v2\/posts\/1167876\/revisions"}],"wp:featuredmedia":[{"embeddable":true,"href":"https:\/\/www.europesays.com\/fr\/wp-json\/wp\/v2\/media\/1167877"}],"wp:attachment":[{"href":"https:\/\/www.europesays.com\/fr\/wp-json\/wp\/v2\/media?parent=1167876"}],"wp:term":[{"taxonomy":"category","embeddable":true,"href":"https:\/\/www.europesays.com\/fr\/wp-json\/wp\/v2\/categories?post=1167876"},{"taxonomy":"post_tag","embeddable":true,"href":"https:\/\/www.europesays.com\/fr\/wp-json\/wp\/v2\/tags?post=1167876"}],"curies":[{"name":"wp","href":"https:\/\/api.w.org\/{rel}","templated":true}]}}